{"id":301365,"date":"2025-12-22T11:35:17","date_gmt":"2025-12-22T11:35:17","guid":{"rendered":"https:\/\/www.europesays.com\/es\/301365\/"},"modified":"2025-12-22T11:35:17","modified_gmt":"2025-12-22T11:35:17","slug":"ven-a-disfrutar-con-la-guardia-urbana-y-los-bomberos-de-barcelona-en-el-festival-de-la-infancia-distrito-de-horta-guinardo","status":"publish","type":"post","link":"https:\/\/www.europesays.com\/es\/301365\/","title":{"rendered":"\u00a1Ven a disfrutar con la Guardia Urbana y los Bomberos de Barcelona en el Festival de la Infancia! | Distrito de Horta-Guinard\u00f3"},"content":{"rendered":"<p>Los dos cuerpos estar\u00e1n presentes todos los d\u00edas del festival, <strong>del 27 al 31 de diciembre, en el recinto ferial de Montju\u00efc<\/strong> (junto a la plaza de Espanya), tanto en el palacio 2 como en la plaza del Univers, con el horario siguiente:<\/p>\n<ul>\n<li><strong>Ma\u00f1anas:<\/strong> de 10.00 a 15.00 horas.<\/li>\n<li><strong>Tardes:<\/strong> de 16.00 a 21.00 horas (excepto el d\u00eda 31, en que no se abrir\u00e1 por la tarde).<\/li>\n<\/ul>\n<p><strong>Actividades de Bomberos de Barcelona<\/strong><\/p>\n<p>En la plaza del Univers, <strong>Bomberos de Barcelona tendr\u00e1 el veh\u00edculo pedag\u00f3gico PREvenim!<\/strong>, que est\u00e1 equipado con herramientas reales de intervenci\u00f3n, materiales para practicar la extinci\u00f3n de fuegos peque\u00f1os y equipo audiovisual para llevar a cabo actividades educativas.<\/p>\n<p>El objetivo es explicar a los ni\u00f1os, de forma did\u00e1ctica, c\u00f3mo actuar en caso de emergencia, con consejos pr\u00e1cticos para saber qu\u00e9 hay que hacer cuando se produzca un incendio.<\/p>\n<p>Ni\u00f1os y ni\u00f1as tambi\u00e9n podr\u00e1n subir a un cami\u00f3n de Bomberos de Barcelona y ver c\u00f3mo funcionan de primera mano, as\u00ed como probarse los uniformes que utiliza el cuerpo en sus servicios.<\/p>\n<p>En el estand, los ni\u00f1os tambi\u00e9n podr\u00e1n hacer varias manualidades, como pintar l\u00e1minas de dibujo y montar un peque\u00f1o cami\u00f3n de cart\u00f3n.<\/p>\n<p><strong>Actividades de la Guardia Urbana de Barcelona<\/strong><\/p>\n<p>Por su parte, la <strong>Guardia Urbana de Barcelona<\/strong> tambi\u00e9n estar\u00e1 presente en la plaza del Univers. Los ni\u00f1os y ni\u00f1as podr\u00e1n subir a un veh\u00edculo policial destinado a la prevenci\u00f3n e investigaci\u00f3n de los siniestros de tr\u00e1fico e, incluso, hablar por el canal de radio de los y las agentes.<\/p>\n<p>La <strong>Unidad Montada<\/strong> participar\u00e1 todos los d\u00edas del festival, de 10.30 a 12.30 horas y de 15.30 a 17.30 horas, con un taller en el cual los agentes explicar\u00e1n las tareas diarias de esta unidad, as\u00ed como lo que implica tener cuidado de los animales. Al acabar, los ni\u00f1os y ni\u00f1as podr\u00e1n acariciar y peinar los caballos.<\/p>\n<p>Adem\u00e1s, la <strong>Unidad de Refuerzo a la Emergencia y la Proximidad (UREP) con la Secci\u00f3n Canina<\/strong> har\u00e1 una <strong>exhibici\u00f3n de bienestar animal los d\u00edas 27 y 30 de diciembre, a las 11.30 horas<\/strong>.<\/p>\n<p>En el estand interior, los ni\u00f1os tambi\u00e9n dispondr\u00e1n de un espacio donde podr\u00e1n hacer varias manualidades, as\u00ed como subir a una moto y un quad policiales.<\/p>\n<p>Los ni\u00f1os y ni\u00f1as podr\u00e1n disfrutar, en el <strong>Festival de la Infancia<\/strong>, de actividades l\u00fadicas, deportivas, creativas, culturales y solidarias, dirigidas a ni\u00f1os y ni\u00f1as de entre 0 y 12 a\u00f1os, en un \u00e1rea de 20.000 m\u00b2. Las entradas se pueden comprar directamente en las taquillas o bien en el <a href=\"https:\/\/registration.firabarcelona.com\/?utm_source=web_principal&amp;utm_medium=enlace&amp;utm_campaign=venta_entradas#\/tickets\/selection-list\" rel=\"nofollow noopener\" target=\"_blank\">web<\/a>.<\/p>\n","protected":false},"excerpt":{"rendered":"Los dos cuerpos estar\u00e1n presentes todos los d\u00edas del festival, del 27 al 31 de diciembre, en el&hellip;\n","protected":false},"author":2,"featured_media":301366,"comment_status":"","ping_status":"","sticky":false,"template":"","format":"standard","meta":{"footnotes":""},"categories":[5],"tags":[17,18,25,24,13,14,11,19,20,9,10,15,16,23,12,21,22],"class_list":{"0":"post-301365","1":"post","2":"type-post","3":"status-publish","4":"format-standard","5":"has-post-thumbnail","7":"category-titulares","8":"tag-breaking-news","9":"tag-breakingnews","10":"tag-es","11":"tag-espana","12":"tag-featured-news","13":"tag-featurednews","14":"tag-headlines","15":"tag-latest-news","16":"tag-latestnews","17":"tag-news","18":"tag-noticias","19":"tag-noticias-destacadas","20":"tag-noticiasdestacadas","21":"tag-spain","22":"tag-titulares","23":"tag-ultimas-noticias","24":"tag-ultimasnoticias"},"share_on_mastodon":{"url":"https:\/\/pubeurope.com\/@es\/115763014778294648","error":""},"_links":{"self":[{"href":"https:\/\/www.europesays.com\/es\/wp-json\/wp\/v2\/posts\/301365","targetHints":{"allow":["GET"]}}],"collection":[{"href":"https:\/\/www.europesays.com\/es\/wp-json\/wp\/v2\/posts"}],"about":[{"href":"https:\/\/www.europesays.com\/es\/wp-json\/wp\/v2\/types\/post"}],"author":[{"embeddable":true,"href":"https:\/\/www.europesays.com\/es\/wp-json\/wp\/v2\/users\/2"}],"replies":[{"embeddable":true,"href":"https:\/\/www.europesays.com\/es\/wp-json\/wp\/v2\/comments?post=301365"}],"version-history":[{"count":0,"href":"https:\/\/www.europesays.com\/es\/wp-json\/wp\/v2\/posts\/301365\/revisions"}],"wp:featuredmedia":[{"embeddable":true,"href":"https:\/\/www.europesays.com\/es\/wp-json\/wp\/v2\/media\/301366"}],"wp:attachment":[{"href":"https:\/\/www.europesays.com\/es\/wp-json\/wp\/v2\/media?parent=301365"}],"wp:term":[{"taxonomy":"category","embeddable":true,"href":"https:\/\/www.europesays.com\/es\/wp-json\/wp\/v2\/categories?post=301365"},{"taxonomy":"post_tag","embeddable":true,"href":"https:\/\/www.europesays.com\/es\/wp-json\/wp\/v2\/tags?post=301365"}],"curies":[{"name":"wp","href":"https:\/\/api.w.org\/{rel}","templated":true}]}}