{"id":301373,"date":"2025-12-22T11:44:13","date_gmt":"2025-12-22T11:44:13","guid":{"rendered":"https:\/\/www.europesays.com\/es\/301373\/"},"modified":"2025-12-22T11:44:13","modified_gmt":"2025-12-22T11:44:13","slug":"la-lesion-de-su-jugador-mas-trascendental","status":"publish","type":"post","link":"https:\/\/www.europesays.com\/es\/301373\/","title":{"rendered":"la lesi\u00f3n de su jugador m\u00e1s trascendental"},"content":{"rendered":"<p data-gtm-element-container=\"modulo-texto-link\" class=\"paragraph\">Adem\u00e1s de perder por 2-1 en el partido del domingo contra el <strong>Aston Villa de Unai Emery<\/strong>, el <strong>Manchester United de R\u00faben Amorim<\/strong> sufri\u00f3 un enorme contratiempo: la lesi\u00f3n de su capit\u00e1n, <strong>Bruno Fernandes<\/strong>.\u00a0<\/p>\n<p data-gtm-element-container=\"modulo-texto-link\" class=\"paragraph\">A\u00fan no se ha dado a conocer el alcance de la lesi\u00f3n del medio portugu\u00e9s, pero<strong> Amorim<\/strong>, entrenador del equipo de Old Trafford, asegur\u00f3 que<strong> Bruno Fernandes <\/strong>ser\u00e1 baja \u00abdurante un tiempo, durante varios partidos, para nosotros es tremendo\u00bb.<\/p>\n<p>                <img loading=\"lazy\" decoding=\"async\" data-full-src=\"https:\/\/www.mundodeportivo.com\/uploads\/2025\/12\/22\/694920dd5d10f.jpeg\" alt=\"Bruno Fernandes, tras lesionarse\" width=\"449\" height=\"300\" src=\"https:\/\/www.europesays.com\/es\/wp-content\/uploads\/2025\/12\/694920dd5d10f.jpeg\" class=\"lazy\"\/><\/p>\n<p class=\"caption-title \">Bruno Fernandes, tras lesionarse<\/p>\n<p>                    EFE<\/p>\n<p data-gtm-element-container=\"modulo-texto-link\" class=\"paragraph\">Diempre seg\u00fan <strong>Amorim, Bruno Fernandes<\/strong> sufri\u00f3 una lesi\u00f3n muscular. Se produjo durante la primera parte del encuentro del domingo en Villa Park. Sigui\u00f3 en el campo hasta el descanso, cuando le relev\u00f3\u00a0<strong>Lisandro Mart\u00ednez.<\/strong><\/p>\n<p data-gtm-element-container=\"modulo-texto-link\" class=\"paragraph\">El<strong> United<\/strong> ya tiene bajas como las de<strong> Bryan Mbeumo, Amad Diallo y Noussair Mazraoui<\/strong>, en la Copa \u00c1frica. <strong>Kobbie Mainoo<\/strong>, que hubiera apuntado a sustituto de <strong>Bruno Fernandes,<\/strong> sufri\u00f3 una lesi\u00f3n en la pierna en un entrenamiento y todo indica que ser\u00e1 baja varias semanas.\u00a0<\/p>\n<p>    Lee tambi\u00e9n<\/p>\n<p data-gtm-element-container=\"modulo-texto-link\" class=\"paragraph\">Para entender lo que supone la baja de <strong>Bruno Fernandes<\/strong> para el <strong>United<\/strong>, baste decir que es su mayor factor creativo. Lleva 5 goles y 7 asistencias esta temporada. En toda su etapa en el <strong>United<\/strong>, s\u00f3lo se ha perdido 2 partidos por lesi\u00f3n y uno por enfermedad.<\/p>\n","protected":false},"excerpt":{"rendered":"Adem\u00e1s de perder por 2-1 en el partido del domingo contra el Aston Villa de Unai Emery, el&hellip;\n","protected":false},"author":2,"featured_media":301374,"comment_status":"","ping_status":"","sticky":false,"template":"","format":"standard","meta":{"footnotes":""},"categories":[268],"tags":[168,25,24,280,282,281,23,167],"class_list":{"0":"post-301373","1":"post","2":"type-post","3":"status-publish","4":"format-standard","5":"has-post-thumbnail","7":"category-futbol","8":"tag-deportes","9":"tag-es","10":"tag-espana","11":"tag-football","12":"tag-futbol","13":"tag-soccer","14":"tag-spain","15":"tag-sports"},"share_on_mastodon":{"url":"https:\/\/pubeurope.com\/@es\/115763050579961734","error":""},"_links":{"self":[{"href":"https:\/\/www.europesays.com\/es\/wp-json\/wp\/v2\/posts\/301373","targetHints":{"allow":["GET"]}}],"collection":[{"href":"https:\/\/www.europesays.com\/es\/wp-json\/wp\/v2\/posts"}],"about":[{"href":"https:\/\/www.europesays.com\/es\/wp-json\/wp\/v2\/types\/post"}],"author":[{"embeddable":true,"href":"https:\/\/www.europesays.com\/es\/wp-json\/wp\/v2\/users\/2"}],"replies":[{"embeddable":true,"href":"https:\/\/www.europesays.com\/es\/wp-json\/wp\/v2\/comments?post=301373"}],"version-history":[{"count":0,"href":"https:\/\/www.europesays.com\/es\/wp-json\/wp\/v2\/posts\/301373\/revisions"}],"wp:featuredmedia":[{"embeddable":true,"href":"https:\/\/www.europesays.com\/es\/wp-json\/wp\/v2\/media\/301374"}],"wp:attachment":[{"href":"https:\/\/www.europesays.com\/es\/wp-json\/wp\/v2\/media?parent=301373"}],"wp:term":[{"taxonomy":"category","embeddable":true,"href":"https:\/\/www.europesays.com\/es\/wp-json\/wp\/v2\/categories?post=301373"},{"taxonomy":"post_tag","embeddable":true,"href":"https:\/\/www.europesays.com\/es\/wp-json\/wp\/v2\/tags?post=301373"}],"curies":[{"name":"wp","href":"https:\/\/api.w.org\/{rel}","templated":true}]}}