{"id":301379,"date":"2025-12-22T11:48:11","date_gmt":"2025-12-22T11:48:11","guid":{"rendered":"https:\/\/www.europesays.com\/es\/301379\/"},"modified":"2025-12-22T11:48:11","modified_gmt":"2025-12-22T11:48:11","slug":"la-oreja-de-van-gogh-estrenara-su-primer-sencillo-desde-la-vuelta-de-amaia-en-un-programa-previo-a-las-campanadas-de-tve-el-mundo","status":"publish","type":"post","link":"https:\/\/www.europesays.com\/es\/301379\/","title":{"rendered":"La Oreja de Van Gogh estrenar\u00e1 su primer sencillo desde la vuelta de Amaia en un programa previo a las Campanadas de TVE &#8211; El Mundo"},"content":{"rendered":"<ol>\n<li><a href=\"https:\/\/news.google.com\/rss\/articles\/CBMihAFBVV95cUxNdmR2bUZtdGl6b1N3VURRRXR4ZlE2bVNMdWJtb2lDVjdrd1o2ZThHQ3gxZ3pkNV9zUnd1WHBRLXR4di04TzlucVMxdUU0RGhJNm9hT243bzFXcm1rUlFCeUkydmVqM2pteWY0ZjktdXk3TTdNMzZmTWRKNzB5UHowYk1Va2vSAYQBQVVfeXFMT09BLTNjaUhqODM2VWxmeTVXSU01aHpRbnpncTBiUGRGLUlhelhic3pOcWRHTlI5YjFrbC1ZSk5aQ0dSSFU1TUpKdDc3elZOZHp0YmN0VDNyc1k5WTJuc0hRb3Z4b1JZVEJheUlvUGxOeGtaYXB1R1FJZ0xQX1J3M05EcExx?oc=5\" target=\"_blank\" rel=\"nofollow noopener\">La Oreja de Van Gogh estrenar\u00e1 su primer sencillo desde la vuelta de Amaia en un programa previo a las Campanadas de TVE<\/a>&nbsp;&nbsp;El Mundo<\/li>\n<li><a href=\"https:\/\/news.google.com\/rss\/articles\/CBMirgFBVV95cUxPVUdrREVIR2xxZ0FVWEl3UWJwM1E5bWNxSkxldlRQeE9LcHl4WjUteG53NnF4a0FNUVBjMUpHZHFwMi1iWTNIYzJYZHh5aVFoc1NBZndIalM0WEthZjZVMGZpMWJZUXZvY1VDUHpSWVVFaGdhczUxX3ZhSS1PeXdoQUN1YVRMcGpVaVl6R2d1NEs4dnduZHI4Zm45OFVQTV9IeURCem1VaGJTT1Npb3c?oc=5\" target=\"_blank\" rel=\"nofollow noopener\">Amaia Montero y La Oreja de Van Gogh adelantan su regreso: fecha y hora de su actuaci\u00f3n en Televisi\u00f3n Espa\u00f1ola<\/a>&nbsp;&nbsp;Vanitatis<\/li>\n<li><a href=\"https:\/\/news.google.com\/rss\/articles\/CBMilAFBVV95cUxNaFc4OVpXLUI4eUU3SHZONTl0UEVfTTFqbmJMZnpnZHR6R0sweDRPWmUxQ3NMNFU2UmgzdXJWT04zSU1IVmJqaTJET0hGX0dlMGNMaFQxT1FQV09ubWtLRTF1cjVMdDBfSVlfMEVsN1k4NFNhQW44amZQN2tDaGtWaXRNa1dpdlhKei1mbmZHYi01SDRJ0gGaAUFVX3lxTE1JRFh5Zm5hMmRsU0ZGakxjM1pJVG9LcG0wMUtUXzE2Qmp3UGhTQnVybEFhSFdQWWpZa1hTQkV5di1Gd0h0dXZIMXJ6VjU4NFgwSzVqLURMakxRM2JrYTlqQkxaSVdwbV85WmZrZjFiV3ZBQjY5N3NPa2xWaDEtMGl3N092bnNleEc0QkY5aDYtRHc4NG9SYW5WcUE?oc=5\" target=\"_blank\" rel=\"nofollow noopener\">La Oreja de Van Gogh tambi\u00e9n estar\u00e1 en las campanadas de TVE<\/a>&nbsp;&nbsp;El Correo Gallego<\/li>\n<li><a href=\"https:\/\/news.google.com\/rss\/articles\/CBMiywFBVV95cUxPWUJzaGpFUkZOUl9SOWxJVDNHYVQ0VWlabnBfU2EwUE8yd1VyRUViejhabkpDSmJjUVF0V2J0MnBTRFg5WUVRVGlMTzJZcm9zNjh4bjFoNDExUGFLU0w4LTd6anlJVEE1YTNHWG4yWkxhUmRBVjNwSkZwXzZlaGV1TU0yOTdOOXpqZ01TT0ZSOERYQThXeUNsRE1iLWswLVlIOFpWaFRuLXVxR0tMVXBsZEYxVVhmc21HbWswdS1tV3FiM0F6NWpIWWFkaw?oc=5\" target=\"_blank\" rel=\"nofollow noopener\">La Oreja de Van Gogh estrenar\u00e1 su nueva canci\u00f3n antes de las campanadas de Nochevieja en TVE<\/a>&nbsp;&nbsp;El Diario Vasco<\/li>\n<li><a href=\"https:\/\/news.google.com\/rss\/articles\/CBMiigJBVV95cUxQV3haaW12MlpPd1NJb05LMGN2dU5VQXFrQjN2VzlVMmNyOUVRWi0zT0FUNU40c0VidlRVbHh5Q1o0QmtOUlRNdGg0anZxVFJ6UkhtcWgtZk1GZE5iWjlHZFo1YVpXOHZaMGlZSm1ILW9xUmJBZXN3TzA2b0FPbV9nVGp1c0tBT0ItcWs2aVp0VUZNRXNPeVN5aEo2bmdCdUZiSWV1RFljdlg0aU16aGpXTUx0TEVUUzBfR3B3VGV6bk5ETjVHX01VM3Y1RDF5NERkSnB2VlB3dlFHY3RSN1ZxUEpDZTg5Q3pZenkwbWN4Ny1KMDE5SVdNd1M0TlFadjkwRTRBMFl1SlUzQdIBngJBVV95cUxOdFBKcGFtQi1FNEdwbC1jZEhvcE5rWUwwcHE2OGw0VTNTWXUwaEVydkh0MERyc0I2LVJzemhxZ1pLeHNxM1pNZDJVaUNuQ2o4aGRGSlp5UzlaTFh5aU9NVVNuUnQ5ZkF3YXVoQ29VS0ZrQTUtX1hqY1BHNGlNTXY1R1FYUEFxdGMzbzgzdExyaVlsUEx4T0NvM3I3Sml1bXpmcENWOGxreWhuTUs0eGREVkpYVDlka1d5N1luYWhGREZFSWU2eVFJLWJGR1lLMTh6MXJBZGJCZEVtcWY0VFRkbThBbDdkbUVCZGhLTkpuSjRCaVRpVlJfX09BQThBbWxnalZFNzY3WUxGYkFqZnNhUVJiWUllejFMRTZYelNn?oc=5\" target=\"_blank\" rel=\"nofollow noopener\">RTVE anuncia una Nochevieja hist\u00f3rica: &#8216;La Oreja de Van Gogh&#8217; estrenar\u00e1 su nuevo single con el regreso de<\/a>&nbsp;&nbsp;La Raz\u00f3n<\/li>\n<\/ol>\n","protected":false},"excerpt":{"rendered":"La Oreja de Van Gogh estrenar\u00e1 su primer sencillo desde la vuelta de Amaia en un programa previo&hellip;\n","protected":false},"author":2,"featured_media":301380,"comment_status":"","ping_status":"","sticky":false,"template":"","format":"standard","meta":{"footnotes":""},"categories":[171],"tags":[48603,209,10593,146,147,25,24,185,23,214],"class_list":{"0":"post-301379","1":"post","2":"type-post","3":"status-publish","4":"format-standard","5":"has-post-thumbnail","7":"category-tv","8":"tag-campanadas","9":"tag-cultura","10":"tag-cultura-musica","11":"tag-entertainment","12":"tag-entretenimiento","13":"tag-es","14":"tag-espana","15":"tag-musica","16":"tag-spain","17":"tag-tv"},"share_on_mastodon":{"url":"https:\/\/pubeurope.com\/@es\/115763066052201564","error":""},"_links":{"self":[{"href":"https:\/\/www.europesays.com\/es\/wp-json\/wp\/v2\/posts\/301379","targetHints":{"allow":["GET"]}}],"collection":[{"href":"https:\/\/www.europesays.com\/es\/wp-json\/wp\/v2\/posts"}],"about":[{"href":"https:\/\/www.europesays.com\/es\/wp-json\/wp\/v2\/types\/post"}],"author":[{"embeddable":true,"href":"https:\/\/www.europesays.com\/es\/wp-json\/wp\/v2\/users\/2"}],"replies":[{"embeddable":true,"href":"https:\/\/www.europesays.com\/es\/wp-json\/wp\/v2\/comments?post=301379"}],"version-history":[{"count":0,"href":"https:\/\/www.europesays.com\/es\/wp-json\/wp\/v2\/posts\/301379\/revisions"}],"wp:featuredmedia":[{"embeddable":true,"href":"https:\/\/www.europesays.com\/es\/wp-json\/wp\/v2\/media\/301380"}],"wp:attachment":[{"href":"https:\/\/www.europesays.com\/es\/wp-json\/wp\/v2\/media?parent=301379"}],"wp:term":[{"taxonomy":"category","embeddable":true,"href":"https:\/\/www.europesays.com\/es\/wp-json\/wp\/v2\/categories?post=301379"},{"taxonomy":"post_tag","embeddable":true,"href":"https:\/\/www.europesays.com\/es\/wp-json\/wp\/v2\/tags?post=301379"}],"curies":[{"name":"wp","href":"https:\/\/api.w.org\/{rel}","templated":true}]}}