{"id":301399,"date":"2025-12-22T12:03:09","date_gmt":"2025-12-22T12:03:09","guid":{"rendered":"https:\/\/www.europesays.com\/es\/301399\/"},"modified":"2025-12-22T12:03:09","modified_gmt":"2025-12-22T12:03:09","slug":"asi-es-su-nuevo-tatuaje-con-dos-emblematicos-lugares-de-la-ciudad-de-nueva-york","status":"publish","type":"post","link":"https:\/\/www.europesays.com\/es\/301399\/","title":{"rendered":"as\u00ed es su nuevo tatuaje con dos emblem\u00e1ticos lugares de la ciudad de Nueva York"},"content":{"rendered":"<p class=\"c-paragraph\">El tenista <a href=\"https:\/\/www.20minutos.es\/tags\/deportes\/carlos-alcaraz.html\" title=\"Carlos Alcaraz\" rel=\"nofollow noopener\" target=\"_blank\">Carlos Alcaraz<\/a> se refugia del ruido medi\u00e1tico tras su ruptura con Juan Carlos Ferrero junto a su entorno m\u00e1s cercano y<b> cumpliendo una promesa que ten\u00eda pendiente <\/b>desde que el pasado 7 de septiembre conquist\u00f3 el US Open 2025 al ganar a Jannik Sinner en la final.<\/p>\n<p class=\"c-paragraph\">El murciano ha compartido en sus redes sociales una serie de im\u00e1genes y entre ellas aparece<b> tatu\u00e1ndose para llevar siempre en su piel aquel incre\u00edble torneo<\/b> que le llev\u00f3 a ganar su sexto Grand Slam.<\/p>\n<p class=\"c-paragraph\">Alcaraz ha escogido una combinaci\u00f3n de dos de los lugares m\u00e1s emblem\u00e1ticos de Nueva York, donde se jug\u00f3 aquella final. Se trata de un mix de <b>la Estatua de la Libertad y del puente de Brooklyn<\/b>, en la parte trasera de su brazo izquierdo.<\/p>\n<p class=\"c-paragraph\">Es habitual que Carlos Alcaraz se tat\u00fae <b>algo relacionado con los Grand Slam que gana en su carrera.<\/b> Cuando gan\u00f3 el US Open por primera vez, el 11 de septiembre de 2022, se lo marc\u00f3 en la piel con la fecha.<\/p>\n<p class=\"c-paragraph\">Tambi\u00e9n se tatu\u00f3 <b>la Torre Eiffel con la fecha del 9 de junio de 2024 para celebrar Roland Garros<\/b>, al igual que en 2023 se puso la fecha en la que gan\u00f3 su primer Wimbledon.<\/p>\n","protected":false},"excerpt":{"rendered":"El tenista Carlos Alcaraz se refugia del ruido medi\u00e1tico tras su ruptura con Juan Carlos Ferrero junto a&hellip;\n","protected":false},"author":2,"featured_media":301400,"comment_status":"","ping_status":"","sticky":false,"template":"","format":"standard","meta":{"footnotes":""},"categories":[274],"tags":[4736,415,7677,168,25,24,7376,23,167,3271,327,326],"class_list":{"0":"post-301399","1":"post","2":"type-post","3":"status-publish","4":"format-standard","5":"has-post-thumbnail","7":"category-tenis","8":"tag-alcaraz","9":"tag-carlos","10":"tag-cumple","11":"tag-deportes","12":"tag-es","13":"tag-espana","14":"tag-promesa","15":"tag-spain","16":"tag-sports","17":"tag-su","18":"tag-tenis","19":"tag-tennis"},"share_on_mastodon":{"url":"https:\/\/pubeurope.com\/@es\/115763125096582212","error":""},"_links":{"self":[{"href":"https:\/\/www.europesays.com\/es\/wp-json\/wp\/v2\/posts\/301399","targetHints":{"allow":["GET"]}}],"collection":[{"href":"https:\/\/www.europesays.com\/es\/wp-json\/wp\/v2\/posts"}],"about":[{"href":"https:\/\/www.europesays.com\/es\/wp-json\/wp\/v2\/types\/post"}],"author":[{"embeddable":true,"href":"https:\/\/www.europesays.com\/es\/wp-json\/wp\/v2\/users\/2"}],"replies":[{"embeddable":true,"href":"https:\/\/www.europesays.com\/es\/wp-json\/wp\/v2\/comments?post=301399"}],"version-history":[{"count":0,"href":"https:\/\/www.europesays.com\/es\/wp-json\/wp\/v2\/posts\/301399\/revisions"}],"wp:featuredmedia":[{"embeddable":true,"href":"https:\/\/www.europesays.com\/es\/wp-json\/wp\/v2\/media\/301400"}],"wp:attachment":[{"href":"https:\/\/www.europesays.com\/es\/wp-json\/wp\/v2\/media?parent=301399"}],"wp:term":[{"taxonomy":"category","embeddable":true,"href":"https:\/\/www.europesays.com\/es\/wp-json\/wp\/v2\/categories?post=301399"},{"taxonomy":"post_tag","embeddable":true,"href":"https:\/\/www.europesays.com\/es\/wp-json\/wp\/v2\/tags?post=301399"}],"curies":[{"name":"wp","href":"https:\/\/api.w.org\/{rel}","templated":true}]}}