{"id":301462,"date":"2025-12-22T12:46:17","date_gmt":"2025-12-22T12:46:17","guid":{"rendered":"https:\/\/www.europesays.com\/es\/301462\/"},"modified":"2025-12-22T12:46:17","modified_gmt":"2025-12-22T12:46:17","slug":"la-san-silvestre-de-torrelodones-congrego-a-mas-de-500-corredores","status":"publish","type":"post","link":"https:\/\/www.europesays.com\/es\/301462\/","title":{"rendered":"La San Silvestre de Torrelodones congreg\u00f3 a m\u00e1s de 500 corredores"},"content":{"rendered":"<p>M\u00e1s de 360 corredores finalizaron la carrera general<b>\u00a0<\/b><\/p>\n<p>\u00a0<\/p>\n<p>Este s\u00e1bado 20 de diciembre las calles de Torrelodones fueron testigos de la XIII edici\u00f3n de la San Silvestre de Torrelodones que congreg\u00f3 a m\u00e1s de 500 corredores, entre las categor\u00edas infantiles y adultos.<\/p>\n<p>La carrera estaba organizada por\u00a0la concejal\u00eda de Deportes del Ayuntamiento de Torrelodones y patrocinada por Brooklyn Fitboxing y GM (Events &amp; Sports Experiences) y cont\u00f3 con la colaboraci\u00f3n de Alcampo, KON, Coca-Cola, Kobe Motor, Motor Joker, Repsol y Espacio Torrelodones.<\/p>\n<p>En esta edici\u00f3n tambi\u00e9n participaron atletas con discapacidad.<\/p>\n<p>A las 11 de la ma\u00f1ana comenzaron las carreras infantiles: la A dirigida a ni\u00f1os hasta 8 a\u00f1os (nacidos de 2016 en adelante), que tuvieron que salvar una distancia de 300 metros (una vuelta) y la infantil B para menores de 9 a 11 a\u00f1os (nacidos entre 2013 y 2015), que recorrieron 600 metros (dos vueltas).<\/p>\n<p><a href=\"https:\/\/www.europesays.com\/es\/wp-content\/uploads\/2025\/12\/san-silvestre-1.jpg\" title=\"Ver imagen\"><img decoding=\"async\" src=\"https:\/\/www.europesays.com\/es\/wp-content\/uploads\/2025\/12\/san-silvestre-1.jpg\" alt=\"San silvestre\" width=\"100%\"\/><\/a><\/p>\n<p>\u00a0<\/p>\n<p>Los ganadores<\/p>\n<p><a href=\"https:\/\/www.europesays.com\/es\/wp-content\/uploads\/2025\/12\/san-silvestre-2.jpg\" title=\"Ver imagen\"><img decoding=\"async\" src=\"https:\/\/www.europesays.com\/es\/wp-content\/uploads\/2025\/12\/san-silvestre-2.jpg\" alt=\"san silvestre 2\" width=\"49%\" style=\"margin-right: 1%; float: left;\"\/><\/a><a href=\"https:\/\/www.europesays.com\/es\/wp-content\/uploads\/2025\/12\/san-silvestre-3.jpg\" title=\"Ver imagen\"><img decoding=\"async\" src=\"https:\/\/www.europesays.com\/es\/wp-content\/uploads\/2025\/12\/san-silvestre-3.jpg\" alt=\"san silvestre 2\" width=\"49%\"\/><\/a><a href=\"https:\/\/www.europesays.com\/es\/wp-content\/uploads\/2025\/12\/san-silvestre-2.jpg\" title=\"Ver imagen\"\/><\/p>\n<p>A partir de las 12:00 h tomaron la salida en la calle Real, los m\u00e1s de 360 corredores, que recorrieron 5 kil\u00f3metros por las calles del pueblo.<\/p>\n<p>El primero en llegar fue un atleta del Club Torrelodones, Roberto G\u00f3mez Arribas, que salv\u00f3 la distancia en un tiempo r\u00e9cord de 15:58, a poca distancia, otro corredor de Torrelodones, Pablo Herrera Mart\u00edn, con un tiempo de 16:36, y el tercer puesto fue para un atleta de Guadarrama, Sergio Santos Sampedro, del C.A. Guadarrama, con 17:06 minutos.<\/p>\n<p>En cuanto a las atletas femeninas, el triunfo fue para Clara Rodr\u00edguez Jim\u00e9nez, del A.A. Moratalaz, que lleg\u00f3 a la meta con un tiempo de 20:58; Blanca \u00c1lvarez Bartolom\u00e9 se hizo con la segunda posici\u00f3n con 21:11, y el tercer puesto fue para Marta Ure\u00f1a Cobos, con un tiempo de 21.20 h.\u00a0<\/p>\n<p>Por categor\u00edas, los tres primeros de la categor\u00eda s\u00e9nior masculina fueron Roberto G\u00f3mez Arribas, Pablo Herrera Mart\u00edn y Sergio Santos Sampedro; en la femenina Clara Rodr\u00edguez Jim\u00e9nez, Blanca \u00c1lvarez Bartolom\u00e9 y Marta Ure\u00f1a Cobos.\u00a0<\/p>\n<p>En sub-20 masculina, los tres primeros clasificados fueron Alejandro S\u00e1nchez Plaza, Alejandro G\u00f3mez D\u00edaz y Luis Cadierno; en la misma categor\u00eda, pero femenina, las tres primeras fueron Claudia Palacios Blanco, Covadonga Garc\u00eda Fajardo y Macarena Garrido Sobr\u00f3n.\u00a0<\/p>\n<p>Finamente, en veteranos masculinos los primeros clasificados fueron Juan Pablo Villalobos Palomares; Daniel Abecasis Henelde y David Cadierno. En cuanto a las f\u00e9minas veteranas, Ana Llorente Ruiz, Beatriz Montero Vernay y Cristina Mart\u00ednez fueron las triunfadoras.<\/p>\n<p>Todos los atletas infantiles recibieron una medalla de participaci\u00f3n, mientras que los corredores de la San Silvestre general lograron trofeos a los tres primeros clasificados de la general y de cada una de las categor\u00edas restantes, que entregaron el concejal de Deportes, \u00d3scar Fern\u00e1ndez, y las ediles de Hacienda, Concha Pastor, y Educaci\u00f3n, Lorenz Fern\u00e1ndez, y la representante de Brooklyn Fitboxing, Nico Mesca.\u00a0<\/p>\n<p>La clasificaci\u00f3n completa se puede consultar en el siguiente enlace:\u00a0<a href=\"http:\/\/52.16.218.122\/es\/races\/san-silvestre-de-torrelodones-2025\/69468b47-c7c8-4fca-bae8-416eac1f0ef2\/rankings\" rel=\"nofollow\">Rankings San Silvestre de Torrelodones 2025. 5K \u2014 Sportmaniacs<\/a><\/p>\n","protected":false},"excerpt":{"rendered":"M\u00e1s de 360 corredores finalizaron la carrera general\u00a0 \u00a0 Este s\u00e1bado 20 de diciembre las calles de Torrelodones&hellip;\n","protected":false},"author":2,"featured_media":301463,"comment_status":"","ping_status":"","sticky":false,"template":"","format":"standard","meta":{"footnotes":""},"categories":[5],"tags":[17,18,4860,168,25,24,13,14,11,19,20,9,10,15,16,71472,23,12,20965,21,22],"class_list":{"0":"post-301462","1":"post","2":"type-post","3":"status-publish","4":"format-standard","5":"has-post-thumbnail","7":"category-titulares","8":"tag-breaking-news","9":"tag-breakingnews","10":"tag-carrera","11":"tag-deportes","12":"tag-es","13":"tag-espana","14":"tag-featured-news","15":"tag-featurednews","16":"tag-headlines","17":"tag-latest-news","18":"tag-latestnews","19":"tag-news","20":"tag-noticias","21":"tag-noticias-destacadas","22":"tag-noticiasdestacadas","23":"tag-san-silvestre","24":"tag-spain","25":"tag-titulares","26":"tag-torrelodones","27":"tag-ultimas-noticias","28":"tag-ultimasnoticias"},"share_on_mastodon":{"url":"https:\/\/pubeurope.com\/@es\/115763295200264484","error":""},"_links":{"self":[{"href":"https:\/\/www.europesays.com\/es\/wp-json\/wp\/v2\/posts\/301462","targetHints":{"allow":["GET"]}}],"collection":[{"href":"https:\/\/www.europesays.com\/es\/wp-json\/wp\/v2\/posts"}],"about":[{"href":"https:\/\/www.europesays.com\/es\/wp-json\/wp\/v2\/types\/post"}],"author":[{"embeddable":true,"href":"https:\/\/www.europesays.com\/es\/wp-json\/wp\/v2\/users\/2"}],"replies":[{"embeddable":true,"href":"https:\/\/www.europesays.com\/es\/wp-json\/wp\/v2\/comments?post=301462"}],"version-history":[{"count":0,"href":"https:\/\/www.europesays.com\/es\/wp-json\/wp\/v2\/posts\/301462\/revisions"}],"wp:featuredmedia":[{"embeddable":true,"href":"https:\/\/www.europesays.com\/es\/wp-json\/wp\/v2\/media\/301463"}],"wp:attachment":[{"href":"https:\/\/www.europesays.com\/es\/wp-json\/wp\/v2\/media?parent=301462"}],"wp:term":[{"taxonomy":"category","embeddable":true,"href":"https:\/\/www.europesays.com\/es\/wp-json\/wp\/v2\/categories?post=301462"},{"taxonomy":"post_tag","embeddable":true,"href":"https:\/\/www.europesays.com\/es\/wp-json\/wp\/v2\/tags?post=301462"}],"curies":[{"name":"wp","href":"https:\/\/api.w.org\/{rel}","templated":true}]}}