{"id":301476,"date":"2025-12-22T13:00:13","date_gmt":"2025-12-22T13:00:13","guid":{"rendered":"https:\/\/www.europesays.com\/es\/301476\/"},"modified":"2025-12-22T13:00:13","modified_gmt":"2025-12-22T13:00:13","slug":"muere-jontho-de-la-banda-noruega-de-black-metal-ragnarok","status":"publish","type":"post","link":"https:\/\/www.europesays.com\/es\/301476\/","title":{"rendered":"Muere Jontho, de la banda noruega de Black Metal RAGNAROK"},"content":{"rendered":"<p>El artista fue uno de los miembros fundadores<\/p>\n<p><strong>Jontho<\/strong> (John Thomas Bratland) componente fundador de la <a href=\"https:\/\/www.hellpress.com\/reportajes\/black-metal-noruego-mejores-grupos\/\" rel=\"nofollow noopener\" target=\"_blank\">banda noruega de Black Metal<\/a> <strong>RAGNAROK<\/strong>, ha <strong>fallecido a los 48 a\u00f1os<\/strong>.<\/p>\n<p>La noticia ha sido comunicada por MORK:<\/p>\n<p style=\"text-align: center;\">\u00abDescansa en paz, Jontho. Pas\u00e9 muchos momentos maravillosos y divertidos con \u00e9l a lo largo de los a\u00f1os. Incluso me pidieron que sustituyera al bajista de RAGNAROK en un concierto hace una d\u00e9cada. Me entristece mucho saber del fallecimiento de un compa\u00f1ero de \u00d8stfold\u00bb.<\/p>\n<p style=\"text-align: center;\">\n<p>El m\u00fasico comenz\u00f3 en la formaci\u00f3n como <strong>bater\u00eda<\/strong>, para pasar a convertirse a partir de 2014 en el <strong>cantante<\/strong> del grupo.<\/p>\n<p>RAGNAROK -que toma su nombre del fin de los dioses recogido en las Edda, especialmente el poema V\u00f6lusp\u00e1 de la Edda po\u00e9tica- se fund\u00f3 en 1994 en Sarpsborg, Noruega, debutando con el disco \u00ab<strong>Nattferd<\/strong>\u00ab, en 1995 con Head Not Found, un sello dirigido por Metalion del fanzine \u00abSlayer Mag\u00bb. La agrupaci\u00f3n ha editado hasta ahora nueve \u00e1lbumes de estudio, siendo \u00abNon Debellicata\u00bb de 2019 el \u00faltimo editado.<\/p>\n<p>RAGNAROK todav\u00eda no ha realizado declaraciones sobre la muerte del m\u00fasico.<\/p>\n<p>Jontho, m\u00e1s all\u00e1 de RAGNAROK<\/p>\n<p>Adem\u00e1s de su carrera en su banda principal, Jontho tambi\u00e9n form\u00f3 parte de grupos como <strong>TSJUDER<\/strong> -grabando el \u00e1lbum \u00abDemonic Possession\u00bb (2002)-, ENDEZZMA, EXCELSIS, KHARON y PERDITION HEARSE. Tambi\u00e9n colabor\u00f3 en estudio y en directo con formaciones como <strong>TAAKE<\/strong>, FESTER, MYRONATH, NOXIUM FERUS y AETHERIUS OBSCURITAS.<\/p>\n<p>M\u00e1s sobre el grupo en sus redes sociales:<\/p>\n","protected":false},"excerpt":{"rendered":"El artista fue uno de los miembros fundadores Jontho (John Thomas Bratland) componente fundador de la banda noruega&hellip;\n","protected":false},"author":2,"featured_media":301477,"comment_status":"","ping_status":"","sticky":false,"template":"","format":"standard","meta":{"footnotes":""},"categories":[170],"tags":[3559,146,147,25,24,184,185,23],"class_list":{"0":"post-301476","1":"post","2":"type-post","3":"status-publish","4":"format-standard","5":"has-post-thumbnail","7":"category-musica","8":"tag-black-metal","9":"tag-entertainment","10":"tag-entretenimiento","11":"tag-es","12":"tag-espana","13":"tag-music","14":"tag-musica","15":"tag-spain"},"share_on_mastodon":{"url":"https:\/\/pubeurope.com\/@es\/115763349111581401","error":""},"_links":{"self":[{"href":"https:\/\/www.europesays.com\/es\/wp-json\/wp\/v2\/posts\/301476","targetHints":{"allow":["GET"]}}],"collection":[{"href":"https:\/\/www.europesays.com\/es\/wp-json\/wp\/v2\/posts"}],"about":[{"href":"https:\/\/www.europesays.com\/es\/wp-json\/wp\/v2\/types\/post"}],"author":[{"embeddable":true,"href":"https:\/\/www.europesays.com\/es\/wp-json\/wp\/v2\/users\/2"}],"replies":[{"embeddable":true,"href":"https:\/\/www.europesays.com\/es\/wp-json\/wp\/v2\/comments?post=301476"}],"version-history":[{"count":0,"href":"https:\/\/www.europesays.com\/es\/wp-json\/wp\/v2\/posts\/301476\/revisions"}],"wp:featuredmedia":[{"embeddable":true,"href":"https:\/\/www.europesays.com\/es\/wp-json\/wp\/v2\/media\/301477"}],"wp:attachment":[{"href":"https:\/\/www.europesays.com\/es\/wp-json\/wp\/v2\/media?parent=301476"}],"wp:term":[{"taxonomy":"category","embeddable":true,"href":"https:\/\/www.europesays.com\/es\/wp-json\/wp\/v2\/categories?post=301476"},{"taxonomy":"post_tag","embeddable":true,"href":"https:\/\/www.europesays.com\/es\/wp-json\/wp\/v2\/tags?post=301476"}],"curies":[{"name":"wp","href":"https:\/\/api.w.org\/{rel}","templated":true}]}}