{"id":301521,"date":"2025-12-22T13:31:11","date_gmt":"2025-12-22T13:31:11","guid":{"rendered":"https:\/\/www.europesays.com\/es\/301521\/"},"modified":"2025-12-22T13:31:11","modified_gmt":"2025-12-22T13:31:11","slug":"gaza-hoy-2-meses-despues-del-alto-el-fuego","status":"publish","type":"post","link":"https:\/\/www.europesays.com\/es\/301521\/","title":{"rendered":"Gaza hoy: 2 meses despu\u00e9s del alto el fuego"},"content":{"rendered":"<p>Desde hace m\u00e1s de dos a\u00f1os, la violencia en Gaza ha tenido un impacto sin precedentes en los ni\u00f1os y ni\u00f1as palestinos, causando da\u00f1os f\u00edsicos y mentales irreversibles, con consecuencias que amenazan no solo su futuro, sino el propio tejido de la sociedad palestina durante generaciones.\u00a0<\/p>\n<p>Hoy, dos meses despu\u00e9s del alto el fuego, hablamos sobre c\u00f3mo est\u00e1n viviendo los ni\u00f1os y las ni\u00f1as este invierno, si el hambre en la Franja se ha reducido y si, entre balas y bombardeos, aparece la esperanza.\u00a0<\/p>\n<p>\u00bfC\u00f3mo viven los ni\u00f1os y ni\u00f1as de Gaza el invierno?\u00a0<\/p>\n<p>Las lluvias, las bajas temperaturas de este invierno y el bloqueo del Gobierno israel\u00ed a la entrada de ayuda humanitaria en Gaza est\u00e1n provocando que ni\u00f1os y ni\u00f1as no puedan cubrir sus necesidades b\u00e1sicas: acceso a agua potable, alimentos, un refugio seguro, ropa de invierno, atenci\u00f3n m\u00e9dica y psicol\u00f3gica.\u00a0<\/p>\n<p>Nuestros compa\u00f1eros y compa\u00f1eras de Save the Children en Gaza nos cuentan que las tiendas de campa\u00f1a de los campamentos en los que viven muchas familias se han inundado o han resultado gravemente da\u00f1adas por estas lluvias y por las aguas residuales, y que, tras dos a\u00f1os de bombardeos israel\u00edes, el sistema sanitario de la Franja se encuentra pr\u00e1cticamente colapsado.\u00a0<\/p>\n<p>El Gobierno israel\u00ed ha prohibido la entrada a la Franja de art\u00edculos esenciales como postes para tiendas de campa\u00f1a, art\u00edculos de refugio, ropa de invierno y mantas. Tampoco ha permitido la madera, postes de tiendas de campa\u00f1a ni herramientas porque las consideran art\u00edculos de \u201cdoble uso\u201d.\u00a0<\/p>\n<p>El hambre persiste pese al alto el fuego<\/p>\n<p>Los n\u00fameros que reflejan la Clasificaci\u00f3n Integrada de la Seguridad Alimentaria en Fases (CIF), la principal autoridad internacional sobre la gravedad de las crisis de hambre, muestran que 1,6 millones de personas, o el 77 % de la poblaci\u00f3n de Gaza, incluidos unos 800.000 ni\u00f1os y ni\u00f1as, seguir\u00e1n enfrentando inseguridad alimentaria aguda en 2026.\u00a0<\/p>\n<p>Esto significa que <strong>4 de cada 5 ni\u00f1os y ni\u00f1as en Gaza comenzar\u00e1n el nuevo a\u00f1o siguiendo enfrentando niveles cr\u00edticos de hambre<\/strong>.\u00a0<\/p>\n<p>Si bien en las \u00faltimas semanas se ha permitido la entrada de ayuda humanitaria a Gaza, la entrega sigue siendo irregular y muy inferior a los compromisos del alto el fuego. El CIF se\u00f1ala que es urgente que se permita la entrada de nuevos alimentos en la Franja porque los productos m\u00e1s sanos, como los l\u00e1cteos, los huevos, la carne, el pescado y las frutas y verduras frescas, pr\u00e1cticamente no est\u00e1n disponibles en los mercados.\u00a0<\/p>\n<p>Como resultado, las necesidades siguen sin estar cubiertas y los ni\u00f1os y ni\u00f1as sufren formas m\u00e1s graves y prolongadas de desnutrici\u00f3n. Las consecuencias de esta desnutrici\u00f3n a largo plazo afectan a su desarrollo f\u00edsico y cognitivo.\u00a0<\/p>\n<p>A todo esto se suma que, en invierno, con las bajas temperaturas y las inundaciones, los ni\u00f1os y las ni\u00f1as corren un alto riesgo de sufrir diarrea, enfermedades de la piel como la sarna, infecciones respiratorias como la neumon\u00eda o hipotermia. La desnutrici\u00f3n agrava estos riesgos al limitar la capacidad de los ni\u00f1os y las ni\u00f1as para mantener la temperatura corporal y recuperarse de las enfermedades.\u00a0<\/p>\n<p>Nour, una ni\u00f1a que da esperanza\u00a0<\/p>\n<p>Nour ten\u00eda solo 18 meses cuando la guerra le arrebat\u00f3 todo. Un bombardeo destruy\u00f3 el bloque donde viv\u00eda con su familia en Gaza. Fue la \u00fanica superviviente entre 70 personas. El impacto la lanz\u00f3 desde su apartamento, a 30 metros de altura, hasta la calle. Sus dos piernas quedaron rotas, adem\u00e1s de otras lesiones, y ya sufr\u00eda una discapacidad auditiva y del habla.\u00a0<\/p>\n<p>Desde entonces, Nour vive con sus abuelos, a quienes llama \u201cmam\u00e1\u201d y \u201cpap\u00e1\u201d. Ellos han hecho lo imposible para darle una vida digna: caminaron tres kil\u00f3metros cada semana durante meses para llevarla al hospital, donde recibi\u00f3 implantes de platino en las piernas y el brazo, adem\u00e1s de terapias para recuperar el habla y la audici\u00f3n, aunque a\u00fan necesita m\u00e1s cirug\u00edas para corregir sus piernas y otras secuelas.\u00a0<\/p>\n<p>En Save the Children hemos estado a su lado desde el principio: le proporcionamos leche, pa\u00f1ales, una tienda de campa\u00f1a cuando su casa qued\u00f3 destruida, asistencia econ\u00f3mica y un espacio seguro donde aprender y jugar. Hoy, Nour asiste a clases en un entorno protegido, donde sonr\u00ede, dibuja y aprende a contar en ingl\u00e9s y \u00e1rabe. Su abuelo dice que solo quiere que su nieta tenga \u201csalud y educaci\u00f3n\u201d.\u00a0<\/p>\n<p>\u00a0<\/p>\n<p>El alto el fuego de hace dos meses ha supuesto un respiro para la infancia pero no es suficiente. Las bombas deben dejar de caer de forma permanente: en este tiempo, m\u00e1s 360 palestinos han muerto, incluidos m\u00e1s de 70 ni\u00f1os y ni\u00f1as, seg\u00fan Naciones Unidas.\u00a0<\/p>\n<p>La ayuda debe entrar en Gaza para proteger a la infancia y para que organizaciones humanitarias como Save the Children apoyemos a las familias a satisfacer sus necesidades y a reconstruirse. Y tras 70 a\u00f1os en la Franja, tenemos claro que seguimos trabajando <strong>para que todos los y ni\u00f1as de Gaza est\u00e9n protegidos<\/strong>.\u00a0<\/p>\n","protected":false},"excerpt":{"rendered":"Desde hace m\u00e1s de dos a\u00f1os, la violencia en Gaza ha tenido un impacto sin precedentes en los&hellip;\n","protected":false},"author":2,"featured_media":301522,"comment_status":"","ping_status":"","sticky":false,"template":"","format":"standard","meta":{"footnotes":""},"categories":[42],"tags":[17,18,13,14,11,61,62,63,64,19,20,9,10,15,16,12,21,22,65,66,67],"class_list":{"0":"post-301521","1":"post","2":"type-post","3":"status-publish","4":"format-standard","5":"has-post-thumbnail","7":"category-internacional","8":"tag-breaking-news","9":"tag-breakingnews","10":"tag-featured-news","11":"tag-featurednews","12":"tag-headlines","13":"tag-internacional","14":"tag-international","15":"tag-international-news","16":"tag-internationalnews","17":"tag-latest-news","18":"tag-latestnews","19":"tag-news","20":"tag-noticias","21":"tag-noticias-destacadas","22":"tag-noticiasdestacadas","23":"tag-titulares","24":"tag-ultimas-noticias","25":"tag-ultimasnoticias","26":"tag-world","27":"tag-world-news","28":"tag-worldnews"},"share_on_mastodon":{"url":"https:\/\/pubeurope.com\/@es\/115763470993366321","error":""},"_links":{"self":[{"href":"https:\/\/www.europesays.com\/es\/wp-json\/wp\/v2\/posts\/301521","targetHints":{"allow":["GET"]}}],"collection":[{"href":"https:\/\/www.europesays.com\/es\/wp-json\/wp\/v2\/posts"}],"about":[{"href":"https:\/\/www.europesays.com\/es\/wp-json\/wp\/v2\/types\/post"}],"author":[{"embeddable":true,"href":"https:\/\/www.europesays.com\/es\/wp-json\/wp\/v2\/users\/2"}],"replies":[{"embeddable":true,"href":"https:\/\/www.europesays.com\/es\/wp-json\/wp\/v2\/comments?post=301521"}],"version-history":[{"count":0,"href":"https:\/\/www.europesays.com\/es\/wp-json\/wp\/v2\/posts\/301521\/revisions"}],"wp:featuredmedia":[{"embeddable":true,"href":"https:\/\/www.europesays.com\/es\/wp-json\/wp\/v2\/media\/301522"}],"wp:attachment":[{"href":"https:\/\/www.europesays.com\/es\/wp-json\/wp\/v2\/media?parent=301521"}],"wp:term":[{"taxonomy":"category","embeddable":true,"href":"https:\/\/www.europesays.com\/es\/wp-json\/wp\/v2\/categories?post=301521"},{"taxonomy":"post_tag","embeddable":true,"href":"https:\/\/www.europesays.com\/es\/wp-json\/wp\/v2\/tags?post=301521"}],"curies":[{"name":"wp","href":"https:\/\/api.w.org\/{rel}","templated":true}]}}