{"id":301525,"date":"2025-12-22T13:33:08","date_gmt":"2025-12-22T13:33:08","guid":{"rendered":"https:\/\/www.europesays.com\/es\/301525\/"},"modified":"2025-12-22T13:33:08","modified_gmt":"2025-12-22T13:33:08","slug":"empieza-la-limpieza-del-arroyo-de-valenoso-para-mejorar-la-seguridad-y-el-entorno-natural","status":"publish","type":"post","link":"https:\/\/www.europesays.com\/es\/301525\/","title":{"rendered":"Empieza la limpieza del arroyo de Valenoso para mejorar la seguridad y el entorno natural"},"content":{"rendered":"<p>Han comenzado los trabajos de limpieza y acondicionamiento en el arroyo de Valenoso, en el tramo comprendido entre la M-513 y la avenida de Diego de Almagro. El objetivo es mejorar la seguridad hidr\u00e1ulica del cauce y preservar el valor ambiental de este espacio natural integrado en el entorno urbano.<\/p>\n<p>Las actuaciones se ejecutan siguiendo criterios de m\u00ednima intervenci\u00f3n y m\u00e1ximo respeto ambiental, centradas en la retirada selectiva de elementos que puedan comprometer el correcto funcionamiento del arroyo, especialmente en episodios de lluvias intensas.<\/p>\n<p>Entre los trabajos previstos se incluyen:<\/p>\n<p>\u2002\u2002\u2002\u2002\u2002\u2002\u2022\u2002\u2002\u2002\u2002\u2002Eliminaci\u00f3n de residuos s\u00f3lidos urbanos y materiales depositados irregularmente.<\/p>\n<p>\u2002\u2002\u2002\u2002\u2002\u2002\u2022\u2002\u2002\u2002\u2002\u2002Retirada de vegetaci\u00f3n seca, ramas ca\u00eddas y ejemplares arb\u00f3reos muertos.<\/p>\n<p>\u2002\u2002\u2002\u2002\u2002\u2002\u2022\u2002\u2002\u2002\u2002\u2002Limpieza del cauce y sus m\u00e1rgenes para favorecer la correcta circulaci\u00f3n del agua.<\/p>\n<p>Estas labores contribuir\u00e1n a reducir el riesgo de obstrucciones y desbordamientos, a la vez que favorecer\u00e1n la conservaci\u00f3n del ecosistema local y del paisaje natural del entorno.<\/p>\n<p class=\"MsoNormal\">El Ayuntamiento recuerda la importancia de no verter residuos en el cauce y agradece la colaboraci\u00f3n ciudadana para mantener en buen estado los espacios naturales del municipio.<\/p>\n","protected":false},"excerpt":{"rendered":"Han comenzado los trabajos de limpieza y acondicionamiento en el arroyo de Valenoso, en el tramo comprendido entre&hellip;\n","protected":false},"author":2,"featured_media":301526,"comment_status":"","ping_status":"","sticky":false,"template":"","format":"standard","meta":{"footnotes":""},"categories":[5],"tags":[17,18,25,24,13,14,11,19,20,9,10,15,16,23,12,21,22],"class_list":{"0":"post-301525","1":"post","2":"type-post","3":"status-publish","4":"format-standard","5":"has-post-thumbnail","7":"category-titulares","8":"tag-breaking-news","9":"tag-breakingnews","10":"tag-es","11":"tag-espana","12":"tag-featured-news","13":"tag-featurednews","14":"tag-headlines","15":"tag-latest-news","16":"tag-latestnews","17":"tag-news","18":"tag-noticias","19":"tag-noticias-destacadas","20":"tag-noticiasdestacadas","21":"tag-spain","22":"tag-titulares","23":"tag-ultimas-noticias","24":"tag-ultimasnoticias"},"share_on_mastodon":{"url":"https:\/\/pubeurope.com\/@es\/115763478766869205","error":""},"_links":{"self":[{"href":"https:\/\/www.europesays.com\/es\/wp-json\/wp\/v2\/posts\/301525","targetHints":{"allow":["GET"]}}],"collection":[{"href":"https:\/\/www.europesays.com\/es\/wp-json\/wp\/v2\/posts"}],"about":[{"href":"https:\/\/www.europesays.com\/es\/wp-json\/wp\/v2\/types\/post"}],"author":[{"embeddable":true,"href":"https:\/\/www.europesays.com\/es\/wp-json\/wp\/v2\/users\/2"}],"replies":[{"embeddable":true,"href":"https:\/\/www.europesays.com\/es\/wp-json\/wp\/v2\/comments?post=301525"}],"version-history":[{"count":0,"href":"https:\/\/www.europesays.com\/es\/wp-json\/wp\/v2\/posts\/301525\/revisions"}],"wp:featuredmedia":[{"embeddable":true,"href":"https:\/\/www.europesays.com\/es\/wp-json\/wp\/v2\/media\/301526"}],"wp:attachment":[{"href":"https:\/\/www.europesays.com\/es\/wp-json\/wp\/v2\/media?parent=301525"}],"wp:term":[{"taxonomy":"category","embeddable":true,"href":"https:\/\/www.europesays.com\/es\/wp-json\/wp\/v2\/categories?post=301525"},{"taxonomy":"post_tag","embeddable":true,"href":"https:\/\/www.europesays.com\/es\/wp-json\/wp\/v2\/tags?post=301525"}],"curies":[{"name":"wp","href":"https:\/\/api.w.org\/{rel}","templated":true}]}}