{"id":301533,"date":"2025-12-22T13:42:10","date_gmt":"2025-12-22T13:42:10","guid":{"rendered":"https:\/\/www.europesays.com\/es\/301533\/"},"modified":"2025-12-22T13:42:10","modified_gmt":"2025-12-22T13:42:10","slug":"oficial-el-atletico-se-asegura-a-su-promesa-jorge-dominguez","status":"publish","type":"post","link":"https:\/\/www.europesays.com\/es\/301533\/","title":{"rendered":"Oficial: el Atl\u00e9tico se asegura a su promesa Jorge Dom\u00ednguez"},"content":{"rendered":"<p class=\"\">El Atl\u00e9tico no ha querido dejarse su tarea navide\u00f1a para el \u00faltimo d\u00eda. <b>Jorge Dom\u00ednguez, central que pisa fuerte en la Academia, cumpli\u00f3 ayer los 16 a\u00f1os y ya es oficial la firma de su primer contrato profesional como rojiblanco<\/b>. Pese al inter\u00e9s de m\u00faltiples clubes, <a href=\"https:\/\/as.com\/futbol\/mas_futbol\/jorge-dominguez-la-confirmacion-de-su-amor-por-el-atletico-en-el-derbi-f202512-n\/\" target=\"_self\" rel=\"nofollow noopener\" title=\"https:\/\/as.com\/futbol\/mas_futbol\/jorge-dominguez-la-confirmacion-de-su-amor-por-el-atletico-en-el-derbi-f202512-n\/\"><b>incluido un Real Madrid que intent\u00f3 seducirle<\/b><\/a> y contra el que disput\u00f3 ayer un derbi donde fue el gran destacado pese a la derrota rojiblanca. <\/p>\n<p class=\"\">\u00c1ngel Donato est\u00e1 apostando por la juventud de su cantera y <a href=\"https:\/\/as.com\/futbol\/primera\/ruben-gomez-y-la-increible-generacion-atletica-del-2009-f202510-n\/\" target=\"_self\" rel=\"nofollow noopener\" title=\"https:\/\/as.com\/futbol\/primera\/ruben-gomez-y-la-increible-generacion-atletica-del-2009-f202510-n\/\"><b>dar paso ya a la generaci\u00f3n del 2009, que pisa fuerte<\/b><\/a>. Rub\u00e9n G\u00f3mez y Jorge Dom\u00ednguez como alumnos aventajados,<b> titulares con el Juvenil A en Liga y en la Youth League<\/b> pese a medirse a chicos tres a\u00f1os mayores. En el caso del central, \u00fanicamente conoce el escudo rojiblanco. <b>Desde los cinco a\u00f1os en la Academia hasta firmar con 16 <\/b>el contrato que le liga con el club de su coraz\u00f3n. \u201cEstoy muy contento de poder seguir creciendo en este club y quiero seguir dando todo lo mejor de m\u00ed para cumplir los objetivos\u201d, explica en el anuncio oficial del Atl\u00e9tico.<\/p>\n<p class=\"\">Jorge Dom\u00ednguez <b>destaca por su planta (mide 1,93) <\/b>y ha ido potenciando su velocidad, colocaci\u00f3n y salida de bal\u00f3n. El club ha tenido<b> un plan especializado para dirigir su evoluci\u00f3n, <\/b>fortaleciendo articulaciones y movilidad. Dom\u00ednguez complet\u00f3<b> cinco de los seis partidos del Atl\u00e9tico en la fase de grupos en la Youth League<\/b>. Y se ha hecho con el puesto en Liga. La grada de Valdebebas qued\u00f3 sorprendida por el nivel del central en el d\u00eda de su 16 cumplea\u00f1os. El club blanco se intent\u00f3 hacer con sus servicios, pero Dom\u00ednguez sigue los pasos de <a href=\"https:\/\/as.com\/futbol\/mas_futbol\/oficial-el-atletico-se-asegura-a-su-joya-ruben-gomez-n\/\" rel=\"nofollow noopener\" title=\"https:\/\/as.com\/futbol\/mas_futbol\/oficial-el-atletico-se-asegura-a-su-joya-ruben-gomez-n\/\" target=\"_blank\"><b>Rub\u00e9n G\u00f3mez<\/b><\/a>, <a href=\"https:\/\/as.com\/futbol\/atletico-de-madrid\/el-atletico-se-asegura-a-una-de-sus-grandes-promesas-ian-mencia-n\/\" rel=\"nofollow noopener\" title=\"https:\/\/as.com\/futbol\/atletico-de-madrid\/el-atletico-se-asegura-a-una-de-sus-grandes-promesas-ian-mencia-n\/\" target=\"_blank\"><b>Ian Jonatan Menc\u00eda<\/b><\/a>, <a href=\"https:\/\/as.com\/futbol\/primera\/curro-lo-tiene-claro-si-al-atletico-no-a-madrid-y-barcelona-n\/\" rel=\"nofollow noopener\" title=\"https:\/\/as.com\/futbol\/primera\/curro-lo-tiene-claro-si-al-atletico-no-a-madrid-y-barcelona-n\/\" target=\"_blank\"><b>Curro Navarro<\/b><\/a> y <b>Guillermo Trujillano<\/b> y liga su futuro al Atl\u00e9tico. Un central con un enorme potencial que pasar\u00e1, unas Navidades m\u00e1s, las fiestas en rojiblanco. <\/p>\n<p>Noticias relacionadas<a href=\"https:\/\/as.com\/futbol\/mas_futbol\/jorge-dominguez-la-confirmacion-de-su-amor-por-el-atletico-en-el-derbi-f202512-n\/\" class=\"s_m_w\" title=\"El central cumple 16 a\u00f1os este domingo con la intenci\u00f3n de firmar su primer contrato profesional de rojiblanco. El Madrid, interesado, ser\u00e1 su \u00faltimo rival del a\u00f1o. \" data-tb-link=\"\" rel=\"nofollow noopener\" target=\"_blank\"><img decoding=\"async\" src=\"https:\/\/www.europesays.com\/es\/wp-content\/uploads\/2025\/12\/4B5Q65G7P5KZXPCBA2VMVPVWYE.jpg\" alt=\"Jorge Dom\u00ednguez, la confirmaci\u00f3n de su amor por el Atl\u00e9tico en el derbi\" class=\"\" height=\"9\" width=\"16\"   loading=\"lazy\" data-tb-thumbnail=\"\"\/><\/a><a href=\"https:\/\/as.com\/futbol\/primera\/1x1-del-atletico-oblak-koke-y-griezmann-el-rollo-de-siempre-f202512-n\/\" class=\"s_m_w\" title=\"El equipo de Simeone acaba bien el a\u00f1o, con su vieja guardia enchufada. Parada antol\u00f3gica de Oblak y golazo del capi. Clave la vuelta de Llorente. Pubill crece y crece.\" data-tb-link=\"\" rel=\"nofollow noopener\" target=\"_blank\"><img decoding=\"async\" src=\"https:\/\/www.europesays.com\/es\/wp-content\/uploads\/2025\/12\/VL24QDCNFBPBXNFKFX3JUB4XTU.jpg\" alt=\"1x1 del Atl\u00e9tico: Oblak, Koke y Griezmann, el rollo de siempre\" class=\"\" height=\"9\" width=\"16\"   loading=\"lazy\" data-tb-thumbnail=\"\"\/><\/a><\/p>\n<p class=\"\"><b>\u00a1Tus opiniones importan!<\/b> Comenta en los art\u00edculos y suscr\u00edbete gratis a nuestra <a href=\"https:\/\/asfan.as.com\/newsletters\/\" target=\"_blank\" rel=\"nofollow noopener\" title=\"https:\/\/asfan.as.com\/newsletters\/\">newsletter<\/a> y a las alertas informativas en la <a href=\"https:\/\/as.com\/aplicacion-de-as-n\/\" target=\"_blank\" rel=\"nofollow noopener\" title=\"https:\/\/as.com\/aplicacion-de-as-n\/\">App<\/a> o el canal de <a href=\"https:\/\/www.whatsapp.com\/channel\/0029VaAasdA7j6g745nz9M10\" target=\"_blank\" rel=\"nofollow noopener\" title=\"https:\/\/www.whatsapp.com\/channel\/0029VaAasdA7j6g745nz9M10\">WhatsApp<\/a>. <\/p>\n<p class=\"\">\u00bfBuscas licenciar contenido? Haz clic <a href=\"https:\/\/profesional.elpais.com\/soluciones-sindicacion?utm_medium=interno&amp;utm_source=crosslinking&amp;utm_campaign=sindicacion_as_pie_articulos\" target=\"_blank\" rel=\"nofollow noopener\" title=\"https:\/\/profesional.elpais.com\/soluciones-sindicacion?utm_medium=interno&amp;utm_source=crosslinking&amp;utm_campaign=sindicacion_as_pie_articulos\">aqu\u00ed<\/a><\/p>\n","protected":false},"excerpt":{"rendered":"El Atl\u00e9tico no ha querido dejarse su tarea navide\u00f1a para el \u00faltimo d\u00eda. Jorge Dom\u00ednguez, central que pisa&hellip;\n","protected":false},"author":2,"featured_media":301534,"comment_status":"","ping_status":"","sticky":false,"template":"","format":"standard","meta":{"footnotes":""},"categories":[268],"tags":[168,25,24,280,282,281,23,167],"class_list":{"0":"post-301533","1":"post","2":"type-post","3":"status-publish","4":"format-standard","5":"has-post-thumbnail","7":"category-futbol","8":"tag-deportes","9":"tag-es","10":"tag-espana","11":"tag-football","12":"tag-futbol","13":"tag-soccer","14":"tag-spain","15":"tag-sports"},"share_on_mastodon":{"url":"https:\/\/pubeurope.com\/@es\/115763514745299278","error":""},"_links":{"self":[{"href":"https:\/\/www.europesays.com\/es\/wp-json\/wp\/v2\/posts\/301533","targetHints":{"allow":["GET"]}}],"collection":[{"href":"https:\/\/www.europesays.com\/es\/wp-json\/wp\/v2\/posts"}],"about":[{"href":"https:\/\/www.europesays.com\/es\/wp-json\/wp\/v2\/types\/post"}],"author":[{"embeddable":true,"href":"https:\/\/www.europesays.com\/es\/wp-json\/wp\/v2\/users\/2"}],"replies":[{"embeddable":true,"href":"https:\/\/www.europesays.com\/es\/wp-json\/wp\/v2\/comments?post=301533"}],"version-history":[{"count":0,"href":"https:\/\/www.europesays.com\/es\/wp-json\/wp\/v2\/posts\/301533\/revisions"}],"wp:featuredmedia":[{"embeddable":true,"href":"https:\/\/www.europesays.com\/es\/wp-json\/wp\/v2\/media\/301534"}],"wp:attachment":[{"href":"https:\/\/www.europesays.com\/es\/wp-json\/wp\/v2\/media?parent=301533"}],"wp:term":[{"taxonomy":"category","embeddable":true,"href":"https:\/\/www.europesays.com\/es\/wp-json\/wp\/v2\/categories?post=301533"},{"taxonomy":"post_tag","embeddable":true,"href":"https:\/\/www.europesays.com\/es\/wp-json\/wp\/v2\/tags?post=301533"}],"curies":[{"name":"wp","href":"https:\/\/api.w.org\/{rel}","templated":true}]}}