{"id":301535,"date":"2025-12-22T13:43:09","date_gmt":"2025-12-22T13:43:09","guid":{"rendered":"https:\/\/www.europesays.com\/es\/301535\/"},"modified":"2025-12-22T13:43:09","modified_gmt":"2025-12-22T13:43:09","slug":"no-me-importaria-hacer-una-cancion-country-pero-no-la-hago-porque-se-que-no-triunfaria","status":"publish","type":"post","link":"https:\/\/www.europesays.com\/es\/301535\/","title":{"rendered":"No me importar\u00eda hacer una canci\u00f3n country, pero no la hago porque s\u00e9 que no triunfar\u00eda"},"content":{"rendered":"<p class=\"c-paragraph\">Jeannete celebra sus 50 a\u00f1os en la m\u00fasica con una gira por Espa\u00f1a en la que cantar\u00e1 sus populares Porque te vas, Soy rebelde, Frente a frente y El muchacho. \u00abEn ella va a estar presente toda mi carrera art\u00edstica, todo esos \u00e9xitos que he tenido a lo largo de ella\u00bb, reconoce la artista para 20minutos. Con ella hablamos de sus inicios en la industria, de su evoluci\u00f3n y de los cambios profesionales y personales que ha vivido con el paso del tiempo.<\/p>\n<p class=\"c-interview__interview c-interview__question\">\u00bfC\u00f3mo le gustar\u00eda que el p\u00fablico viva esta gira?<\/p>\n<p class=\"c-interview__interview c-interview__answer\">Que la disfruten y que me aplaudan. Van a escuchar la versi\u00f3n original de las canciones, porque de ellas hay muchas. Espero que sea un show muy exitoso.<\/p>\n<p class=\"c-interview__interview c-interview__question\">Naci\u00f3 en Londres, se cri\u00f3 en Estados Unidos y su carrera se ha desarrollado en Espa\u00f1a. \u00bfC\u00f3mo influy\u00f3 esa mezcla cultural en su m\u00fasica?<\/p>\n<p class=\"c-interview__interview c-interview__answer\">Hay mucho de esto en mi m\u00fasica, por ejemplo, la canci\u00f3n C\u00e1llete ni\u00f1a, que es una canci\u00f3n espiritual de los negros de Estados Unidos, fue mi primer n\u00famero uno en Espa\u00f1a, antes de Soy rebelde. Escucho mucha m\u00fasica americana, tiene mucha influencia en mi. Me gusta el country, que aqu\u00ed no gusta nada, tammbi\u00e9n el e gusta el jazz, me gusta muchas cosas que no son lo que yo canto, pero me influyen.<\/p>\n<p class=\"c-interview__interview c-interview__question\">\u00bfSent\u00eda que esa identidad de ser de todas partes le daba libertad?<\/p>\n<p class=\"c-interview__interview c-interview__answer\">Bueno, los artistas tenemos libertad hasta cierto punto, porque cuando t\u00fa tienes un contrato con una compa\u00f1\u00eda discogr\u00e1fica hay algunas normas, tampoco es que las compa\u00f1\u00edas est\u00e1n detr\u00e1s de ti. En mi \u00e9poca hab\u00eda mucha censura y hab\u00eda que tener mucho cuidado con las letras de las canciones, entonces libertad hasta cierto punto. Pero dentro de lo que cabe, s\u00ed nos han dado luz verde para el talento que tenemos.<\/p>\n<p class=\"c-interview__interview c-interview__question\"><b>Su voz ha marcado generaciones. \u00bfC\u00f3mo la cuida?<\/b><\/p>\n<p class=\"c-interview__interview c-interview__answer\">Tengo que cuidar la cuerda vocal bastante, porque de esto vivo. Si no hay cuerda vocal, no hay dinero. Primero, no bebo nada de fr\u00edo; el aire acondicionado, fatal, sobre todo en verano cuando hacen 40 grados, entras en el supermercado y hacen 15 grados, ese cambio de temperatura me afecta mucho.<\/p>\n<p class=\"c-interview__interview c-interview__question\"><b>\u00bfQu\u00e9 cree que la hace tan especial con el paso de los a\u00f1os?<\/b><\/p>\n<p class=\"c-interview__interview c-interview__answer\">Es que es la m\u00eda, no hay truco. La he cuidado mucho y, gracias a Dios, no ha cambiado nada, sigue siendo la misma que cuando empec\u00e9. canto tal cual se cantar, no hay misterio.<\/p>\n<p class=\"c-interview__interview c-interview__question\"><b>Despu\u00e9s de tantos a\u00f1os cant\u00e1ndole al amor y la nostalgia\u2026 \u00bfqu\u00e9 le conmueve ahora?<\/b><\/p>\n<p class=\"c-interview__interview c-interview__answer\">No me importar\u00eda hacer una canci\u00f3n country, lo que pasa es que no lo hago porque s\u00e9 que no iba a triunfar con ello. Sigo en mi l\u00ednea y a estas alturas de mi vida, si hago algo, va a ser m\u00e1s o menos en el mismo estilo de siempre.<\/p>\n<blockquote class=\"c-phrase__blockquote\"><p>\u00abEn mi \u00e9poca hab\u00eda mucha censura y hab\u00eda que tener mucho cuidado con las letras de las canciones, ten\u00edamos libertad hasta cierto punto\u00bb<\/p><\/blockquote>\n<p class=\"c-interview__interview c-interview__question\">Porque te vas es un himno universal. \u00bfC\u00f3mo se vive con el peso de una canci\u00f3n as\u00ed?<\/p>\n<p class=\"c-interview__interview c-interview__answer\">Muy bien, est\u00e1 en todas partes: en el desfile de Carolina Herrera, aqu\u00ed, en las versiones&#8230; Laura Pausini ha hecho una, que todav\u00eda no ha salido.<\/p>\n<p class=\"c-interview__interview c-interview__question\">\u00bfAlguna vez sinti\u00f3 que eclipsaba a otras?<\/p>\n<p class=\"c-interview__interview c-interview__answer\">No, porque Soy rebelde sigue siendo tambi\u00e9n la favorita de mucha gente. Hay a otros que les gusta Frente a Frente o Coraz\u00f3n de poeta&#8230; es el gusto de cada uno. Simplemente Porque te vas ha sido la que ha llegado a todas partes.<\/p>\n<p class=\"c-interview__interview c-interview__question\">Ha trabajado con artistas de todo tipo. \u00bfQu\u00e9 le ha hecho decir &#8216;s\u00ed&#8217; a una colaboraci\u00f3n?<\/p>\n<p class=\"c-interview__interview c-interview__answer\">Para que de un s\u00ed me tiene que gustar mucho el artista. Por ejemplo, hace poco hice un dueto con Lucas Bull, que es un chico catal\u00e1n que tiene una voz impresionante. \u00c9l particip\u00f3 en el Benidorm Fest, pero gan\u00f3 Melody. Es Grab\u00e9 con \u00e9l una canci\u00f3n que se llama \u00abComo un cristal\u00bb y es preciosa. Estoy intentando que llegue a ser conocido porque merece m\u00e1s. Hay muchos a los que le he dicho que no. Hace unos a\u00f1os atr\u00e1s hab\u00eda un chico gallego que quer\u00eda cantar conmigo y me dijo: \u00absi no lo hago contigo, no lo voy a hacer con nadie\u00bb. Le ped\u00ed que me mandara la canci\u00f3n, pero no la ve\u00eda para m\u00ed y le dije sinceramente que no. Hay otros que intentann exagerar tanto para hacer el dueto o cantar Porque te vas&#8230;, hay cosas que no hace falta hacer.<\/p>\n<p class=\"c-interview__interview c-interview__question\">Muchos artistas han versionado sus canciones. \u00bfHay alguna versi\u00f3n que le haya sorprendido o le haya hecho redescubrir su propio tema?<\/p>\n<p class=\"c-interview__interview c-interview__answer\">Rozal\u00e9n hizo una versi\u00f3n en Barcelona con la Escolania de Montserrat que es espectacular de bonito, impresiona bastante. Despu\u00e9s hay versiones como la que hizo Juan Valderrama de Porque te vas con la guitarra y un poquito de flamenco que quedaba muy bonito cantado. Hay versiones que me han sorprendido y hay otras que me han parecido horrorosas.<\/p>\n<p class=\"c-interview__interview c-interview__question\">Este 2025 cant\u00f3 Frente a Frente con Aitana en una gala especial de los Latin Grammy celebrada en Sevilla. \u00bfC\u00f3mo fue este encuentro?<\/p>\n<p class=\"c-interview__interview c-interview__answer\">Muy bien, Aitana es supersimp\u00e1tica, muy guapa y canta muy bien, me llev\u00e9 muy bien con ella. Compaginamos perfectamente cantando la canci\u00f3n para Manuel Alejandro, que estaba en primera fila. Adem\u00e1s \u00e9ramos las \u00faltimas de todas y al p\u00fablico le fascin\u00f3.<\/p>\n<p class=\"c-interview__interview c-interview__question\">Eres una referente para muchas mujeres de la m\u00fasica. \u00bfSinti\u00f3 presi\u00f3n por ello en aquel entonces?<\/p>\n<p class=\"c-interview__interview c-interview__answer\">No, a m\u00ed la fama nunca me ha subido a la cabeza. Soy muy sencilla, muy normal. He tomado esto como lo que es, una profesi\u00f3n, igual que t\u00fa eres periodista, otra persona es cocinero, soy cantante y punto. La \u00fanica diferencia es que soy una persona p\u00fablica; entiendo que si estoy en la calle la gente me pare para hacerse fotos o pedirme un aut\u00f3grafo, lo he aceptado tal cual y no pasa nada, pero no me siento diferente de ti ni de nadie.<\/p>\n<blockquote class=\"c-phrase__blockquote\"><p>\u00abNunca se me ha subido la fama a la cabeza. Soy muy sencilla, muy normal. La \u00fanica diferencia es que soy una persona p\u00fablica\u00bb<\/p><\/blockquote>\n<p class=\"c-interview__interview c-interview__question\">Si empezara hoy en la industria, \u00bfhar\u00eda algo diferente?<\/p>\n<p class=\"c-interview__interview c-interview__answer\">No creo. Quiz\u00e1s a lo largo de mi carrera hay cosas que hubiese cambiado, porque s\u00ed me he encontrado con canciones que no me han gustado demasiado o no las ten\u00eda que haber grabado. Pero eso le pasa a todos los artistas; ninguno hemos hecho todo lo que quer\u00edamos exactamente. Eso s\u00ed, he tenido muy buenos compositores y he estado arropada por muy buenos productores art\u00edsticos que han sabido sacar de m\u00ed, de esa voz chiquitita, lo m\u00e1ximo.<\/p>\n<p class=\"c-interview__interview c-interview__question\">\u00bfQu\u00e9 legado le gustar\u00eda dejar en la generaci\u00f3n de artistas actuales?<\/p>\n<p class=\"c-interview__interview c-interview__answer\">Mis canciones y mi estilo. Aunque no aconsejo imitar a nadie, quiz\u00e1s a la gente le ha podido influenciar mi manera de vestir, de peinarme, de cantar&#8230; He dejado huella y ah\u00ed est\u00e1.<\/p>\n<p class=\"c-interview__interview c-interview__question\">\u00bfQu\u00e9 consejo le dar\u00eda a un artista joven?<\/p>\n<p class=\"c-interview__interview c-interview__answer\">Que sea ella o \u00e9l mismo, que no intente imitar a nadie porque ya hay uno y con eso no va a ir a ning\u00fan sitio. Que tenga personalidad, carisma, sea fiel a su estilo y que el p\u00fablico le tenga respeto.<\/p>\n<p class=\"c-interview__interview c-interview__question\">So\u00f1aba con pilotar aviones. \u00bfPor qu\u00e9?<\/p>\n<p class=\"c-interview__interview c-interview__answer\">Porque me gustaba. Es como t\u00fa tienes afici\u00f3n al ser periodista, has estudiado para ello. Pues yo ten\u00eda afici\u00f3n de coger el avi\u00f3n.<\/p>\n<p class=\"c-interview__interview c-interview__question\">\u00bfQu\u00e9 encontr\u00f3 en la m\u00fasica que le hizo cambiar de rumbo?<\/p>\n<p class=\"c-interview__interview c-interview__answer\">No es que cambiara el rumbo, es que empec\u00e9 cantando, pero pens\u00e9 que lo de cantar era una cosa pasajera. Entonces ten\u00eda que pensar un poquito en mi futuro, porque pensaba que no iba a ser la m\u00fasica. Tuve muchos problemas en encontrar una escuela que aceptasen a mujeres para ense\u00f1arles a pilotar. Encontr\u00e9 una escuela militar en Pamplona, pero como ya estaba triunfando en la m\u00fasica, me qued\u00e9 aqu\u00ed. Hay un dicho: &#8216;el tren pasa solamente una vez, lo tienes que coger&#8217;.<\/p>\n<p class=\"c-interview__interview c-interview__question\">Si pudiera hablar con la Jeanette que empezaba en los 70, \u00bfqu\u00e9 le dir\u00eda?<\/p>\n<p class=\"c-interview__interview c-interview__answer\">Que ha hecho muy bien, que busque buenas canciones y que vaya para delante con mucho empe\u00f1o, porque no es una profesi\u00f3n f\u00e1cil ni perfecta. Ahora hay mucha gente que quiere ser cantante y estar en todas partes, pero hay que lograrlo.<\/p>\n","protected":false},"excerpt":{"rendered":"Jeannete celebra sus 50 a\u00f1os en la m\u00fasica con una gira por Espa\u00f1a en la que cantar\u00e1 sus&hellip;\n","protected":false},"author":2,"featured_media":301536,"comment_status":"","ping_status":"","sticky":false,"template":"","format":"standard","meta":{"footnotes":""},"categories":[174],"tags":[255,146,147,2958,25,24,256,65873,185,23],"class_list":{"0":"post-301535","1":"post","2":"type-post","3":"status-publish","4":"format-standard","5":"has-post-thumbnail","7":"category-famosos","8":"tag-celebrities","9":"tag-entertainment","10":"tag-entretenimiento","11":"tag-entrevistas","12":"tag-es","13":"tag-espana","14":"tag-famosos","15":"tag-jeanette","16":"tag-musica","17":"tag-spain"},"share_on_mastodon":{"url":"https:\/\/pubeurope.com\/@es\/115763518102294904","error":""},"_links":{"self":[{"href":"https:\/\/www.europesays.com\/es\/wp-json\/wp\/v2\/posts\/301535","targetHints":{"allow":["GET"]}}],"collection":[{"href":"https:\/\/www.europesays.com\/es\/wp-json\/wp\/v2\/posts"}],"about":[{"href":"https:\/\/www.europesays.com\/es\/wp-json\/wp\/v2\/types\/post"}],"author":[{"embeddable":true,"href":"https:\/\/www.europesays.com\/es\/wp-json\/wp\/v2\/users\/2"}],"replies":[{"embeddable":true,"href":"https:\/\/www.europesays.com\/es\/wp-json\/wp\/v2\/comments?post=301535"}],"version-history":[{"count":0,"href":"https:\/\/www.europesays.com\/es\/wp-json\/wp\/v2\/posts\/301535\/revisions"}],"wp:featuredmedia":[{"embeddable":true,"href":"https:\/\/www.europesays.com\/es\/wp-json\/wp\/v2\/media\/301536"}],"wp:attachment":[{"href":"https:\/\/www.europesays.com\/es\/wp-json\/wp\/v2\/media?parent=301535"}],"wp:term":[{"taxonomy":"category","embeddable":true,"href":"https:\/\/www.europesays.com\/es\/wp-json\/wp\/v2\/categories?post=301535"},{"taxonomy":"post_tag","embeddable":true,"href":"https:\/\/www.europesays.com\/es\/wp-json\/wp\/v2\/tags?post=301535"}],"curies":[{"name":"wp","href":"https:\/\/api.w.org\/{rel}","templated":true}]}}