{"id":301584,"date":"2025-12-22T14:17:13","date_gmt":"2025-12-22T14:17:13","guid":{"rendered":"https:\/\/www.europesays.com\/es\/301584\/"},"modified":"2025-12-22T14:17:13","modified_gmt":"2025-12-22T14:17:13","slug":"mas-de-400-palestinos-han-muerto-por-ataques-israelies-en-dos-meses-de-una-tregua-fallida","status":"publish","type":"post","link":"https:\/\/www.europesays.com\/es\/301584\/","title":{"rendered":"M\u00e1s de 400 palestinos han muerto por ataques israel\u00edes en dos meses de una tregua fallida"},"content":{"rendered":"<p>Al menos<strong> 405 personas<\/strong> han muerto por ataques israel\u00edes en la Franja de Gaza desde la entrada en vigor del alto el fuego, ha informado este lunes el ministerio de Sanidad del enclave palestino, dependiente de Ham\u00e1s, en su bolet\u00edn diario, que recoge las v\u00edctimas hasta la medianoche del d\u00eda anterior. <\/p>\n<p>El ministerio ha informado que los hospitales de la Franja recibieron los cuerpos de<strong> doce fallecidos<\/strong> este domingo, cuatro de ellos<strong> asesinados<\/strong> y ocho cuerpos<strong> recuperados de entre los escombros. <\/strong>Adem\u00e1s, han agregado que el total de heridos desde que la tregua entre Israel y Ham\u00e1s entrase en vigor el pasado 10 de octubre asciende a<strong> 1.115.<\/strong><\/p>\n<p>Israel contin\u00faa controlando e<strong>l 54 % <\/strong>de la Franja de Gaza, despu\u00e9s de que sus tropas se replegaran a la denominada <strong>&#8216;l\u00ednea amarilla&#8217;,<\/strong> donde siguen disparando casi a diario contra palestinos que el Ej\u00e9rcito alega se acercan demasiado y a los que considera \u00abterroristas\u00bb, aunque a menudo no ofrece prueba de ello. Adem\u00e1s, gran parte de la poblaci\u00f3n civil gazat\u00ed desconoce las demarcaciones, por lo que suelen suelen aproximarse a esta nueva frontera intentando regresar a sus hogares o en b\u00fasqueda de comida.<\/p>\n<p>\u201cA pesar de que en todo el mundo se sigue hablando de un \u2018alto el fuego\u2019, la realidad sobre el terreno es completamente distinta\u00bb, dice a RTVE. <strong>Yair Dvir<\/strong>, portavoz de la ONG israel\u00ed <strong>Betselem<\/strong>. \u00abEn las diez semanas transcurridas desde que el acuerdo entr\u00f3 en vigor, Israel ha matado a m\u00e1s de 400 palestinos en Gaza, <strong>incluidos al menos 130 ni\u00f1os<\/strong>, mediante bombardeos reiterados contra campamentos de desplazados y disparos de francotiradores. Adem\u00e1s, contin\u00faa demoliendo edificios y sigue denegando aproximadamente el 75 % de las solicitudes de ayuda humanitaria\u00bb, a\u00f1ade Dvir. <\/p>\n<p>Palestinos asisten al funeral de los periodistas muertos en un ataque israel\u00ed, frente al Hospital Al-Shifa en la ciudad de Gaza, el 11 de agosto de 2025.\u00a0EFE \/ MOHAMMED SABER<\/p>\n<p>Miles de cuerpos siguen bajo los escombros<\/p>\n<p>Dentro del \u00faltimo reporte de fallecidos difundido por el ministerio de Sanidad palestino, se recogen 4 nuevas muertes como consecuencia del derrumbe de un edificio, lo que eleva a<strong> 15 el n\u00famero de v\u00edctimas mortales por desplomes de inmuebles<\/strong>, en muchos casos bombardeados durante la guerra y ahora azotados por el <strong>temporal de invierno<\/strong> que sigue coleando en la Franja tras el paso de la tormenta Byron. <\/p>\n<p>La Franja acumula<strong> toneladas de escombros<\/strong> tras m\u00e1s de dos a\u00f1os de devastaci\u00f3n por fuego israel\u00ed y m\u00e1s del <strong>80 % de sus edificios<\/strong> han sido completamente destruidos o da\u00f1ados. \u00abVarias v\u00edctimas permanecen debajo y en las carreteras, donde los equipos de ambulancias y Defensa Civil no pueden llegar por el momento\u00bb, han alertado este lunes desde Gaza. Las autoridades palestinas insisten en que todav\u00eda hay<strong> miles de cad\u00e1veres atrapados<\/strong> entre las ruinas y que las tareas de rescate son limitadas, debido a la escasez de recursos como maquinaria pesada y combustible. <\/p>\n<p>\t\tGaza intenta volver a la vida entre los escombros: \u201cNo s\u00e9 c\u00f3mo podemos empezar de nuevo aqu\u00ed\u201d\t<\/p>\n<p>Meses antes de que entrara en vigor el \u00faltimo alto el fuego el pasado 10 de octubre, Israel ya hab\u00eda restringido severamente la entrada de ayuda en el territorio, argumentando que esta asistencia estaba siendo desviada por \u00abactores malintencionados\u00bb. Pero incluso despu\u00e9s de que se hiciese efectivo el cese de hostilidades, las organizaciones internacionales han advertido de que no estaba entrando en Gaza<strong> ni suficiente comida, ni otros suministros vitales<\/strong>. Un an\u00e1lisis de la agencia de noticias Associated Press publicado en diciembre ha concluido que las entregas estaban muy por debajo de los t\u00e9rminos que Israel hab\u00eda aceptado en el alto el fuego mediado por la Administraci\u00f3n Trump. El IPC estima que, durante el pr\u00f3ximo a\u00f1o, m\u00e1s de<strong> 100.000 ni\u00f1os<\/strong> en Gaza<strong> sufrir\u00e1n \u201cmalnutrici\u00f3n aguda y necesitar\u00e1n tratamiento\u201d<\/strong>, as\u00ed como unas<strong> 37.000 mujeres embarazadas.<\/strong><\/p>\n<p>El impacto de esta escasez va mucho m\u00e1s all\u00e1 del riesgo de hambre. La llegada del<strong> invierno<\/strong> y los fuertes vientos de principios de este mes causaron inundaciones generalizadas en algunos asentamientos y el derrumbe de estructuras da\u00f1adas donde los residentes palestinos de Gaza hab\u00edan intentado refugiarse.<\/p>\n<p>Al menos dos beb\u00e9s han muerto por hipotermia, ya que las lonas de pl\u00e1stico ofrecieron poca protecci\u00f3n contra el fr\u00edo y las<strong> mantas t\u00e9rmicas <\/strong>\u2014sujetas en ocasiones a<strong> restricciones israel\u00edes<\/strong>\u2014 escasean. \u201cEstamos advirtiendo de que esta tragedia volver\u00e1 a ocurrir si no hay una soluci\u00f3n permanente para los beb\u00e9s, y en particular para los beb\u00e9s prematuros, porque son m\u00e1s vulnerables a la bajada de las temperaturas\u201d, ha declarado a Associated Press Ahmed al-Farra, director del departamento de pediatr\u00eda del hospital Nasser, donde un beb\u00e9 de 29 d\u00edas fue ingresado el pasado mi\u00e9rcoles y no pudo ser salvado. \u201cViven en tiendas deterioradas, expuestas al viento y al fr\u00edo, y carecen de todos los medios para mantenerse calientes\u201d.<\/p>\n<p>Palestinos en un campamento improvisado de desplazados despu\u00e9s de las fuertes lluvias que asolan a Gaza.\u00a0Omar AL-QATTAA \/ AFP<\/p>\n<p>Las organizaciones de derechos humanos culpan a Israel de no hacer m\u00e1s para ayudar. \u201cLas tormentas mortales de los \u00faltimos d\u00edas han infligido un sufrimiento adicional a una poblaci\u00f3n ya traumatizada y han agravado el padecimiento de los palestinos que a\u00fan se recuperan de dos a\u00f1os de bombardeos implacables y desplazamientos forzosos\u201d, ha afirmado Erika Guevara Rosas, de Amnist\u00eda Internacional, en un comunicado. \u201cSaber que la magnitud de este desastre podr\u00eda haberse evitado si las autoridades israel\u00edes hubieran permitido la entrada de refugios y otros materiales esenciales para reparar infraestructuras vitales resulta profundamente angustiante\u201d.<\/p>\n<p>Desde que Israel empezara su ofensiva en Gaza como represalia por los ataques de Ham\u00e1s en octubre de 2023, un total de<strong> 70.937 <\/strong>palestinos han muerto en ataques israel\u00edes y<strong> 171.192<\/strong> han resultado heridos, muchos con<strong> amputaciones y lesiones de por vida.<\/strong><\/p>\n<p>M\u00e1s de 1.5 millones de personas desnutridas<\/p>\n<p>Si bien los expertos de la principal autoridad mundial en materia de hambre, la Clasificaci\u00f3n Integrada de las Fases de la Seguridad Alimentaria (IPC, por sus siglas en ingl\u00e9s), han apuntado recientemente que ya no hay zonas del devastado territorio palestino que est\u00e9n experimentando condiciones de hambruna gracias al aumento de las entregas de ayuda humanitaria y la entrada de productos comerciales, los expertos tambi\u00e9n advirtieron que<strong> tres cuartas partes de la poblaci\u00f3n de Gaza<\/strong> &#8211; 1,6 millones de personas <strong>&#8211; siguen sufriendo inseguridad alimentaria aguda y malnutrici\u00f3n.<\/strong><\/p>\n<p>Las autoridades israel\u00edes han cuestionado las conclusiones previas del IPC sobre la existencia de hambruna, insistiendo en que el organismo ha utilizado en el pasado datos inexactos. Es m\u00e1s, desde el Ministerio de Asuntos Exteriores del gobierno de Binyam\u00edn Netanyahu se\u00f1alaban el pasado viernes  que \u201cincluso el IPC tuvo que admitir que no hay hambruna en Gaza\u201d.<\/p>\n<p>Palestinos intentan hacerse con sacos de harina de un cami\u00f3n del Programa Mundial de Alimentos en Deir al-Balah, en el centro de la Franja, el 15 de noviembre de 2025.\u00a0Abdel Kareem Hana<\/p>\n<p>Sin embargo, esa afirmaci\u00f3n contradice tanto informes elaborados por las Naciones Unidas, como por el Gobierno de Estados Unidos, que apuntan a lo contrario. Una investigaci\u00f3n interna realizada el pasado mes de julio  por la Agencia de los Estados Unidos para el Desarrollo Internacional (USAID) indic\u00f3 que no hab\u00eda pruebas de robos o desv\u00edos sistem\u00e1ticos de la ayuda por parte de la milicia islamista Ham\u00e1s. De los 156 incidentes de robo o p\u00e9rdida de suministros analizados, \u00abninguna informaci\u00f3n\u00bb confirm\u00f3 que el grupo armado se beneficiase de dicha ayuda. \u00abMire, esta gente (los gazat\u00edes) est\u00e1 desesperada y, cuando ve llegar un cami\u00f3n del Programa Mundial de Alimentos (PMA), sale corriendo hacia \u00e9l\u00bb, dijo<strong> Cindy McCain<\/strong>, directora ejecutiva de PMA, dependiente de la ONU, durante una entrevista este a\u00f1o en la cadena estadounidense CBS. \u00abEsto no tiene nada que ver con Ham\u00e1s ni con ning\u00fan tipo de crimen organizado, ni nada por el estilo\u00bb, a\u00f1adi\u00f3. <\/p>\n<p>\u00abIsrael contin\u00faa impidiendo la entrada en Gaza no solo de equipos m\u00e9dicos o trabajadores humanitarios, sino tambi\u00e9n de periodistas extranjeros. Esto restringe el acceso a atenci\u00f3n vital, oculta la realidad sobre el terreno e impide documentar el da\u00f1o infligido a la poblaci\u00f3n civil\u00bb, apunta al respecto <strong>Yair Dvir<\/strong>, de <strong>Betselem.<\/strong> \u00abLos l\u00edderes mundiales y la comunidad internacional siguen eludiendo su responsabilidad, abandonando a la poblaci\u00f3n de Gaza y permitiendo que Israel contin\u00fae su campa\u00f1a destructiva sin freno, amparada en la cortina de humo de un supuesto \u2018alto el fuego\u2019, que impide el inicio de la reconstrucci\u00f3n y la restauraci\u00f3n siquiera de una seguridad b\u00e1sica\u00bb, concluyen desde la organizaci\u00f3n israel\u00ed. <\/p>\n","protected":false},"excerpt":{"rendered":"Al menos 405 personas han muerto por ataques israel\u00edes en la Franja de Gaza desde la entrada en&hellip;\n","protected":false},"author":2,"featured_media":297758,"comment_status":"","ping_status":"","sticky":false,"template":"","format":"standard","meta":{"footnotes":""},"categories":[42],"tags":[17,18,13,14,11,61,62,63,64,19,20,9,10,15,16,12,21,22,65,66,67],"class_list":{"0":"post-301584","1":"post","2":"type-post","3":"status-publish","4":"format-standard","5":"has-post-thumbnail","7":"category-internacional","8":"tag-breaking-news","9":"tag-breakingnews","10":"tag-featured-news","11":"tag-featurednews","12":"tag-headlines","13":"tag-internacional","14":"tag-international","15":"tag-international-news","16":"tag-internationalnews","17":"tag-latest-news","18":"tag-latestnews","19":"tag-news","20":"tag-noticias","21":"tag-noticias-destacadas","22":"tag-noticiasdestacadas","23":"tag-titulares","24":"tag-ultimas-noticias","25":"tag-ultimasnoticias","26":"tag-world","27":"tag-world-news","28":"tag-worldnews"},"share_on_mastodon":{"url":"https:\/\/pubeurope.com\/@es\/115763651846401233","error":""},"_links":{"self":[{"href":"https:\/\/www.europesays.com\/es\/wp-json\/wp\/v2\/posts\/301584","targetHints":{"allow":["GET"]}}],"collection":[{"href":"https:\/\/www.europesays.com\/es\/wp-json\/wp\/v2\/posts"}],"about":[{"href":"https:\/\/www.europesays.com\/es\/wp-json\/wp\/v2\/types\/post"}],"author":[{"embeddable":true,"href":"https:\/\/www.europesays.com\/es\/wp-json\/wp\/v2\/users\/2"}],"replies":[{"embeddable":true,"href":"https:\/\/www.europesays.com\/es\/wp-json\/wp\/v2\/comments?post=301584"}],"version-history":[{"count":0,"href":"https:\/\/www.europesays.com\/es\/wp-json\/wp\/v2\/posts\/301584\/revisions"}],"wp:featuredmedia":[{"embeddable":true,"href":"https:\/\/www.europesays.com\/es\/wp-json\/wp\/v2\/media\/297758"}],"wp:attachment":[{"href":"https:\/\/www.europesays.com\/es\/wp-json\/wp\/v2\/media?parent=301584"}],"wp:term":[{"taxonomy":"category","embeddable":true,"href":"https:\/\/www.europesays.com\/es\/wp-json\/wp\/v2\/categories?post=301584"},{"taxonomy":"post_tag","embeddable":true,"href":"https:\/\/www.europesays.com\/es\/wp-json\/wp\/v2\/tags?post=301584"}],"curies":[{"name":"wp","href":"https:\/\/api.w.org\/{rel}","templated":true}]}}