{"id":301590,"date":"2025-12-22T14:25:13","date_gmt":"2025-12-22T14:25:13","guid":{"rendered":"https:\/\/www.europesays.com\/es\/301590\/"},"modified":"2025-12-22T14:25:13","modified_gmt":"2025-12-22T14:25:13","slug":"agenda-de-la-semana-hasta-cuatro-carreras-de-primer-nivel-en-siete-dias","status":"publish","type":"post","link":"https:\/\/www.europesays.com\/es\/301590\/","title":{"rendered":"Agenda de la semana: hasta cuatro carreras de primer nivel en siete d\u00edas"},"content":{"rendered":"<p><img itemprop=\"image\" class=\"img-responsive center-block\"  alt=\"laurens-sweeck-krawantencross-lille-2021\"\/><\/p>\n<p class=\"feat-caption-text\">Foto: X\u00b2O Badkamers Trofee @X2OTrofee\n<\/p>\n<p>La agenda de la semana incluye hasta cuatro competiciones de prestigio en apenas siete d\u00edas, con carreras del X20, del Superprestigio y de la Copa del Mundo. Las principales estrellas han elegido las competiciones a las que apuntar\u00e1n y han optado por descartar alguna que otra. Vamos con el an\u00e1lisis de una agenda con actividad el mismo lunes.<\/p>\n<p>La semana arranca con el<strong> X20 Trofeo Hofstade-Plage Cross<\/strong>, una prueba que se disputa el lunes 22 de diciembre y que ser\u00e1 televisada en <strong>Eurosport 2<\/strong> (prueba femenina y masculina en horarios habituales, es decir, 13.40 y 14.55 horas). En acci\u00f3n tendremos a corredores como <strong>Mathieu van der Poel, Thibau Nys, Michael Vanthourenhout, Niels Vandeputte, Joris Nieuwenhuis, Laurens Sweeck, Lars van der Haar, Toon Aerts<\/strong>\u2026 por lo que el espect\u00e1culo est\u00e1 garantizado.<\/p>\n<p>No hay que olvidar que Espa\u00f1a tambi\u00e9n estar\u00e1 muy bien representada. En las diferentes categor\u00edas tendremos a <strong>Gonzalo Inguanzo, Kevin Su\u00e1rez, Marcos G\u00f3mez, Carla Jim\u00e9nez, David Ivars, Be\u00f1at Fern\u00e1ndez, Arkaitz Suso, Benjam\u00edn Noval, Pablo Jim\u00e9nez, Ibai Sasigain o Unai Ega\u00f1a<\/strong>.<\/p>\n<p>El martes tendremos el Superprestigio de <strong>Zolder<\/strong> mientras que el viernes llegar\u00e1 el turno de la Copa del Mundo de <strong>Gavere<\/strong> y el domingo otra raci\u00f3n de Copa del Mundo: <strong>Dendermonde<\/strong> es el escenario elegido para esta cita. En estas tres competiciones (martes, viernes y domingo) s\u00ed que estar\u00e1 presente <strong>Felipe Orts<\/strong>.<\/p>\n<p><strong>AGENDA DE LA SEMANA<\/strong><br \/>22. X20 Trofeo Hofstade-Plage Cross. C2<br \/>23. Superprestigio Heusden-Zolder. C1<br \/>26. Copa del Mundo de Gavere. CDM<br \/>28. Copa del Mundo Dendermonde. CDM<\/p>\n","protected":false},"excerpt":{"rendered":"Foto: X\u00b2O Badkamers Trofee @X2OTrofee La agenda de la semana incluye hasta cuatro competiciones de prestigio en apenas&hellip;\n","protected":false},"author":2,"featured_media":301591,"comment_status":"","ping_status":"","sticky":false,"template":"","format":"standard","meta":{"footnotes":""},"categories":[273],"tags":[313,312,168,25,24,23,167],"class_list":{"0":"post-301590","1":"post","2":"type-post","3":"status-publish","4":"format-standard","5":"has-post-thumbnail","7":"category-ciclismo","8":"tag-ciclismo","9":"tag-cycling","10":"tag-deportes","11":"tag-es","12":"tag-espana","13":"tag-spain","14":"tag-sports"},"share_on_mastodon":{"url":"https:\/\/pubeurope.com\/@es\/115763683249404200","error":""},"_links":{"self":[{"href":"https:\/\/www.europesays.com\/es\/wp-json\/wp\/v2\/posts\/301590","targetHints":{"allow":["GET"]}}],"collection":[{"href":"https:\/\/www.europesays.com\/es\/wp-json\/wp\/v2\/posts"}],"about":[{"href":"https:\/\/www.europesays.com\/es\/wp-json\/wp\/v2\/types\/post"}],"author":[{"embeddable":true,"href":"https:\/\/www.europesays.com\/es\/wp-json\/wp\/v2\/users\/2"}],"replies":[{"embeddable":true,"href":"https:\/\/www.europesays.com\/es\/wp-json\/wp\/v2\/comments?post=301590"}],"version-history":[{"count":0,"href":"https:\/\/www.europesays.com\/es\/wp-json\/wp\/v2\/posts\/301590\/revisions"}],"wp:featuredmedia":[{"embeddable":true,"href":"https:\/\/www.europesays.com\/es\/wp-json\/wp\/v2\/media\/301591"}],"wp:attachment":[{"href":"https:\/\/www.europesays.com\/es\/wp-json\/wp\/v2\/media?parent=301590"}],"wp:term":[{"taxonomy":"category","embeddable":true,"href":"https:\/\/www.europesays.com\/es\/wp-json\/wp\/v2\/categories?post=301590"},{"taxonomy":"post_tag","embeddable":true,"href":"https:\/\/www.europesays.com\/es\/wp-json\/wp\/v2\/tags?post=301590"}],"curies":[{"name":"wp","href":"https:\/\/api.w.org\/{rel}","templated":true}]}}