{"id":301594,"date":"2025-12-22T14:28:11","date_gmt":"2025-12-22T14:28:11","guid":{"rendered":"https:\/\/www.europesays.com\/es\/301594\/"},"modified":"2025-12-22T14:28:11","modified_gmt":"2025-12-22T14:28:11","slug":"al-betis-le-aguardan-ocho-partidos-en-29-dias-para-arrancar-2026","status":"publish","type":"post","link":"https:\/\/www.europesays.com\/es\/301594\/","title":{"rendered":"Al Betis le aguardan ocho partidos en 29 d\u00edas para arrancar 2026"},"content":{"rendered":"<p>            <a href=\"https:\/\/mundobetis.com\/wp-content\/uploads\/2025\/12\/WhatsApp-Image-2025-12-21-at-23.36.52-1-scaled.jpeg\" data-caption=\"Deossa, el Cucho y Antony celebran el gol del delantero colombiano (Paula de la Cruz \/ @paulacrz__)\" rel=\"nofollow noopener\" target=\"_blank\"><img loading=\"lazy\" decoding=\"async\" width=\"696\" height=\"464\" class=\"entry-thumb td-modal-image\" src=\"https:\/\/www.europesays.com\/es\/wp-content\/uploads\/2025\/12\/WhatsApp-Image-2025-12-21-at-23.36.52-1-696x464.jpeg\"   alt=\"Deossa, el Cucho y Antony celebran el gol del delantero colombiano (Paula de la Cruz \/ @paulacrz__)\" title=\"WhatsApp Image 2025 12 21 at 23.36.52 (1)\"\/><\/a>Deossa, el Cucho y Antony celebran el gol del delantero colombiano (Paula de la Cruz \/ @paulacrz__)<\/p>\n<p>Los jugadores del <strong>Real Betis<\/strong> se han marchado este lunes de vacaciones navide\u00f1as y no est\u00e1 previsto que regresen de las mismas hasta el martes 30 de diciembre, cuando comenzar\u00e1n a preparar el choque de la 18\u00aa jornada de Liga en<strong> Primera Divisi\u00f3n<\/strong> que le enfrentar\u00e1 al <strong>Real Madrid en el Santiago Bernab\u00e9u<\/strong> el pr\u00f3ximo domingo 4 de enero a partir de las 16:15h.<\/p>\n<p>En el arranque de a\u00f1o 2026 los verdiblancos tienen un intens\u00edsimo calendario ante s\u00ed, en el que disputar\u00e1n ocho partidos en apenas 29 d\u00edas, la mitad de ellos seguramente sin el concurso de sus internacionales africanos \u2013<strong>Amrabat<\/strong>, ayer titular con Marruecos, <strong>Abde<\/strong> y <strong>Bakambu<\/strong>-, pues la Copa \u00c1frica se prolonga hasta el 18 de enero. Los equipos que no compiten en <strong>Europa<\/strong> y ya est\u00e1n apeados de la <strong>Copa<\/strong> jugar\u00e1n cinco partidos en ese lapso de tiempo.<\/p>\n<p>Tras visitar al <strong>Real Madrid,<\/strong> el Betis deber\u00e1 jugar de nuevo fuera de casa el s\u00e1bado 10 de enero en el <strong>Carlos Tartiere<\/strong> ante el <strong>Oviedo<\/strong>, mientras que el martes 14 o el mi\u00e9rcoles 15 disputar\u00e1 los <strong>octavos de final de la Copa<\/strong> contra el rival que le toque en suerte en el sorteo del mi\u00e9rcoles 7 de enero.<\/p>\n<p>El s\u00e1bado 17 de enero disputar\u00e1n los verdiblancos su primer partido del a\u00f1o en <strong>La Cartuja<\/strong> ante el <strong>Villarreal<\/strong> -a no ser que toque jugar los octavos de <strong>Copa<\/strong> en casa-, que el martes siguiente recibe al <strong>Ajax<\/strong> en la <strong>Champions<\/strong>, motivo por el que el partido con el <strong>Betis<\/strong> se adelanta al s\u00e1bado. El jueves 22 el <strong>Betis<\/strong> rendir\u00e1 visita al <strong>PAOK de Sal\u00f3nica<\/strong> en la s\u00e9ptima jornada de la <strong>Europa League<\/strong> y el domingo 25 visitar\u00e1 al <strong>Alav\u00e9s<\/strong> en <strong>Mendizorroza<\/strong>, en el primer partido de la segunda vuelta del campeonato.<\/p>\n<p>De los seis primeros partidos del a\u00f1o 2026, cinco de ellos pueden ser fuera de casa, seg\u00fan depare el sorteo copero de octavos. El jueves 29 de enero el Betis recibir\u00e1 al <strong>Feyenoord<\/strong> en <strong>La Cartuja<\/strong> a partir de las nueve de noche para tratar de certificar su clasificaci\u00f3n en el Top 8 de la <strong>Europa League<\/strong>, y el domingo 1 de febrero recibir\u00e1 al <strong>Valencia<\/strong>, por lo que en total ser\u00e1n ocho partidos a disputar en apenas 29 d\u00edas.<\/p>\n<p>Para primeros de a\u00f1o, <strong>Pellegrini<\/strong> espera poder contar ya con los lesionados <strong>Llorente<\/strong> y <strong>Junior<\/strong>, mientras que el regreso de <strong>Isco<\/strong> depender\u00e1 de sus sensaciones tras el nuevo plan m\u00e9dico al que est\u00e1 siendo sometido, con infiltraciones de factor de crecimiento. El regreso de <strong>Amrabat, Abde y Bakambu<\/strong> depender\u00e1 de la progresi\u00f3n de sus respecrivas selecciones en la Copa Africa.<\/p>\n<p>Para 2026 formul\u00f3 ayer <strong>Pellegrini<\/strong>, tras el formidable 4-0 al Getafe, el siguiente deseo: \u00abQue lo mejor que hayamos hecho este a\u00f1o sea lo peor del pr\u00f3ximo. El nivel de exigencia es alto y quer\u00edamos dar este regalo de Navidad a la hinchada. Pido, como todos los a\u00f1os, salud y que los resultados sigan acompa\u00f1ando a esta instituci\u00f3n para estar m\u00e1s arriba\u00bb.<\/p>\n<p>\u00danete a nuestro canal de\u00a0<a href=\"https:\/\/whatsapp.com\/channel\/0029VbAS8066LwHnsfw7tS1S\" target=\"_blank\" rel=\"noopener nofollow\">WhatsApp<\/a>\u00a0para estar informado de toda la actualidad del Real\u00a0Betis\u00a0Balompi\u00e9.<\/p>\n","protected":false},"excerpt":{"rendered":"Deossa, el Cucho y Antony celebran el gol del delantero colombiano (Paula de la Cruz \/ @paulacrz__) Los&hellip;\n","protected":false},"author":2,"featured_media":301595,"comment_status":"","ping_status":"","sticky":false,"template":"","format":"standard","meta":{"footnotes":""},"categories":[268],"tags":[168,25,24,280,282,281,23,167],"class_list":{"0":"post-301594","1":"post","2":"type-post","3":"status-publish","4":"format-standard","5":"has-post-thumbnail","7":"category-futbol","8":"tag-deportes","9":"tag-es","10":"tag-espana","11":"tag-football","12":"tag-futbol","13":"tag-soccer","14":"tag-spain","15":"tag-sports"},"share_on_mastodon":{"url":"https:\/\/pubeurope.com\/@es\/115763695859838038","error":""},"_links":{"self":[{"href":"https:\/\/www.europesays.com\/es\/wp-json\/wp\/v2\/posts\/301594","targetHints":{"allow":["GET"]}}],"collection":[{"href":"https:\/\/www.europesays.com\/es\/wp-json\/wp\/v2\/posts"}],"about":[{"href":"https:\/\/www.europesays.com\/es\/wp-json\/wp\/v2\/types\/post"}],"author":[{"embeddable":true,"href":"https:\/\/www.europesays.com\/es\/wp-json\/wp\/v2\/users\/2"}],"replies":[{"embeddable":true,"href":"https:\/\/www.europesays.com\/es\/wp-json\/wp\/v2\/comments?post=301594"}],"version-history":[{"count":0,"href":"https:\/\/www.europesays.com\/es\/wp-json\/wp\/v2\/posts\/301594\/revisions"}],"wp:featuredmedia":[{"embeddable":true,"href":"https:\/\/www.europesays.com\/es\/wp-json\/wp\/v2\/media\/301595"}],"wp:attachment":[{"href":"https:\/\/www.europesays.com\/es\/wp-json\/wp\/v2\/media?parent=301594"}],"wp:term":[{"taxonomy":"category","embeddable":true,"href":"https:\/\/www.europesays.com\/es\/wp-json\/wp\/v2\/categories?post=301594"},{"taxonomy":"post_tag","embeddable":true,"href":"https:\/\/www.europesays.com\/es\/wp-json\/wp\/v2\/tags?post=301594"}],"curies":[{"name":"wp","href":"https:\/\/api.w.org\/{rel}","templated":true}]}}