{"id":301627,"date":"2025-12-22T14:52:12","date_gmt":"2025-12-22T14:52:12","guid":{"rendered":"https:\/\/www.europesays.com\/es\/301627\/"},"modified":"2025-12-22T14:52:12","modified_gmt":"2025-12-22T14:52:12","slug":"gracias-por-darme-los-mejores-regalos","status":"publish","type":"post","link":"https:\/\/www.europesays.com\/es\/301627\/","title":{"rendered":"Gracias por darme los mejores regalos"},"content":{"rendered":"<p id=\"eFZ7OdD4w8\" data-wc=\"80\">La muerte de <strong>James Ransone<\/strong> (46) ha causado una enorme conmoci\u00f3n en la industria del entretenimiento, pero ahora todos los pensamientos est\u00e1n con su familia: su mujer, <strong>Jamie McPhee<\/strong>, y sus hijos Jack, de 6 a\u00f1os, y a su hija Violet, de 4. <a class=\"hm-link ho-link\" href=\"https:\/\/www.hola.com\/actualidad\/20251222874172\/james-ransone-actor-causas-muerte\/\" data-mrf-recirculation=\"article-body-link\" rel=\"nofollow noopener\" target=\"_blank\">Su familia se encuentra totalmente devastada<\/a> pero, en medio de su dolor, su viuda ha decidido <strong>romper su silencio<\/strong> y ha utilizado las redes sociales para compartir una emotiva carta de despedida, llena de amor y gratitud.\u00a0<\/p>\n<p> <img src=\"https:\/\/www.europesays.com\/es\/wp-content\/uploads\/2025\/12\/c7f7f22f991f-gettyimages-615186520.jpg\"   width=\"855\" height=\"1024\" loading=\"lazy\" decoding=\"async\" alt=\"James Ransone en una charla sobre &quot;In A Valley Of Violence&quot; en Nueva York en 2016\" fetchpriority=\"auto\" class=\"image ho-image\"\/>\u00a9 Getty ImagesJames Ransone en un acto en Nueva York en 2016<\/p>\n<p id=\"eJStouoEr-\" data-wc=\"99\">\u00abTe dije que te hab\u00eda amado mil veces antes y s\u00e9 que te volver\u00e9 a amar. Me dijiste: \u00abNecesito ser m\u00e1s como t\u00fa y t\u00fa necesitas ser m\u00e1s como yo\u00bb, y ten\u00edas toda la raz\u00f3n. <strong>Gracias por darme los mayores regalos: t\u00fa, Jack y Violet. Somos para siempre<\/strong>\u00ab, es la emotiva carta con la que se ha despedido de su marido a trav\u00e9s de su cuenta de Instagram. Adem\u00e1s, Jamie ha utilizado una de sus fotos favoritas junto a su marido en las que se les ve\u00eda felices e ilusionados mientras esperaban la llegada de uno de sus hijos.<\/p>\n<p> <img src=\"https:\/\/www.europesays.com\/es\/wp-content\/uploads\/2025\/12\/019c32a45c88-james-foto-mujer.jpg\"   width=\"1021\" height=\"1024\" loading=\"lazy\" decoding=\"async\" alt=\"James Ransone y su mujer, Jamie McPhee\" fetchpriority=\"auto\" class=\"image ho-image\"\/>\u00a9 skippermcpheeJames y Jamie<\/p>\n<p> <img src=\"https:\/\/www.europesays.com\/es\/wp-content\/uploads\/2025\/12\/2ceb929b548b-james-foto4.jpg\"   width=\"1002\" height=\"1024\" loading=\"lazy\" decoding=\"async\" alt=\"James Ransone con su mujer y sus hijos\" fetchpriority=\"auto\" class=\"image ho-image\"\/>\u00a9 skippermcpheeLa preciosa familia Ransone<\/p>\n<p id=\"e-eTcxo8QA\" data-wc=\"172\">Tras la noticia de su tr\u00e1gico fallecimiento, el mundo virtual se ha llenado de homenajes recordando la figura del actor de <strong>The Wire<\/strong>, <strong>CSI: Crime Scene Investigation<\/strong><strong>,\u00a0<\/strong><strong>Haw\u00e1i 5-0, Generation Kill<\/strong>, Treme o Bosch.\u00a0\u00abMe siento mal por ti, Jamie, y por \u00e9l&#8230; <strong>De verdad que lo intent\u00f3<\/strong>\u00ab, \u00abNo hay palabras&#8230; Amor inmenso. Amor eterno. Amor que crece sin cesar con Jack y Violet. <strong>Un legado precioso<\/strong>. Te quiero\u00bb, \u00abDescansa en paz \u2764\ufe0f <strong>eras un buen amigo<\/strong>\u00ab, \u00abEstoy devastada por su fallecimiento. <strong>Le vamos a echar much\u00edsimo de menos<\/strong>\u00ab, \u00abUna p\u00e9rdida inimaginable. Fue un amigo incre\u00edble que hizo mejores muchas vidas, incluyendo la m\u00eda\u00bb, \u00abA\u00fan no me lo creo\u00bb, \u00abLo siento mucho Jamie. Te env\u00edo todo mi amor\u00bb, \u00abMis pensamientos est\u00e1n con vosotros\u00bb, \u00abLamento mucho tu p\u00e9rdida\u00bb, \u00abLe conoc\u00ed en 2019. Fue muy dulce y amable conmigo. Os env\u00edo mi amor y mis oraciones\u00bb, \u00abMi m\u00e1s sentido p\u00e9same para ti y tu familia\u00bb o \u00ab<strong>Juntos por siempre<\/strong>\u00ab, son algunos de los cari\u00f1osos mensajes que le han enviado muchos amigos, compa\u00f1eros y seguidores.<\/p>\n<p> <img src=\"https:\/\/www.europesays.com\/es\/wp-content\/uploads\/2025\/12\/3817f4c787d6-james-foto6.jpg\"   width=\"924\" height=\"1024\" loading=\"lazy\" decoding=\"async\" alt=\"James Ransone con sus hijos Violet y Jack\" fetchpriority=\"auto\" class=\"image ho-image\"\/>\u00a9 skippermcpheeUna entra\u00f1able foto de James porteando a su hija y llevando sobre los hombros a su hijo<\/p>\n<p> <img src=\"https:\/\/www.europesays.com\/es\/wp-content\/uploads\/2025\/12\/bfc3f20454cc-james-foto2.jpg\"   width=\"811\" height=\"1024\" loading=\"lazy\" decoding=\"async\" alt=\"James Ransone con su hija Violet\" fetchpriority=\"auto\" class=\"image ho-image\"\/>\u00a9 skippermcpheeJames Ransone con su hija Violet<\/p>\n<p id=\"eBwHGhTwHr\" data-wc=\"74\">El pasado viernes, 19 de diciembre, el actor estadounidense <strong>fue encontrado sin vida en el cobertizo de su casa<\/strong> despu\u00e9s de que la polic\u00eda recibiera una llamada de emergencia. La Oficina del M\u00e9dico Forense del Condado de Los \u00c1ngeles determin\u00f3 que la causa fue un suicidio por ahorcamiento. A lo largo de los \u00faltimos a\u00f1os, Ransone, conocido por su interpretaci\u00f3n de Eddie Kaspbrak en It: Chapter Two, hab\u00eda hablado abiertamente sobre sus luchas personales.\u00a0<\/p>\n<p> <img src=\"https:\/\/www.europesays.com\/es\/wp-content\/uploads\/2025\/12\/06c4c1a74476-gettyimages-462298606.jpg\"   width=\"682\" height=\"1024\" loading=\"lazy\" decoding=\"async\" alt=\"James Ransone en un evento en Park City, Utah, en 2015\" fetchpriority=\"auto\" class=\"image ho-image\"\/>\u00a9 Getty ImagesJames Ransone en un evento en Park City, Utah, en 2015<\/p>\n<p id=\"euj2Cg1ZMxYg\" data-wc=\"59\">En 2021, el actor comparti\u00f3 p\u00fablicamente <strong>el trauma que arrastraba desde su ni\u00f1ez, revelando que a los 12 a\u00f1os fue v\u00edctima de abuso sexual<\/strong> por parte de un profesor. Esta experiencia le marc\u00f3 para siempre y por ello tuvo una \u00abvida de verg\u00fcenza y humillaci\u00f3n\u00bb, provocando los problemas de adicci\u00f3n y salud mental con los que tuvo que lidiar.<\/p>\n","protected":false},"excerpt":{"rendered":"La muerte de James Ransone (46) ha causado una enorme conmoci\u00f3n en la industria del entretenimiento, pero ahora&hellip;\n","protected":false},"author":2,"featured_media":301628,"comment_status":"","ping_status":"","sticky":false,"template":"","format":"standard","meta":{"footnotes":""},"categories":[174],"tags":[517,255,146,147,25,24,931,256,23],"class_list":{"0":"post-301627","1":"post","2":"type-post","3":"status-publish","4":"format-standard","5":"has-post-thumbnail","7":"category-famosos","8":"tag-actualidad","9":"tag-celebrities","10":"tag-entertainment","11":"tag-entretenimiento","12":"tag-es","13":"tag-espana","14":"tag-fallecimiento","15":"tag-famosos","16":"tag-spain"},"share_on_mastodon":{"url":"https:\/\/pubeurope.com\/@es\/115763789584052648","error":""},"_links":{"self":[{"href":"https:\/\/www.europesays.com\/es\/wp-json\/wp\/v2\/posts\/301627","targetHints":{"allow":["GET"]}}],"collection":[{"href":"https:\/\/www.europesays.com\/es\/wp-json\/wp\/v2\/posts"}],"about":[{"href":"https:\/\/www.europesays.com\/es\/wp-json\/wp\/v2\/types\/post"}],"author":[{"embeddable":true,"href":"https:\/\/www.europesays.com\/es\/wp-json\/wp\/v2\/users\/2"}],"replies":[{"embeddable":true,"href":"https:\/\/www.europesays.com\/es\/wp-json\/wp\/v2\/comments?post=301627"}],"version-history":[{"count":0,"href":"https:\/\/www.europesays.com\/es\/wp-json\/wp\/v2\/posts\/301627\/revisions"}],"wp:featuredmedia":[{"embeddable":true,"href":"https:\/\/www.europesays.com\/es\/wp-json\/wp\/v2\/media\/301628"}],"wp:attachment":[{"href":"https:\/\/www.europesays.com\/es\/wp-json\/wp\/v2\/media?parent=301627"}],"wp:term":[{"taxonomy":"category","embeddable":true,"href":"https:\/\/www.europesays.com\/es\/wp-json\/wp\/v2\/categories?post=301627"},{"taxonomy":"post_tag","embeddable":true,"href":"https:\/\/www.europesays.com\/es\/wp-json\/wp\/v2\/tags?post=301627"}],"curies":[{"name":"wp","href":"https:\/\/api.w.org\/{rel}","templated":true}]}}