{"id":301661,"date":"2025-12-22T15:19:13","date_gmt":"2025-12-22T15:19:13","guid":{"rendered":"https:\/\/www.europesays.com\/es\/301661\/"},"modified":"2025-12-22T15:19:13","modified_gmt":"2025-12-22T15:19:13","slug":"muere-john-jontho-bratland-figura-clave-del-black-metal-noruego","status":"publish","type":"post","link":"https:\/\/www.europesays.com\/es\/301661\/","title":{"rendered":"Muere John \u201cJontho\u201d Bratland, figura clave del Black Metal noruego"},"content":{"rendered":"<p><img data-lazyloaded=\"1\" fetchpriority=\"high\" decoding=\"async\" class=\"size-full wp-image-354293 aligncenter\" src=\"https:\/\/www.europesays.com\/es\/wp-content\/uploads\/2025\/12\/John-Jontho-Thomas-Bratland-a-los-48-anos.-Miembro-fundador-de-Ragnarok.jpg\" alt=\"\" width=\"720\" height=\"950\"  data-\/><\/p>\n<p>La escena del Black Metal est\u00e1 de luto tras confirmarse el fallecimiento de <strong>John \u201cJontho\u201d Thomas Bratland<\/strong> a los 48 a\u00f1os. Miembro fundador de <strong>Ragnarok<\/strong>, fue una figura clave desde 1994, primero como baterista y m\u00e1s tarde como vocalista y rostro principal de la banda. Su legado qued\u00f3 marcado por discos esenciales como Nattferd y Blackdoor Miracle, adem\u00e1s de sus colaboraciones con proyectos como Tsjuder y Endezzma. Hasta el momento, no se han dado a conocer las causas de su muerte.<\/p>\n","protected":false},"excerpt":{"rendered":"La escena del Black Metal est\u00e1 de luto tras confirmarse el fallecimiento de John \u201cJontho\u201d Thomas Bratland a&hellip;\n","protected":false},"author":2,"featured_media":301662,"comment_status":"","ping_status":"","sticky":false,"template":"","format":"standard","meta":{"footnotes":""},"categories":[170],"tags":[146,147,25,24,184,185,71490,23],"class_list":{"0":"post-301661","1":"post","2":"type-post","3":"status-publish","4":"format-standard","5":"has-post-thumbnail","7":"category-musica","8":"tag-entertainment","9":"tag-entretenimiento","10":"tag-es","11":"tag-espana","12":"tag-music","13":"tag-musica","14":"tag-ragnarok","15":"tag-spain"},"share_on_mastodon":{"url":"https:\/\/pubeurope.com\/@es\/115763896151229234","error":""},"_links":{"self":[{"href":"https:\/\/www.europesays.com\/es\/wp-json\/wp\/v2\/posts\/301661","targetHints":{"allow":["GET"]}}],"collection":[{"href":"https:\/\/www.europesays.com\/es\/wp-json\/wp\/v2\/posts"}],"about":[{"href":"https:\/\/www.europesays.com\/es\/wp-json\/wp\/v2\/types\/post"}],"author":[{"embeddable":true,"href":"https:\/\/www.europesays.com\/es\/wp-json\/wp\/v2\/users\/2"}],"replies":[{"embeddable":true,"href":"https:\/\/www.europesays.com\/es\/wp-json\/wp\/v2\/comments?post=301661"}],"version-history":[{"count":0,"href":"https:\/\/www.europesays.com\/es\/wp-json\/wp\/v2\/posts\/301661\/revisions"}],"wp:featuredmedia":[{"embeddable":true,"href":"https:\/\/www.europesays.com\/es\/wp-json\/wp\/v2\/media\/301662"}],"wp:attachment":[{"href":"https:\/\/www.europesays.com\/es\/wp-json\/wp\/v2\/media?parent=301661"}],"wp:term":[{"taxonomy":"category","embeddable":true,"href":"https:\/\/www.europesays.com\/es\/wp-json\/wp\/v2\/categories?post=301661"},{"taxonomy":"post_tag","embeddable":true,"href":"https:\/\/www.europesays.com\/es\/wp-json\/wp\/v2\/tags?post=301661"}],"curies":[{"name":"wp","href":"https:\/\/api.w.org\/{rel}","templated":true}]}}