{"id":301694,"date":"2025-12-22T15:43:15","date_gmt":"2025-12-22T15:43:15","guid":{"rendered":"https:\/\/www.europesays.com\/es\/301694\/"},"modified":"2025-12-22T15:43:15","modified_gmt":"2025-12-22T15:43:15","slug":"la-loteria-en-directo-con-atrevete","status":"publish","type":"post","link":"https:\/\/www.europesays.com\/es\/301694\/","title":{"rendered":"\u00a1La Loter\u00eda, en directo con Atr\u00e9vete!"},"content":{"rendered":"<p><strong>\u00a1Este a\u00f1o, la Loter\u00eda se juega en Atr\u00e9vete!<\/strong> Jaime Moreno y Saray Esteso te contar\u00e1n en directo desde el Teatro Real todo lo que suceda en el Sorteo Extraordinario de Navidad de la Loter\u00eda.<\/p>\n<p>Ser\u00e1 este <strong>lunes, 22 de diciembre<\/strong>, a partir de las 9 de la ma\u00f1ana (una menos en Canarias) cuando comience a suceder la magia. \u00a1Ten a mano tus d\u00e9cimos y mucha suerte!<\/p>\n<p>Programa especial de Atr\u00e9vete con la Loter\u00eda<\/p>\n<p><strong>\u00bfQuieres que Jaime y Saray te canten el gordo de la Loter\u00eda?<\/strong> Pues sintoniza Cadena Dial en tu radio, TDT, app de Cadena Dial, en cadenadial.com o p\u00eddeselo a tu altavoz inteligente.<\/p>\n<blockquote class=\"instagram-media\" style=\"background: #FFF; border: 0; border-radius: 3px; box-shadow: 0 0 1px 0 rgba(0,0,0,0.5),0 1px 10px 0 rgba(0,0,0,0.15); margin: 1px; max-width: 540px; min-width: 326px; padding: 0; width: calc(100% - 2px);\" data-instgrm-permalink=\"https:\/\/www.instagram.com\/p\/DR_4Bc5jLQ-\/?utm_source=ig_embed&amp;utm_campaign=loading\" data-instgrm-version=\"14\">\n<\/blockquote>\n<p>Escucha\u00a0<a href=\"https:\/\/www.cadenadial.com\/programas\/atrevete\" rel=\"nofollow noopener\" target=\"_blank\"><strong>Atr\u00e9vete<\/strong><\/a>\u00a0en Cadena Dial de lunes a viernes de 6h a 11h, y los s\u00e1bados de 7h a 10h (una hora menos en Canarias). Participa en el programa en directo en:<\/p>\n<p>Y no te pierdas los mejores momentos de lo que pasa cada ma\u00f1ana en nuestras redes sociales:\u00a0<a href=\"https:\/\/www.instagram.com\/atrevetedial\/?hl=es\" target=\"_blank\" rel=\"false noopener nofollow\"><strong>Instagram<\/strong><\/a>,\u00a0<a href=\"https:\/\/www.facebook.com\/atreveteencadenadial\" target=\"_blank\" rel=\"false noopener nofollow\"><strong>Facebook<\/strong><\/a>,\u00a0<a href=\"https:\/\/x.com\/atrevetedial\" target=\"_blank\" rel=\"false noopener nofollow\"><strong>X<\/strong>\u00a0<\/a>y\u00a0<a href=\"https:\/\/www.tiktok.com\/@atrevetedial?lang=es\" target=\"_blank\" rel=\"false noopener nofollow\"><strong>TikTok.<\/strong><\/a><\/p>\n<p>                                    <script async src=\"\/\/www.instagram.com\/embed.js\"><\/script><script async src=\"\/\/www.tiktok.com\/embed.js\"><\/script><\/p>\n","protected":false},"excerpt":{"rendered":"\u00a1Este a\u00f1o, la Loter\u00eda se juega en Atr\u00e9vete! Jaime Moreno y Saray Esteso te contar\u00e1n en directo desde&hellip;\n","protected":false},"author":2,"featured_media":301695,"comment_status":"","ping_status":"","sticky":false,"template":"","format":"standard","meta":{"footnotes":""},"categories":[170],"tags":[146,147,25,24,70555,184,185,23],"class_list":{"0":"post-301694","1":"post","2":"type-post","3":"status-publish","4":"format-standard","5":"has-post-thumbnail","7":"category-musica","8":"tag-entertainment","9":"tag-entretenimiento","10":"tag-es","11":"tag-espana","12":"tag-loteria-navidad","13":"tag-music","14":"tag-musica","15":"tag-spain"},"share_on_mastodon":{"url":"https:\/\/pubeurope.com\/@es\/115763990014671734","error":""},"_links":{"self":[{"href":"https:\/\/www.europesays.com\/es\/wp-json\/wp\/v2\/posts\/301694","targetHints":{"allow":["GET"]}}],"collection":[{"href":"https:\/\/www.europesays.com\/es\/wp-json\/wp\/v2\/posts"}],"about":[{"href":"https:\/\/www.europesays.com\/es\/wp-json\/wp\/v2\/types\/post"}],"author":[{"embeddable":true,"href":"https:\/\/www.europesays.com\/es\/wp-json\/wp\/v2\/users\/2"}],"replies":[{"embeddable":true,"href":"https:\/\/www.europesays.com\/es\/wp-json\/wp\/v2\/comments?post=301694"}],"version-history":[{"count":0,"href":"https:\/\/www.europesays.com\/es\/wp-json\/wp\/v2\/posts\/301694\/revisions"}],"wp:featuredmedia":[{"embeddable":true,"href":"https:\/\/www.europesays.com\/es\/wp-json\/wp\/v2\/media\/301695"}],"wp:attachment":[{"href":"https:\/\/www.europesays.com\/es\/wp-json\/wp\/v2\/media?parent=301694"}],"wp:term":[{"taxonomy":"category","embeddable":true,"href":"https:\/\/www.europesays.com\/es\/wp-json\/wp\/v2\/categories?post=301694"},{"taxonomy":"post_tag","embeddable":true,"href":"https:\/\/www.europesays.com\/es\/wp-json\/wp\/v2\/tags?post=301694"}],"curies":[{"name":"wp","href":"https:\/\/api.w.org\/{rel}","templated":true}]}}