{"id":301704,"date":"2025-12-22T15:48:12","date_gmt":"2025-12-22T15:48:12","guid":{"rendered":"https:\/\/www.europesays.com\/es\/301704\/"},"modified":"2025-12-22T15:48:12","modified_gmt":"2025-12-22T15:48:12","slug":"probamos-la-chaqueta-explr-insulated-de-gripgrab","status":"publish","type":"post","link":"https:\/\/www.europesays.com\/es\/301704\/","title":{"rendered":"Probamos la chaqueta EXPLR Insulated de GripGrab"},"content":{"rendered":"<p>                    La l\u00ednea EXPLR del especialista dan\u00e9s en equipaciones GripGrab fue creada para los ciclistas m\u00e1s aventureros, e incluye algunas prendas que pueden utilizarse cuando no estamos pedaleando -las llamadas athleisure-, que combinan m\u00e1xima comodidad con est\u00e9tica deportiva.<\/p>\n<p class=\"c-mainarticle__date\">\n<p>                    22 de diciembre de 2025 (16:24 CET)<\/p>\n<p>                                                                                                                                        <img fetchpriority=\"high\" decoding=\"async\" src=\"https:\/\/www.europesays.com\/es\/wp-content\/uploads\/2025\/12\/gripgrab-ap.jpeg\" alt=\"Chaqueta GripGrab EXPLR Insulated\" title=\"Chaqueta GripGrab EXPLR Insulated\" class=\"c-mainarticle__img\" loading=\"eager\" width=\"790\" height=\"454\"\/><\/p>\n<p>                    Chaqueta GripGrab EXPLR Insulated<\/p>\n<p>La EXPLR Insulated que hemos puesto a prueba durante este oto\u00f1o e invierno <strong>no sustituye a una chaqueta convencional para ciclismo, sino que la complementa<\/strong> en algunos casos; utiliz\u00e1ndola principalmente como prenda de abrigo en deportes de esfuerzo moderado u otros usos <strong>gracias a su ligereza y facilidad para transportarla.<\/strong><\/p>\n<p><img decoding=\"async\" loading=\"lazy\" alt=\"Chaqueta GripGrab EXPLR\" data-id=\"14714268\" data-resize=\"7\" height=\"690\" src=\"https:\/\/www.europesays.com\/es\/wp-content\/uploads\/2025\/12\/gripgrab-1_7_1200x690.jpeg\" title=\"Chaqueta GripGrab EXPLR\" width=\"1200\"\/>&#13;<br \/>\n\u00a0&#13;<\/p>\n<p>Su <strong>dise\u00f1o acolchado<\/strong> conf\u00eda en una <strong>capa interna de Primaloft Gold<\/strong> -su versi\u00f3n de gama alta- para aislarnos del fr\u00edo y mantener nuestro calor corporal. Este material sint\u00e9tico creado en los a\u00f1os 80 sustituy\u00f3 al tradicional relleno de plumas <strong>con la ventaja de ocupar mucho menos volumen y no perder propiedades si se moja<\/strong>; tambi\u00e9n es <strong>m\u00e1s ligero, transpirable y sostenible.<\/strong><\/p>\n<p><img decoding=\"async\" loading=\"lazy\" alt=\"Chaqueta GripGrab EXPLR\" data-id=\"14714281\" data-resize=\"7\" height=\"690\" src=\"https:\/\/www.europesays.com\/es\/wp-content\/uploads\/2025\/12\/gripgrab-2_7_1200x690.jpeg\" title=\"Chaqueta GripGrab EXPLR\" width=\"1200\"\/>&#13;<br \/>\n\u00a0&#13;<\/p>\n<p>La chaqueta cuenta con detalles como el <strong>doble tirador de la cremallera frontal, <\/strong>que nos permite elevar la ventilaci\u00f3n por la parte inferior sin dejar al descubierto el cuello o el pecho; los<strong> tres bolsillos <\/strong>con cierre por cremallera YKK de calidad -una de ellos situado en vertical en la parte superior- y otros dos internos muy amplios, aunque sin cierres-; o el <strong>reflectante<\/strong> de la parte inferior de la espalda.<\/p>\n<p><img decoding=\"async\" loading=\"lazy\" alt=\"Chaqueta GripGrab EXPLR \" data-id=\"14714294\" data-resize=\"7\" height=\"690\" src=\"https:\/\/www.europesays.com\/es\/wp-content\/uploads\/2025\/12\/gripgrab-3_7_1200x690.jpeg\" title=\"Chaqueta GripGrab EXPLR \" width=\"1200\"\/>&#13;<br \/>\n\u00a0&#13;<\/p>\n<p>La primera impresi\u00f3n result\u00f3 muy positiva gracias al <strong>agradable tacto del forro interior<\/strong> y a la <strong>comodidad de llevar una prenda tan ligera. <\/strong>Con un uso m\u00e1s intensivo se apreciamos la<strong> alta eficacia y calidad del tejido Primaloft frente al fr\u00edo;<\/strong> sorprende que una capa interna tan fina y ligera pueda protejernos<strong> a un nivel equiparable al de otras chaquetas mucho m\u00e1s gruesas, pesadas e inc\u00f3modas.<\/strong><\/p>\n<p>Result\u00f3 <strong>perfecta para llevar plegada<\/strong> -ocupa relativamente poco espacio- en una bolsa o alforja de la bici&#8230; incluso en una mochila peque\u00f1a si estamos practicando otros deportes, y utilizarla si se alarga la ruta y baja la temperatura; o en caso de hacer una parada larga, pon\u00e9rnosla para no enfriarnos.<\/p>\n<p><img decoding=\"async\" loading=\"lazy\" alt=\"Chaqueta GripGrab EXPLR \" data-id=\"14714307\" data-resize=\"7\" height=\"690\" src=\"https:\/\/www.europesays.com\/es\/wp-content\/uploads\/2025\/12\/gripgrab-4b_7_1200x690.jpeg\" title=\"Chaqueta GripGrab EXPLR \" width=\"1200\"\/>&#13;<br \/>\n\u00a0&#13;<\/p>\n<p>No est\u00e1 pensada para reemplazar a una chaqueta con tejido de membrana, m\u00e1s ajustada y t\u00e9cnica; adem\u00e1s, la EXPLR Insulated <strong>no es impermeable, <\/strong>aunque tardar\u00e1 mucho en calar debido al grosor de la capa interna de Primaloft.<\/p>\n<p>Junto al negro,<strong> tambi\u00e9n est\u00e1 disponible en un color bastante actual, el verde oliva;<\/strong> y aunque acertamos con la talla -una S- tras seguir las recomendaciones de la web de GripGrab,<strong> se echan en falta opciones m\u00e1s peque\u00f1as,<\/strong> como la XS y XXS.<\/p>\n<p><img decoding=\"async\" loading=\"lazy\" alt=\"Chaqueta GripGrab EXPLR\" data-id=\"14714320\" data-resize=\"7\" height=\"690\" src=\"https:\/\/www.europesays.com\/es\/wp-content\/uploads\/2025\/12\/gripgrab-5_7_1200x690.jpeg\" title=\"Chaqueta GripGrab EXPLR\" width=\"1200\"\/><\/p>\n<p><b>Ficha t\u00e9cnica<\/b><\/p>\n<p>Precio: 200 \u20ac<br \/>&#13;<br \/>\nPeso: 312 g (talla S)<br \/>&#13;<br \/>\nTallas: S a XXL<br \/>&#13;<br \/>\nColores: Verde oliva, negro<br \/>&#13;<br \/>\nDistribuidor: GripGrab, support@gripgrab.com<br \/>&#13;<br \/>\nWeb: <a data-external=\"1\" href=\"https:\/\/www.gripgrab.com\/collections\/ss25-new-arrivals-men\/products\/explr-insulated-jacket\" rel=\"follow nofollow noopener\" target=\"_self\" title=\"\">www.gripgrab.com<\/a><\/p>\n","protected":false},"excerpt":{"rendered":"La l\u00ednea EXPLR del especialista dan\u00e9s en equipaciones GripGrab fue creada para los ciclistas m\u00e1s aventureros, e incluye&hellip;\n","protected":false},"author":2,"featured_media":301705,"comment_status":"","ping_status":"","sticky":false,"template":"","format":"standard","meta":{"footnotes":""},"categories":[81],"tags":[119,123,124,25,24,117,121,122,23,118,120],"class_list":{"0":"post-301704","1":"post","2":"type-post","3":"status-publish","4":"format-standard","5":"has-post-thumbnail","7":"category-ciencia-y-tecnologia","8":"tag-ciencia","9":"tag-ciencia-y-tecnologia","10":"tag-cienciaytecnologia","11":"tag-es","12":"tag-espana","13":"tag-science","14":"tag-science-and-technology","15":"tag-scienceandtechnology","16":"tag-spain","17":"tag-technology","18":"tag-tecnologia"},"share_on_mastodon":{"url":"https:\/\/pubeurope.com\/@es\/115764012035088699","error":""},"_links":{"self":[{"href":"https:\/\/www.europesays.com\/es\/wp-json\/wp\/v2\/posts\/301704","targetHints":{"allow":["GET"]}}],"collection":[{"href":"https:\/\/www.europesays.com\/es\/wp-json\/wp\/v2\/posts"}],"about":[{"href":"https:\/\/www.europesays.com\/es\/wp-json\/wp\/v2\/types\/post"}],"author":[{"embeddable":true,"href":"https:\/\/www.europesays.com\/es\/wp-json\/wp\/v2\/users\/2"}],"replies":[{"embeddable":true,"href":"https:\/\/www.europesays.com\/es\/wp-json\/wp\/v2\/comments?post=301704"}],"version-history":[{"count":0,"href":"https:\/\/www.europesays.com\/es\/wp-json\/wp\/v2\/posts\/301704\/revisions"}],"wp:featuredmedia":[{"embeddable":true,"href":"https:\/\/www.europesays.com\/es\/wp-json\/wp\/v2\/media\/301705"}],"wp:attachment":[{"href":"https:\/\/www.europesays.com\/es\/wp-json\/wp\/v2\/media?parent=301704"}],"wp:term":[{"taxonomy":"category","embeddable":true,"href":"https:\/\/www.europesays.com\/es\/wp-json\/wp\/v2\/categories?post=301704"},{"taxonomy":"post_tag","embeddable":true,"href":"https:\/\/www.europesays.com\/es\/wp-json\/wp\/v2\/tags?post=301704"}],"curies":[{"name":"wp","href":"https:\/\/api.w.org\/{rel}","templated":true}]}}