{"id":301728,"date":"2025-12-22T16:07:16","date_gmt":"2025-12-22T16:07:16","guid":{"rendered":"https:\/\/www.europesays.com\/es\/301728\/"},"modified":"2025-12-22T16:07:16","modified_gmt":"2025-12-22T16:07:16","slug":"la-herramienta-musical-que-paul-mccartney-no-uso-por-miedo-a-recibir-criticas","status":"publish","type":"post","link":"https:\/\/www.europesays.com\/es\/301728\/","title":{"rendered":"La herramienta musical que Paul McCartney no us\u00f3 por miedo a recibir cr\u00edticas"},"content":{"rendered":"<p><strong>Paul McCartney<\/strong> lleva d\u00e9cadas escribiendo canciones que lograron marcar generaciones, tanto durante su etapa con <strong><a href=\"https:\/\/indiehoy.com\/historias\/paul-mccartney-y-el-disco-de-the-beatles-que-nadie-podra-igualar-jamas\/\" target=\"_blank\" rel=\"noreferrer noopener nofollow\">The Beatles<\/a><\/strong> como en su carrera en solitario. A pesar de haber creado himnos globales y atemporales, Macca siempre fue partidario de experimentar y probar ideas que no necesariamente parec\u00edan destinadas a convertirse en \u00e9xitos.<\/p>\n<p>Consciente de que la audiencia tiende a esperar a que se repitan ciertas f\u00f3rmulas en sus obras, McCartney confes\u00f3 que en varias ocasiones dud\u00f3 de c\u00f3mo iban a ser recibidas algunas de sus ideas, especialmente aquellas que se sal\u00edan de lo habitual de su repertorio, tal y como le ocurri\u00f3 hace unos a\u00f1os mientras experimentaba con el auto-tune.<\/p>\n<p>\u201c<strong>Estaba jugando con el auto-tune<\/strong>\u201d, cont\u00f3 <a href=\"https:\/\/indiehoy.com\/noticias\/paul-mccartney-lanza-una-cancion-silenciosa-para-protestar-contra-la-ia\/\" target=\"_blank\" rel=\"noreferrer noopener nofollow\">McCartney<\/a> en una oportunidad, seg\u00fan recuerda The Beatles Bible. \u201c<strong>Sab\u00eda lo que todos mis amigos iban a decir&#8230; La gente que conoc\u00eda dec\u00eda: \u2018\u00a1Ay, no! No puedes hacer eso\u2019. Por eso, nunca hab\u00eda tenido uno cerca<\/strong>\u201d.<\/p>\n<p><img loading=\"lazy\" decoding=\"async\" width=\"1200\" height=\"800\" src=\"https:\/\/www.europesays.com\/es\/wp-content\/uploads\/2025\/12\/1766419636_816_paul-mccartney.jpg\" alt=\"Paul McCartney\" class=\"wp-image-575530\"  \/>Paul McCartney. Foto: Facebook de Paul McCartney.<\/p>\n<p>La canci\u00f3n donde lo prob\u00f3 y descart\u00f3<\/p>\n<p>El relato del nacido en Liverpool es un claro testimonio de que, sin importar cu\u00e1ntos a\u00f1os lleves en el negocio del cuarto arte, el famoso \u201cqu\u00e9 dir\u00e1n\u201d no discrimina, sino que acecha a cada creador. A\u00fan as\u00ed, Macca se anim\u00f3 a dejar de lado los posibles comentarios y a avanzar con su visi\u00f3n gracias a presenciar un concierto de <strong>Kanye<\/strong> <strong>West<\/strong>, uno de los m\u00e1s grandes embajadores del auto-tune.<\/p>\n<p>\u201c<strong>Pero fui a ver a Kanye y lo estaba usando en vivo, as\u00ed que pens\u00e9: \u2018\u00bfSabes qu\u00e9? Ser\u00eda divertido\u2019. En el tema \u2018Appreciate\u2019 [el cuarto sencillo del decimosexto \u00e1lbum solista de McCartney, titulado New] hice algunas cosas, pero al final no lo usamos<\/strong>\u201d, sentenci\u00f3 Paul.<\/p>\n","protected":false},"excerpt":{"rendered":"Paul McCartney lleva d\u00e9cadas escribiendo canciones que lograron marcar generaciones, tanto durante su etapa con The Beatles como&hellip;\n","protected":false},"author":2,"featured_media":301729,"comment_status":"","ping_status":"","sticky":false,"template":"","format":"standard","meta":{"footnotes":""},"categories":[170],"tags":[146,147,25,24,184,185,9030,23],"class_list":{"0":"post-301728","1":"post","2":"type-post","3":"status-publish","4":"format-standard","5":"has-post-thumbnail","7":"category-musica","8":"tag-entertainment","9":"tag-entretenimiento","10":"tag-es","11":"tag-espana","12":"tag-music","13":"tag-musica","14":"tag-paul-mccartney","15":"tag-spain"},"share_on_mastodon":{"url":"https:\/\/pubeurope.com\/@es\/115764085757016314","error":""},"_links":{"self":[{"href":"https:\/\/www.europesays.com\/es\/wp-json\/wp\/v2\/posts\/301728","targetHints":{"allow":["GET"]}}],"collection":[{"href":"https:\/\/www.europesays.com\/es\/wp-json\/wp\/v2\/posts"}],"about":[{"href":"https:\/\/www.europesays.com\/es\/wp-json\/wp\/v2\/types\/post"}],"author":[{"embeddable":true,"href":"https:\/\/www.europesays.com\/es\/wp-json\/wp\/v2\/users\/2"}],"replies":[{"embeddable":true,"href":"https:\/\/www.europesays.com\/es\/wp-json\/wp\/v2\/comments?post=301728"}],"version-history":[{"count":0,"href":"https:\/\/www.europesays.com\/es\/wp-json\/wp\/v2\/posts\/301728\/revisions"}],"wp:featuredmedia":[{"embeddable":true,"href":"https:\/\/www.europesays.com\/es\/wp-json\/wp\/v2\/media\/301729"}],"wp:attachment":[{"href":"https:\/\/www.europesays.com\/es\/wp-json\/wp\/v2\/media?parent=301728"}],"wp:term":[{"taxonomy":"category","embeddable":true,"href":"https:\/\/www.europesays.com\/es\/wp-json\/wp\/v2\/categories?post=301728"},{"taxonomy":"post_tag","embeddable":true,"href":"https:\/\/www.europesays.com\/es\/wp-json\/wp\/v2\/tags?post=301728"}],"curies":[{"name":"wp","href":"https:\/\/api.w.org\/{rel}","templated":true}]}}