{"id":301785,"date":"2025-12-22T16:50:12","date_gmt":"2025-12-22T16:50:12","guid":{"rendered":"https:\/\/www.europesays.com\/es\/301785\/"},"modified":"2025-12-22T16:50:12","modified_gmt":"2025-12-22T16:50:12","slug":"nicki-minaj-defiende-a-trump-y-se-muestra-en-contra-de-las-personas-trans","status":"publish","type":"post","link":"https:\/\/www.europesays.com\/es\/301785\/","title":{"rendered":"Nicki Minaj defiende a Trump y se muestra en contra de las personas trans"},"content":{"rendered":"<p>\n        La <a href=\"https:\/\/www.noticiasdenavarra.com\/tags\/rap\/\" title=\"rapera\" target=\"_blank\" class=\"link copy\" rel=\"nofollow noopener\">rapera <\/a>trinitense Nicki Minaj ha defendido a la Administraci\u00f3n del presidente de Estados Unidos, Donald Trump, y se ha mostrado <strong>en contra de las personas trans.<\/strong>\n<\/p>\n<p class=\"article-body__text \">\n        \u00abSiento un profundo respeto y admiraci\u00f3n por nuestro presidente. No s\u00e9 si \u00e9l es consciente de ello, pero ha dado a mucha gente <strong>la esperanza de que existe la posibilidad de vencer al malo, <\/strong>de ganar y hacerlo con la cabeza alta y la integridad intacta\u00bb, ha apuntado Minaj.\n<\/p>\n<p class=\"article-body__text \">\n        As\u00ed se ha expresado la rapera y autora de canciones como &#8216;Starships&#8217; o &#8216;Super bass&#8217; ante miles de asistentes a la \u00faltima conferencia de &#8216;Turning Point USA&#8217; en Arizona. Dicha organizaci\u00f3n fue fundada por el activista ultraconservador Charlie Kirk -asesinado el pasado septiembre-. Su esposa, Erika Kirk, ha continuado protagonizando estos encuentros, casa del movimiento Make America Great Again (MAGA).\n<\/p>\n<p class=\"article-body__text \">\n        Casi al final de la cita, Minaj ha asegurado que <strong>quien nazca como \u00abun hombre\u00bb debe ser \u00abun hombre\u00bb <\/strong>y ha reiterado que \u00abno hay nada malo en ello\u00bb.\n<\/p>\n<p>  \u00abLos chicos ser\u00e1n chicos\u00bb<\/p>\n<p class=\"article-body__text \">\n        \u00abSi naces como hombre, s\u00e9 un hombre. No hay nada de malo en ello. \u00bfC\u00f3mo de poderoso es eso? \u00bfC\u00f3mo de profundo? Los chicos ser\u00e1n chicos, y no pasa nada\u00bb, ha concluido. No es la primera vez que la artista se expresaba en estos t\u00e9rminos porque hace unas semanas compart\u00eda en su cuenta de X su opini\u00f3n sobre el gobernador de California, Gavin Newsom. \u00abImagina ser el t\u00edo que quiere ver a los ni\u00f1os hacerse trans\u00bb, escribi\u00f3 entonces.\n<\/p>\n<p class=\"article-body__text \">\n        As\u00ed, la cantante ha precisado que<strong> la Administraci\u00f3n Trump \u00abest\u00e1 llena de gente con alma y coraz\u00f3n\u00bb, <\/strong>algo que le hace estar \u00aborgullosa\u00bb.\n<\/p>\n<p class=\"article-body__text \">\n        \u00abEsta Administraci\u00f3n est\u00e1 llena de personas con coraz\u00f3n y alma, y <strong>me hacen sentir orgullosa de ellos<\/strong>. Nuestro vicepresidente (JD Vance)&#8230; los quiero a los dos (a Trump y a Vance). Ambos son hombres poderosos, inteligentes, fuertes y los dos tienen una habilidad extraordinaria para ser personas con las que te identificas. Yo me identifico con ellos. Cuando los escucho hablar, s\u00e9 que son uno de los nuestros. No han perdido el contacto con el mundo, siguen conectados con el mundo y con lo que ocurre en \u00e9l, con los j\u00f3venes y los mayores, con los ricos y los no tan ricos\u00bb, ha zanjado.<\/p>\n","protected":false},"excerpt":{"rendered":"La rapera trinitense Nicki Minaj ha defendido a la Administraci\u00f3n del presidente de Estados Unidos, Donald Trump, y&hellip;\n","protected":false},"author":2,"featured_media":301786,"comment_status":"","ping_status":"","sticky":false,"template":"","format":"standard","meta":{"footnotes":""},"categories":[174],"tags":[255,5443,146,147,25,24,256,16004,1156,14781,23,936],"class_list":{"0":"post-301785","1":"post","2":"type-post","3":"status-publish","4":"format-standard","5":"has-post-thumbnail","7":"category-famosos","8":"tag-celebrities","9":"tag-defiende","10":"tag-entertainment","11":"tag-entretenimiento","12":"tag-es","13":"tag-espana","14":"tag-famosos","15":"tag-minaj","16":"tag-muestra","17":"tag-nicki","18":"tag-spain","19":"tag-trump"},"share_on_mastodon":{"url":"https:\/\/pubeurope.com\/@es\/115764254547469683","error":""},"_links":{"self":[{"href":"https:\/\/www.europesays.com\/es\/wp-json\/wp\/v2\/posts\/301785","targetHints":{"allow":["GET"]}}],"collection":[{"href":"https:\/\/www.europesays.com\/es\/wp-json\/wp\/v2\/posts"}],"about":[{"href":"https:\/\/www.europesays.com\/es\/wp-json\/wp\/v2\/types\/post"}],"author":[{"embeddable":true,"href":"https:\/\/www.europesays.com\/es\/wp-json\/wp\/v2\/users\/2"}],"replies":[{"embeddable":true,"href":"https:\/\/www.europesays.com\/es\/wp-json\/wp\/v2\/comments?post=301785"}],"version-history":[{"count":0,"href":"https:\/\/www.europesays.com\/es\/wp-json\/wp\/v2\/posts\/301785\/revisions"}],"wp:featuredmedia":[{"embeddable":true,"href":"https:\/\/www.europesays.com\/es\/wp-json\/wp\/v2\/media\/301786"}],"wp:attachment":[{"href":"https:\/\/www.europesays.com\/es\/wp-json\/wp\/v2\/media?parent=301785"}],"wp:term":[{"taxonomy":"category","embeddable":true,"href":"https:\/\/www.europesays.com\/es\/wp-json\/wp\/v2\/categories?post=301785"},{"taxonomy":"post_tag","embeddable":true,"href":"https:\/\/www.europesays.com\/es\/wp-json\/wp\/v2\/tags?post=301785"}],"curies":[{"name":"wp","href":"https:\/\/api.w.org\/{rel}","templated":true}]}}