{"id":301801,"date":"2025-12-22T17:00:15","date_gmt":"2025-12-22T17:00:15","guid":{"rendered":"https:\/\/www.europesays.com\/es\/301801\/"},"modified":"2025-12-22T17:00:15","modified_gmt":"2025-12-22T17:00:15","slug":"los-anuncios-de-samsung-en-la-feria-ces-que-marcaron-los-ultimos-15-anos-samsung-newsroom-chile","status":"publish","type":"post","link":"https:\/\/www.europesays.com\/es\/301801\/","title":{"rendered":"Los anuncios de Samsung en la feria CES que marcaron los \u00faltimos 15 a\u00f1os \u2013 Samsung Newsroom Chile"},"content":{"rendered":"<p>                        A d\u00edas de CES 2026, Samsung repasa los hitos que anticiparon la evoluci\u00f3n de las pantallas, el hogar conectado y una nueva etapa donde la inteligencia artificial busca hacerse una compa\u00f1era cotidiana. La Consumer Electronics Show se realizar\u00e1 en Las Vegas, Estados Unidos, entre el 6 y 9 de enero del pr\u00f3ximo a\u00f1o.<\/p>\n<p>La Consumer Electronics Show 2026 (CES), la feria m\u00e1s grande de tecnolog\u00eda de consumo del mundo, vuelve a acercarse en el calendario y, con ella, la misma pregunta de todos los a\u00f1os: \u00bfqu\u00e9 viene ahora? Para entenderlo, Samsung mira su propio recorrido en la feria durante los \u00faltimos 15 a\u00f1os, una secuencia de anuncios que ayud\u00f3 a definir el camino de la industria, desde nuevas formas de ver televisi\u00f3n hasta la ambici\u00f3n de llevar IA a experiencias diarias en todo su ecosistema.\u00a0<\/p>\n<p>\u00a0<\/p>\n<p>CES como antesala del futuro<\/p>\n<p>\u00a0<\/p>\n<p>Lejos de ser solo un escenario de lanzamientos, CES se ha convertido en una vitrina donde se muestran ideas que luego se vuelven est\u00e1ndar en la industria.\u00a0<\/p>\n<p>\u00a0<\/p>\n<p>La historia reciente lo refleja con claridad: el salto que conllev\u00f3 la Inteligencia Artificial en la tecnolog\u00eda de consumo, la integraci\u00f3n del televisor al hogar inteligente y la evoluci\u00f3n hacia pantallas que no solo muestran contenido, sino que se adaptan a las personas y a sus rutinas.\u00a0<\/p>\n<p>\u00a0<\/p>\n<p>\u201cSamsung siempre se ha preocupado de exhibir tecnolog\u00eda relevante de forma global. Para nosotros no se trata de hacer lanzamientos s\u00f3lo basados en novedad. Lo importante es que la innovaci\u00f3n ser\u00e1 \u00fatil para las personas, conectando a las familias y acompa\u00f1ando en lo cotidiano con soluciones que se sienten naturales\u201d, se\u00f1al\u00f3 Bernardita Orellana, Gerente de Comunicaciones de Samsung Chile.<\/p>\n<p>\u00a0<\/p>\n<p>\u201cEste foco posiciona la inteligencia Artificial no s\u00f3lo como una funci\u00f3n, sino como un verdadero compa\u00f1ero del hogar que simplifica las rutinas, reduce la carga diaria y mejora la calidad de vida. Esta es la visi\u00f3n de Samsung para todas sus categor\u00edas\u201d agrega Bernardita Orellana.<\/p>\n<p>\u00a0<\/p>\n<p>De la pantalla como display a la pantalla como experiencia<\/p>\n<p>\u00a0<\/p>\n<p>En la \u00faltima d\u00e9cada, varios anuncios marcaron giros visibles. En 2014, Samsung impuls\u00f3 televisores UHD curvos y propuestas que acercaban el control del hogar desde la pantalla.\u00a0<\/p>\n<p>\u00a0<\/p>\n<p>En 2015, present\u00f3 SUHD y reforz\u00f3 el rol de Tizen como parte del ecosistema conectado.\u00a0<\/p>\n<p>\u00a0<\/p>\n<p>En 2016, la integraci\u00f3n con SmartThings consolid\u00f3 el televisor como un punto de control del Internet de las Cosas. (Hoy, el ecosistema de SmartThing en 2025 ya conecta a 33 millones de electrodom\u00e9sticos y m\u00e1s de 4.500 productos de socios de otras marcas. Y en Las Vegas, Samsung Electronics sumar\u00e1 un nuevo portafolio de productos 2026 a este ecosistema).<\/p>\n<p>\u00a0<\/p>\n<p>El recorrido continu\u00f3 con QLED en 2017 y alcanz\u00f3 uno de sus momentos m\u00e1s ic\u00f3nicos en 2018 con The Wall, el televisor modular MICROLED de 146 pulgadas, que instal\u00f3 la idea de una pantalla capaz de transformarse seg\u00fan el espacio y el estilo de vida.\u00a0<\/p>\n<p>\u00a0<\/p>\n<p>Ese mismo a\u00f1o, Samsung tambi\u00e9n present\u00f3 un televisor QLED 8K con inteligencia artificial para escalar contenido a mayor resoluci\u00f3n.\u00a0<\/p>\n<p>\u00a0<\/p>\n<p>En la feria, tambi\u00e9n se pudo ver en sus dos \u00faltimas versiones (2024) como la tecnolog\u00eda MICROLED evolucion\u00f3 hacia prototipos de <a href=\"https:\/\/news.samsung.com\/cl\/la-nueva-pantalla-micro-led-transparente-de-samsung-desaparece-los-limites-entre-el-contenido-y-la-realidad\" rel=\"nofollow noopener\" target=\"_blank\">televisores transparentes<\/a>.<\/p>\n<p>\u00a0<\/p>\n<p><img loading=\"lazy\" decoding=\"async\" class=\"size-large wp-image-22120 aligncenter\" src=\"https:\/\/www.europesays.com\/es\/wp-content\/uploads\/2025\/12\/MICROLED-TRANSPARENTE-1024x799.jpg\" alt=\"Micro LED Transparente\" width=\"1024\" height=\"799\"\/><\/p>\n<p>\u00a0<\/p>\n<p>El hogar conectado tambi\u00e9n se gan\u00f3 un lugar en la cocina<\/p>\n<p>\u00a0<\/p>\n<p>La visi\u00f3n de \u201cpantallas en todas partes\u201d tuvo un cap\u00edtulo decisivo con <a href=\"https:\/\/news.samsung.com\/cl\/samsung-lanza-una-categoria-completamente-nueva-de-refrigeradores-en-ces-2016\" rel=\"nofollow noopener\" target=\"_blank\">Family Hub, el refrigerador con pantalla presentado por primera vez en CES 2016<\/a> y que hoy se comercializa en Chile. M\u00e1s all\u00e1 del formato y su pantalla incorporada, la apuesta fue convertir un electrodom\u00e9stico en un centro de organizaci\u00f3n familiar y un punto de conexi\u00f3n dentro del hogar, anticipando la forma en que hoy se piensa la vida conectada.\u00a0<\/p>\n<p>\u00a0<\/p>\n<p>2021 y 2025: del salto en TV a ser pioneros en IA<\/p>\n<p>\u00a0<\/p>\n<p>En CES 2021, Samsung present\u00f3 Neo QLED con tecnolog\u00eda Quantum Mini LED y reforz\u00f3 la llegada de MICRO LED al \u201chome\u201d, abriendo una nueva etapa en su portafolio premium de pantallas.\u00a0<\/p>\n<p>\u00a0<\/p>\n<p>M\u00e1s recientemente, CES 2025 consolid\u00f3 el marco conceptual con \u201cAI for All: Everyday, Everywhere\u201d, una visi\u00f3n para expandir la inteligencia artificial a experiencias cotidianas conectadas entre dispositivos.\u00a0<\/p>\n<p>\u00a0<\/p>\n<p>En paralelo, Samsung present\u00f3 Samsung Vision AI en The First Look 2025, reforzando la idea de pantallas como compa\u00f1eras inteligentes, presentes en una gama amplia de tecnolog\u00edas de TV.\u00a0<\/p>\n<p>\u00a0<\/p>\n<p>\u201cHoy el prop\u00f3sito es claro: que la IA no se sienta como una promesa abstracta, sino como una ayuda real, integrada al d\u00eda a d\u00eda. Que la tecnolog\u00eda sea m\u00e1s \u00fatil, m\u00e1s cercana y m\u00e1s humana en la forma en que acompa\u00f1a a las personas\u201d, agreg\u00f3 Bernardita Orellana de Samsung Chile.<\/p>\n<p>\u00a0<\/p>\n<p>Rumbo a CES 2026<\/p>\n<p>\u00a0<\/p>\n<p>Con este recorrido, Samsung se prepara para una nueva edici\u00f3n de CES con un hilo conductor que se repite a\u00f1o tras a\u00f1o: innovaciones que parten como visi\u00f3n y terminan como h\u00e1bitos.<\/p>\n<p>\u00a0<\/p>\n<p>Samsung Electronics realizar\u00e1 su evento global \u201cThe First Look\u201d el pr\u00f3ximo 4 de enero a las 7:00 p.m. (hora local de Las Vegas \/ 00:00 hrs del 5 de enero en Chile), En el hotel Wynn de Las Vegas, en un evento que se llevar\u00e1 a cabo dos d\u00edas antes de la apertura de CES 2026.<\/p>\n<p>\u00a0<\/p>\n<p><img loading=\"lazy\" decoding=\"async\" class=\"size-full wp-image-35710 aligncenter\" src=\"https:\/\/www.europesays.com\/es\/wp-content\/uploads\/2025\/12\/Samsung-presenta-su-visi\u00f3n-para-2026-en-\u201cThe-First-Look\u201d-durante-CES.jpg\" alt=\"\" width=\"1000\" height=\"563\"  \/><\/p>\n<p>\u00a0<\/p>\n<p>La compa\u00f1\u00eda presentar\u00e1 su visi\u00f3n integrada para la divisi\u00f3n Device eXperience (DX) en 2026, as\u00ed como nuevas experiencias para los consumidores impulsadas por inteligencia artificial, reforzando su liderazgo en innovaci\u00f3n y en el desarrollo de tecnolog\u00edas conectadas que facilitan la vida de las personas.<\/p>\n<p>\u00a0<\/p>\n<p>Adem\u00e1s, contar\u00e1 con la participaci\u00f3n de TM Roh, CEO y Head de la divisi\u00f3n Device eXperience (DX), quien ser\u00e1 el orador principal.\u00a0<\/p>\n<p>\u00a0<\/p>\n","protected":false},"excerpt":{"rendered":"A d\u00edas de CES 2026, Samsung repasa los hitos que anticiparon la evoluci\u00f3n de las pantallas, el hogar&hellip;\n","protected":false},"author":2,"featured_media":301802,"comment_status":"","ping_status":"","sticky":false,"template":"","format":"standard","meta":{"footnotes":""},"categories":[80],"tags":[82,95,94,25,24,23],"class_list":{"0":"post-301801","1":"post","2":"type-post","3":"status-publish","4":"format-standard","5":"has-post-thumbnail","7":"category-economia","8":"tag-business","9":"tag-economia","10":"tag-economy","11":"tag-es","12":"tag-espana","13":"tag-spain"},"share_on_mastodon":{"url":"https:\/\/pubeurope.com\/@es\/115764292928705248","error":""},"_links":{"self":[{"href":"https:\/\/www.europesays.com\/es\/wp-json\/wp\/v2\/posts\/301801","targetHints":{"allow":["GET"]}}],"collection":[{"href":"https:\/\/www.europesays.com\/es\/wp-json\/wp\/v2\/posts"}],"about":[{"href":"https:\/\/www.europesays.com\/es\/wp-json\/wp\/v2\/types\/post"}],"author":[{"embeddable":true,"href":"https:\/\/www.europesays.com\/es\/wp-json\/wp\/v2\/users\/2"}],"replies":[{"embeddable":true,"href":"https:\/\/www.europesays.com\/es\/wp-json\/wp\/v2\/comments?post=301801"}],"version-history":[{"count":0,"href":"https:\/\/www.europesays.com\/es\/wp-json\/wp\/v2\/posts\/301801\/revisions"}],"wp:featuredmedia":[{"embeddable":true,"href":"https:\/\/www.europesays.com\/es\/wp-json\/wp\/v2\/media\/301802"}],"wp:attachment":[{"href":"https:\/\/www.europesays.com\/es\/wp-json\/wp\/v2\/media?parent=301801"}],"wp:term":[{"taxonomy":"category","embeddable":true,"href":"https:\/\/www.europesays.com\/es\/wp-json\/wp\/v2\/categories?post=301801"},{"taxonomy":"post_tag","embeddable":true,"href":"https:\/\/www.europesays.com\/es\/wp-json\/wp\/v2\/tags?post=301801"}],"curies":[{"name":"wp","href":"https:\/\/api.w.org\/{rel}","templated":true}]}}