{"id":301807,"date":"2025-12-22T17:03:10","date_gmt":"2025-12-22T17:03:10","guid":{"rendered":"https:\/\/www.europesays.com\/es\/301807\/"},"modified":"2025-12-22T17:03:10","modified_gmt":"2025-12-22T17:03:10","slug":"lista-oficial-de-premios-de-la-loteria-navidad-2025-numeros-premiados-y-donde-ha-caido-el-gordo","status":"publish","type":"post","link":"https:\/\/www.europesays.com\/es\/301807\/","title":{"rendered":"Lista oficial de premios de la Loter\u00eda Navidad 2025: n\u00fameros premiados y d\u00f3nde ha ca\u00eddo \u2018El Gordo\u2019"},"content":{"rendered":"<p class=\"ev-title\">Quintos premios por toda Espa\u00f1a<\/p>\n<p>El 23.112, quinto premio, ha ca\u00eddo en:<br \/><strong>Andorra, Zaragoza, Granada, Bilbao, Plasencia, Barcelona, Castro Urdiales, Campo de Criptana, Usurbil, Porqueres, Sort, Madrid, San Pedro del Pinatar, B\u00e9jar, Alaqu\u00e0s, Alfara del Patriarca, Manises, Zaragoza, Palma de Mallorca, Madrid<\/strong><\/p>\n<p>El 60.649 <strong>ha ca\u00eddo en\u00a0Roquetas de Mar, M\u00e1laga, Pontevedra, Las Palmas Gc, Torrevieja, Vitoria-Gasteiz, Gij\u00f3n, Almendralejo, Montgat, Viladecans, Santander, Cuenca, Fraga, Madrid, Madrid, Madrid, Madrid, Madrid, San Lorenzo del Escorial, San Sebasti\u00e1n de los Reyes, Torremolinos, Ourense, Illa de Arousa (a), Sanxenxo, Sevilla, Toledo, Zaragoza, Plasencia, Laguna de Duero, C\u00e1diz, Huesca<\/strong><\/p>\n","protected":false},"excerpt":{"rendered":"Quintos premios por toda Espa\u00f1a El 23.112, quinto premio, ha ca\u00eddo en:Andorra, Zaragoza, Granada, Bilbao, Plasencia, Barcelona, Castro&hellip;\n","protected":false},"author":2,"featured_media":301808,"comment_status":"","ping_status":"","sticky":false,"template":"","format":"standard","meta":{"footnotes":""},"categories":[5],"tags":[17,18,25,24,13,14,11,19,20,9,10,15,16,23,12,21,22],"class_list":{"0":"post-301807","1":"post","2":"type-post","3":"status-publish","4":"format-standard","5":"has-post-thumbnail","7":"category-titulares","8":"tag-breaking-news","9":"tag-breakingnews","10":"tag-es","11":"tag-espana","12":"tag-featured-news","13":"tag-featurednews","14":"tag-headlines","15":"tag-latest-news","16":"tag-latestnews","17":"tag-news","18":"tag-noticias","19":"tag-noticias-destacadas","20":"tag-noticiasdestacadas","21":"tag-spain","22":"tag-titulares","23":"tag-ultimas-noticias","24":"tag-ultimasnoticias"},"share_on_mastodon":{"url":"https:\/\/pubeurope.com\/@es\/115764304509669552","error":""},"_links":{"self":[{"href":"https:\/\/www.europesays.com\/es\/wp-json\/wp\/v2\/posts\/301807","targetHints":{"allow":["GET"]}}],"collection":[{"href":"https:\/\/www.europesays.com\/es\/wp-json\/wp\/v2\/posts"}],"about":[{"href":"https:\/\/www.europesays.com\/es\/wp-json\/wp\/v2\/types\/post"}],"author":[{"embeddable":true,"href":"https:\/\/www.europesays.com\/es\/wp-json\/wp\/v2\/users\/2"}],"replies":[{"embeddable":true,"href":"https:\/\/www.europesays.com\/es\/wp-json\/wp\/v2\/comments?post=301807"}],"version-history":[{"count":0,"href":"https:\/\/www.europesays.com\/es\/wp-json\/wp\/v2\/posts\/301807\/revisions"}],"wp:featuredmedia":[{"embeddable":true,"href":"https:\/\/www.europesays.com\/es\/wp-json\/wp\/v2\/media\/301808"}],"wp:attachment":[{"href":"https:\/\/www.europesays.com\/es\/wp-json\/wp\/v2\/media?parent=301807"}],"wp:term":[{"taxonomy":"category","embeddable":true,"href":"https:\/\/www.europesays.com\/es\/wp-json\/wp\/v2\/categories?post=301807"},{"taxonomy":"post_tag","embeddable":true,"href":"https:\/\/www.europesays.com\/es\/wp-json\/wp\/v2\/tags?post=301807"}],"curies":[{"name":"wp","href":"https:\/\/api.w.org\/{rel}","templated":true}]}}