{"id":301814,"date":"2025-12-22T17:12:12","date_gmt":"2025-12-22T17:12:12","guid":{"rendered":"https:\/\/www.europesays.com\/es\/301814\/"},"modified":"2025-12-22T17:12:12","modified_gmt":"2025-12-22T17:12:12","slug":"el-impresionante-registro-de-deossa-frente-al-getafe","status":"publish","type":"post","link":"https:\/\/www.europesays.com\/es\/301814\/","title":{"rendered":"El impresionante registro de Deossa frente al Getafe"},"content":{"rendered":"<p data-mrf-recirculation=\"Links P\u00e1rrafos\" class=\"ue-c-article__paragraph paragraph ue-c-article--first-letter-highlighted\">Poco a poco, <strong>Nelson Deossa <\/strong>empieza a demostrar por qu\u00e9 la Direcci\u00f3n Deportiva del Betis, con Manu Fajardo al frente, tuvo tanto empe\u00f1o el pasado verano en cerrar su contrataci\u00f3n hasta el punto de convertirlo en uno de los fichajes <strong>m\u00e1s costosos del verano <\/strong>en el club, s\u00f3lo <strong>superado por Antony<\/strong>. El colombiano, pura potencia, empieza a adaptarse al f\u00fatbol europeo y deja <strong>registros espectaculares<\/strong>, como el que firm\u00f3 ayer en el partido frente al Getafe, el mejor desde que viste de verdiblanco.<\/p>\n<p data-mrf-recirculation=\"Links P\u00e1rrafos\" class=\"ue-c-article__paragraph paragraph\">Deossa estableci\u00f3 un nuevo <strong>r\u00e9cord de duelos ganados <\/strong>en un mismo partido en LaLiga esta temporada. El centrocampista b\u00e9tico gan\u00f3 nada menos que <strong>19 duelos de los 22 que disput\u00f3<\/strong>, superando los <strong>18 de Lucas Boy\u00e9 <\/strong>frente al Alav\u00e9s, los <strong>17 de Ounahi <\/strong>frente al Athletic Club y los <strong>16 de Lamine Yamal y Abqar<\/strong>, ambos frente al Alav\u00e9s. Un dato que explica su superioridad f\u00edsica en la medular, empujando a su equipo hacia arriba y cerrando todas las v\u00edas a los de Bordal\u00e1s, totalmente superados.<\/p>\n<p><img decoding=\"async\" width=\"1500\" height=\"1500\" class=\"ue-c-article__image lazyload\" alt=\"Estad\u00edsticas de Nelson Deossa ante el Getafe\" loading=\"lazy\" src=\"https:\/\/www.europesays.com\/es\/wp-content\/uploads\/2025\/12\/6949500eab239.png\"\/><\/p>\n<p>Estad\u00edsticas de Nelson Deossa ante el Getafe<\/p>\n<p data-mrf-recirculation=\"Links P\u00e1rrafos\" class=\"ue-c-article__paragraph paragraph\">El colombiano complet\u00f3 sus estad\u00edsticas <strong>recuperando ocho balones<\/strong>, interceptando otros dos, despejando tambi\u00e9n un par y dando <strong>32 pases buenos de 39 intentos<\/strong>, 12 de ellos progresivos. Y aunque no tuvo la oportunidad de armar la pierna izquierda para sacar a relucir su dur\u00edsimo golpeo de bal\u00f3n, rond\u00f3 siempre la frontal del \u00e1rea azulona, generando problemas a la defensa rival. Una actuaci\u00f3n completa que le vali\u00f3 para recibir los <strong>elogios<\/strong> de su t\u00e9cnico, <strong>Manuel Pellegrini<\/strong>.<\/p>\n<p data-mrf-recirculation=\"Links P\u00e1rrafos\" class=\"ue-c-article__paragraph paragraph\">\u00abA Nelson <strong>le cost\u00f3 adaptarse <\/strong>al f\u00fatbol europeo y tuvo una lesi\u00f3n de tobillo que le merm\u00f3. Pero viene <strong>mejorando mucho <\/strong>y hoy hizo un <strong>partido muy completo<\/strong>\u00ab, dijo el Ingeniero. Un enorme despliegue f\u00edsico en el centro del campo con la presencia en el estadio de su excompa\u00f1ero en Rayados de Monterrey, <strong>Sergio Canales<\/strong>, cuyos informes al Betis sobre el colombiano el pasado verano antes de que el club decidiera afrontar su fichaje fueron inmejorables.<\/p>\n","protected":false},"excerpt":{"rendered":"Poco a poco, Nelson Deossa empieza a demostrar por qu\u00e9 la Direcci\u00f3n Deportiva del Betis, con Manu Fajardo&hellip;\n","protected":false},"author":2,"featured_media":301815,"comment_status":"","ping_status":"","sticky":false,"template":"","format":"standard","meta":{"footnotes":""},"categories":[268],"tags":[168,25,24,280,282,281,23,167],"class_list":{"0":"post-301814","1":"post","2":"type-post","3":"status-publish","4":"format-standard","5":"has-post-thumbnail","7":"category-futbol","8":"tag-deportes","9":"tag-es","10":"tag-espana","11":"tag-football","12":"tag-futbol","13":"tag-soccer","14":"tag-spain","15":"tag-sports"},"share_on_mastodon":{"url":"https:\/\/pubeurope.com\/@es\/115764340107645118","error":""},"_links":{"self":[{"href":"https:\/\/www.europesays.com\/es\/wp-json\/wp\/v2\/posts\/301814","targetHints":{"allow":["GET"]}}],"collection":[{"href":"https:\/\/www.europesays.com\/es\/wp-json\/wp\/v2\/posts"}],"about":[{"href":"https:\/\/www.europesays.com\/es\/wp-json\/wp\/v2\/types\/post"}],"author":[{"embeddable":true,"href":"https:\/\/www.europesays.com\/es\/wp-json\/wp\/v2\/users\/2"}],"replies":[{"embeddable":true,"href":"https:\/\/www.europesays.com\/es\/wp-json\/wp\/v2\/comments?post=301814"}],"version-history":[{"count":0,"href":"https:\/\/www.europesays.com\/es\/wp-json\/wp\/v2\/posts\/301814\/revisions"}],"wp:featuredmedia":[{"embeddable":true,"href":"https:\/\/www.europesays.com\/es\/wp-json\/wp\/v2\/media\/301815"}],"wp:attachment":[{"href":"https:\/\/www.europesays.com\/es\/wp-json\/wp\/v2\/media?parent=301814"}],"wp:term":[{"taxonomy":"category","embeddable":true,"href":"https:\/\/www.europesays.com\/es\/wp-json\/wp\/v2\/categories?post=301814"},{"taxonomy":"post_tag","embeddable":true,"href":"https:\/\/www.europesays.com\/es\/wp-json\/wp\/v2\/tags?post=301814"}],"curies":[{"name":"wp","href":"https:\/\/api.w.org\/{rel}","templated":true}]}}