{"id":301844,"date":"2025-12-22T17:32:11","date_gmt":"2025-12-22T17:32:11","guid":{"rendered":"https:\/\/www.europesays.com\/es\/301844\/"},"modified":"2025-12-22T17:32:11","modified_gmt":"2025-12-22T17:32:11","slug":"van-der-poel-gana-pese-al-ataque-de-un-espectador-le-ahuman-la-cara","status":"publish","type":"post","link":"https:\/\/www.europesays.com\/es\/301844\/","title":{"rendered":"Van der Poel gana pese al ataque de un espectador: le ah\u00faman la cara"},"content":{"rendered":"<p class=\"\">No hubo sorpresa, y es que a su nivel<b> todo lo que no sea ganar ser\u00e1 lo extra\u00f1o esta temporada invernal sobre el barro<\/b>, y <a href=\"https:\/\/as.com\/noticias\/mathieu-van-der-poel\/\" target=\"_self\" rel=\"nofollow noopener\" title=\"https:\/\/as.com\/noticias\/mathieu-van-der-poel\/\">Mathieu van der Poel<\/a> (30 a\u00f1os) sum\u00f3 su cuarta victoria <a href=\"https:\/\/as.com\/ciclismo\/mas_ciclismo\/van-der-poel-suma-y-sigue-f202512-n\/\" target=\"_self\" rel=\"nofollow noopener\" title=\"https:\/\/as.com\/ciclismo\/mas_ciclismo\/van-der-poel-suma-y-sigue-f202512-n\/\">en otras tantas participaciones esta campa\u00f1a<\/a> en pruebas de ciclocross. <b>Esta vez fue en el Trofeo X20 de Hofstade.<\/b> El siete veces campe\u00f3n del mundo, que a inicios de 2026 buscar\u00e1 el octavo \u00e9xito, <b>abri\u00f3 hueco en la tercera vuelta para sumar una nueva conquista en solitario.<\/b><\/p>\n<p class=\"\">El que fue segundo esta vez, tras su s\u00e9ptimo lugar esta semana en su estreno en esta modalidad esta temporada, <b>fue <\/b><a href=\"https:\/\/as.com\/noticias\/wout-van-aert\/\" target=\"_self\" rel=\"nofollow noopener\" title=\"https:\/\/as.com\/noticias\/wout-van-aert\/\"><b>Wout van Aert<\/b><\/a><b> (31 a\u00f1os),<\/b> y eso que el belga sufri\u00f3 una ca\u00edda al poco de empezar la carrera que le oblig\u00f3 a ir todo el rato a remolque y persiguiendo a Van der Poel. Sin \u00e9xito, pero recuperando buenas sensaciones. <b>Thibau Nys trat\u00f3 de plantar batalla al holand\u00e9s, pero la zona de arena<\/b>, muy destacada en este circuito, le priv\u00f3 de una pelea mayor. Finalmente, acab\u00f3 cuarto ya que tercero fue su compatriota belga Vandeputte.<\/p>\n<p class=\"\">Sin embargo, uno de los momentos<b>, por desgracia, de la carrera tuvo lugar en el tramo final, ya cuando la victoria estaba sentenciada para Van der Poel,<\/b> y es que un espectador, por llamarlo de alguna forma,<b> lanz\u00f3 humo a la cara del campe\u00f3n del mundo justo antes de tomar una curva a derechas. <\/b>Era de un vaper, y dicha persona ahum\u00f3 la cara de un Van der Poel que, por suerte, pudo seguir sin problemas.<b> \u201cMe asust\u00e9 un poco porque vi que algo ven\u00eda hacia m\u00ed\u201d, <\/b>dijo el triunfador en meta. Al menos llevaba las gafas de sol. Este martes, el Superprestigio de Heusden-Zolder, con Van Aert, y el viernes, la Copa del Mundo de Gavere, con Van der Poel.<\/p>\n<p>Noticias relacionadas<\/p>\n<p class=\"\"><b>\u00a1Tus opiniones importan!<\/b> Comenta en los art\u00edculos y suscr\u00edbete gratis a nuestra <a href=\"https:\/\/asfan.as.com\/newsletters\/\" target=\"_blank\" rel=\"nofollow noopener\" title=\"https:\/\/asfan.as.com\/newsletters\/\">newsletter<\/a> y a las alertas informativas en la <a href=\"https:\/\/as.com\/aplicacion-de-as-n\/\" target=\"_blank\" rel=\"nofollow noopener\" title=\"https:\/\/as.com\/aplicacion-de-as-n\/\">App<\/a> o el canal de <a href=\"https:\/\/www.whatsapp.com\/channel\/0029VaAasdA7j6g745nz9M10\" target=\"_blank\" rel=\"nofollow noopener\" title=\"https:\/\/www.whatsapp.com\/channel\/0029VaAasdA7j6g745nz9M10\">WhatsApp<\/a>. <\/p>\n<p class=\"\">\u00bfBuscas licenciar contenido? Haz clic <a href=\"https:\/\/profesional.elpais.com\/soluciones-sindicacion?utm_medium=interno&amp;utm_source=crosslinking&amp;utm_campaign=sindicacion_as_pie_articulos\" target=\"_blank\" rel=\"nofollow noopener\" title=\"https:\/\/profesional.elpais.com\/soluciones-sindicacion?utm_medium=interno&amp;utm_source=crosslinking&amp;utm_campaign=sindicacion_as_pie_articulos\">aqu\u00ed<\/a><\/p>\n","protected":false},"excerpt":{"rendered":"No hubo sorpresa, y es que a su nivel todo lo que no sea ganar ser\u00e1 lo extra\u00f1o&hellip;\n","protected":false},"author":2,"featured_media":301845,"comment_status":"","ping_status":"","sticky":false,"template":"","format":"standard","meta":{"footnotes":""},"categories":[273],"tags":[313,312,168,25,24,23,167],"class_list":{"0":"post-301844","1":"post","2":"type-post","3":"status-publish","4":"format-standard","5":"has-post-thumbnail","7":"category-ciclismo","8":"tag-ciclismo","9":"tag-cycling","10":"tag-deportes","11":"tag-es","12":"tag-espana","13":"tag-spain","14":"tag-sports"},"share_on_mastodon":{"url":"https:\/\/pubeurope.com\/@es\/115764418516113087","error":""},"_links":{"self":[{"href":"https:\/\/www.europesays.com\/es\/wp-json\/wp\/v2\/posts\/301844","targetHints":{"allow":["GET"]}}],"collection":[{"href":"https:\/\/www.europesays.com\/es\/wp-json\/wp\/v2\/posts"}],"about":[{"href":"https:\/\/www.europesays.com\/es\/wp-json\/wp\/v2\/types\/post"}],"author":[{"embeddable":true,"href":"https:\/\/www.europesays.com\/es\/wp-json\/wp\/v2\/users\/2"}],"replies":[{"embeddable":true,"href":"https:\/\/www.europesays.com\/es\/wp-json\/wp\/v2\/comments?post=301844"}],"version-history":[{"count":0,"href":"https:\/\/www.europesays.com\/es\/wp-json\/wp\/v2\/posts\/301844\/revisions"}],"wp:featuredmedia":[{"embeddable":true,"href":"https:\/\/www.europesays.com\/es\/wp-json\/wp\/v2\/media\/301845"}],"wp:attachment":[{"href":"https:\/\/www.europesays.com\/es\/wp-json\/wp\/v2\/media?parent=301844"}],"wp:term":[{"taxonomy":"category","embeddable":true,"href":"https:\/\/www.europesays.com\/es\/wp-json\/wp\/v2\/categories?post=301844"},{"taxonomy":"post_tag","embeddable":true,"href":"https:\/\/www.europesays.com\/es\/wp-json\/wp\/v2\/tags?post=301844"}],"curies":[{"name":"wp","href":"https:\/\/api.w.org\/{rel}","templated":true}]}}