{"id":301850,"date":"2025-12-22T17:36:18","date_gmt":"2025-12-22T17:36:18","guid":{"rendered":"https:\/\/www.europesays.com\/es\/301850\/"},"modified":"2025-12-22T17:36:18","modified_gmt":"2025-12-22T17:36:18","slug":"carla-bruni-anuncia-el-final-de-su-tratamiento-contra-el-cancer-y-anima-a-otras-mujeres-en-su-situacion-a-que-aguanten","status":"publish","type":"post","link":"https:\/\/www.europesays.com\/es\/301850\/","title":{"rendered":"Carla Bruni anuncia el final de su tratamiento contra el c\u00e1ncer y anima a otras mujeres en su situaci\u00f3n a que \u00abaguanten\u00bb"},"content":{"rendered":"<p class=\"v-mdl-ath__p v-mdl-ath__p--6\">\nLunes, 22 de diciembre 2025, 13:32<\/p>\n<p class=\"v-p\">Despu\u00e9s de \u00faltimo trimestre complicado, en el que Carla Bruni tuvo que ver a su marido, Nicolas Sarkozy, entrar en prisi\u00f3n, la exprimera dama francesa termina este 2025 con la mejor de las noticias, el final de su tratamiento contra el c\u00e1ncer. El pasado fin de semana, la tambi\u00e9n cantante anunci\u00f3 que hab\u00eda cumplido con los cinco a\u00f1os de terapia hormonal contra el c\u00e1ncer de mama que le diagnosticaron a finales de 2019. En su mensaje en redes sociales ha subrayado la importancia de las revisiones anuales y ha animado a las mujeres que est\u00e1n pasando por lo mismo que ella a aguantar. <\/p>\n<p class=\"v-p\">\u00abCirug\u00eda, radioterapia, hormonoterapia, este es el camino que debemos tomar para curar este tipo de c\u00e1ncer. A pesar de sus efectos secundarios bastante agresivos, estoy agradecida a la ciencia por inventar la terapia hormonal: protege eficazmente contra la reca\u00edda que es com\u00fan en los a\u00f1os posteriores al diagn\u00f3stico\u00bb, ha escrito. <\/p>\n<p class=\"v-p\">\u00abQuiero decirles a todas las mujeres que est\u00e1n en la misma situaci\u00f3n que aguanten &#8211; por supuesto que la terapia hormonal es un tratamiento bastante duro &#8211; pero su efectividad puede salvar tu vida\u00bb, ha destacado. \u00abQuiero decir de nuevo a todas las mujeres que leen este post que no duden en hacerse una revisi\u00f3n anualmente si es posible\u00bb, ha a\u00f1adido para terminar su comunicado con un sentido agradecimiento a los m\u00e9dicos que la han tratado en todo este tiempo por \u00absu habilidad y humanidad\u00bb. \u00abFueron muy valiosos para m\u00ed durante esta experiencia\u00bb, ha concluido.<\/p>\n<p class=\"v-p\">La publicaci\u00f3n, que tiene m\u00e1s de 53.000 &#8216;me gusta&#8217;, ha recibido comentarios de m\u00e1s de 3.300 personas que han querido felicitar a la cantautora francesa. Entre ellas, la modelo Linda Evangelista, que est\u00e1 siguiendo el mismo tratamiento. \u00abMuy muy feliz por ti. A m\u00ed me quedan 36 meses de esta medicaci\u00f3n horrible\u00bb, le ha escrito. Tambi\u00e9n se ha solidarizado con ella la esposa del exfutbolista y entrenador neerland\u00e9s Patrick Kluivert, Rosanna: \u00abHe estado tomando los mismos medicamentos durante cinco a\u00f1os, y mi consejo a otras mujeres que experimentan esto es que aguanten y sigan adelante, incluso cuando se sienta incre\u00edblemente duro\u00bb, ha publicado. <\/p>\n<p class=\"v-p\">A Carla Bruni le detectaron c\u00e1ncer de mama en octubre de 2019, pero no fue hasta octubre de 2023 cuando dio a conocer su diagn\u00f3stico, participando en una campa\u00f1a de concienciaci\u00f3n sobre esta enfermedad a trav\u00e9s de un v\u00eddeo. No es la primera vez que pone el acento en la importancia de las revisiones rutinarias ya que fueron clave para la detecci\u00f3n precoz de su tumor y su inmediato tratamiento. <\/p>\n<p class=\"v-p\">La buena evoluci\u00f3n de la salud de la exmodelo es un respiro para el matrimonio Sarkozy, que vive pendiente de los procesos judiciales en torno al expresidente galo. Desde que abandon\u00f3 el El\u00edseo en 2012, derrotado por Fran\u00e7ois Hollande, Nicolas Sarkozy ha encadenado una larga serie de causas judiciales que han erosionado su legado pol\u00edtico. <\/p>\n<p class=\"v-p\">El primer gran frente se remonta a su llegada al poder. La Justicia investiga desde hace a\u00f1os la presunta financiaci\u00f3n libia de su campa\u00f1a presidencial de 2007. En septiembre pasado, el expresidente fue condenado en primera instancia a cinco a\u00f1os de c\u00e1rcel por asociaci\u00f3n de malhechores al considerar probado que busc\u00f3 fondos del r\u00e9gimen de Muamar Gadafi. El tribunal orden\u00f3 la ejecuci\u00f3n provisional de la pena, que le llev\u00f3 a prisi\u00f3n durante 20 d\u00edas. Una breve estancia que, sin embargo, le vali\u00f3 para escribir un libro sobre la experiencia: &#8216;Diario de un prisionero&#8217;. <\/p>\n<p class=\"v-p\">Un mes despu\u00e9s, en octubre, reci\u00e9n salido de la c\u00e1rcel, el Supremo confirmaba su segunda condena firme, esta vez por irregularidades en su campa\u00f1a de 2018. En este tiempo, Carla ha sido su mayor apoyo y la hemos visto incluso enfrentarse a la prensa que trataba de cubrir los esc\u00e1ndalos del pol\u00edtico conservador. <\/p>\n<p>Reporta un error<\/p>\n","protected":false},"excerpt":{"rendered":"Lunes, 22 de diciembre 2025, 13:32 Despu\u00e9s de \u00faltimo trimestre complicado, en el que Carla Bruni tuvo que&hellip;\n","protected":false},"author":2,"featured_media":301851,"comment_status":"","ping_status":"","sticky":false,"template":"","format":"standard","meta":{"footnotes":""},"categories":[174],"tags":[71510,12097,4187,52461,1066,4846,255,146,147,25,24,256,1058,4044,859,23,1064],"class_list":{"0":"post-301850","1":"post","2":"type-post","3":"status-publish","4":"format-standard","5":"has-post-thumbnail","7":"category-famosos","8":"tag-aguanten","9":"tag-anima","10":"tag-anuncia","11":"tag-bruni","12":"tag-cancer","13":"tag-carla","14":"tag-celebrities","15":"tag-entertainment","16":"tag-entretenimiento","17":"tag-es","18":"tag-espana","19":"tag-famosos","20":"tag-final","21":"tag-mujeres","22":"tag-situacion","23":"tag-spain","24":"tag-tratamiento"},"share_on_mastodon":{"url":"https:\/\/pubeurope.com\/@es\/115764434530109525","error":""},"_links":{"self":[{"href":"https:\/\/www.europesays.com\/es\/wp-json\/wp\/v2\/posts\/301850","targetHints":{"allow":["GET"]}}],"collection":[{"href":"https:\/\/www.europesays.com\/es\/wp-json\/wp\/v2\/posts"}],"about":[{"href":"https:\/\/www.europesays.com\/es\/wp-json\/wp\/v2\/types\/post"}],"author":[{"embeddable":true,"href":"https:\/\/www.europesays.com\/es\/wp-json\/wp\/v2\/users\/2"}],"replies":[{"embeddable":true,"href":"https:\/\/www.europesays.com\/es\/wp-json\/wp\/v2\/comments?post=301850"}],"version-history":[{"count":0,"href":"https:\/\/www.europesays.com\/es\/wp-json\/wp\/v2\/posts\/301850\/revisions"}],"wp:featuredmedia":[{"embeddable":true,"href":"https:\/\/www.europesays.com\/es\/wp-json\/wp\/v2\/media\/301851"}],"wp:attachment":[{"href":"https:\/\/www.europesays.com\/es\/wp-json\/wp\/v2\/media?parent=301850"}],"wp:term":[{"taxonomy":"category","embeddable":true,"href":"https:\/\/www.europesays.com\/es\/wp-json\/wp\/v2\/categories?post=301850"},{"taxonomy":"post_tag","embeddable":true,"href":"https:\/\/www.europesays.com\/es\/wp-json\/wp\/v2\/tags?post=301850"}],"curies":[{"name":"wp","href":"https:\/\/api.w.org\/{rel}","templated":true}]}}