{"id":301878,"date":"2025-12-22T17:56:11","date_gmt":"2025-12-22T17:56:11","guid":{"rendered":"https:\/\/www.europesays.com\/es\/301878\/"},"modified":"2025-12-22T17:56:11","modified_gmt":"2025-12-22T17:56:11","slug":"disparan-a-un-equipo-ciclista-mientras-entrenaba","status":"publish","type":"post","link":"https:\/\/www.europesays.com\/es\/301878\/","title":{"rendered":"disparan a un equipo ciclista mientras entrenaba"},"content":{"rendered":"<p style=\"\">Cuando un ciclista se viste el culotte y el maillot para salir a entrenar a la carretera, ya sea en solitario o en grupo, adem\u00e1s del esfuerzo que va a tener que hacer a los pedales por su cabeza tambi\u00e9n se cruzan <strong>los riesgos de <\/strong> &#8230; <strong>lanzarse a esa selva que es el asfalto<\/strong>. En pocos deportes salir a entrenar implica tanto peligro como en el de las dos ruedas. Los ciclistas, incluso en el caso de las mayores estrellas del mundo, deben compartir carretera con conductores de todo tipo. Desde los educados y respetuosos que miran por el bienestar de todos, a los que se centran en su volante y olvidan por completo que sus manos gu\u00edan m\u00e1quinas de varios miles de kilos que pueden acabar con la vida de alguien en un instante.<\/p>\n<p class=\"voc-p\" style=\"\">Lo que ning\u00fan ciclista, amateur o profesional, podr\u00eda esperarse es lo que le pas\u00f3 este s\u00e1bado <a href=\"https:\/\/www.scpadovani1909.it\/\" target=\"_blank\" data-voc-vtm-id=\"in-text-traffic\" title=\"al equipo italiano Sc Padovani Polo Cherry Bank\" data-mrf-link=\"www.scpadovani1909.it\" rel=\"nofollow noopener\">al equipo italiano Sc Padovani Polo Cherry Bank<\/a> mientras entrenaba <strong>por las carreteras del Val d&#8217;Agide, en provincia de Trentino-Alto-Adigio, en el norte Italia<\/strong>. Esta vez no fue un imprudente poniendo en peligro al grupo o un accidente fatal, sino un aut\u00e9ntico ataque armado contra los deportistas. <\/p>\n<p class=\"voc-p\" style=\"\">Durante el entrenamiento matinal, durante un momento en el que el coche del equipo se alej\u00f3 del grupo, <strong>otro veh\u00edculo se acerc\u00f3 a los ciclistas para que alguien desde su interior disparase un arma en dos ocasiones<\/strong>. Pese al tremendo susto, nadie sali\u00f3 herido, por lo que se habla incluso de que el asalto pudo tener lugar con un arma de fogueo. Con los ciclistas ech\u00e1ndose a tierra, el veh\u00edculo aceler\u00f3 tras el tiroteo y se dio a la fuga.<\/p>\n<p class=\"voc-p\" style=\"\">El equipo ciclista regres\u00f3 inmediatamente a su sede, en el Veronello Resort, y despu\u00e9s de informar de lo sucedido, la entidad se encarg\u00f3 de recopilar todo tipo de testimonios e im\u00e1genes para acudir a las autoridades, tal y como inform\u00f3 en un comunicado a \u00faltima hora del domingo.<\/p>\n<p>\n\u00abAnte la locura de algunos no podemos hacer nada\u00bb\n<\/p>\n<p class=\"voc-p\" style=\"\">\u00abEstamos aliviados de que todos los chicos est\u00e9n sanos y salvos despu\u00e9s de lo ocurrido. Se trata de un suceso terrible que esperamos que no se repita nunca m\u00e1s: <strong>la carretera es el gimnasio de nuestros chicos<\/strong> y, como entidad, hemos tomado todas las medidas necesarias para que puedan pedalear con seguridad\u00bb, expres\u00f3 Galdino Peruzzo, presidente de este equipo con sede en la localidad de Padua en un comunicado oficial.<\/p>\n<p class=\"voc-p\" style=\"\">\u00abPor desgracia, ante la locura de ciertas personas, no podemos hacer nada. Lo que ocurri\u00f3 en Val d&#8217;Adige, por otra parte, <strong>no es el \u00fanico episodio de agresi\u00f3n por parte de conductores a los atletas de Padovani que se han estado entrenando estas semanas<\/strong>. Cabe recordar que en septiembre Marco Palomba tambi\u00e9n fue atropellado, por lo que es necesario sensibilizar a todos los que se ponen al volante para que adopten una cultura de mayor respeto\u00bb, a\u00f1adi\u00f3.<\/p>\n<p class=\"voc-p\" style=\"\">\u00abLa zona del lago de Garda es una de las m\u00e1s acogedoras y adecuadas para entrenar durante este per\u00edodo. Planificamos nuestras rutas de entrenamiento con cuidado y meticulosidad a diario para evitar las carreteras principales y las horas punta. No es casualidad que nos traslad\u00e1ramos al Val d&#8217;Adige, por una carretera lisa y bastante ancha, sin tr\u00e1fico pesado los s\u00e1bados. Nuestros atletas llevan ropa visible y luces en sus bicicletas para hacerse visibles a los conductores. Seguimos a los corredores desde el primer hasta el \u00faltimo kil\u00f3metro. De vez en cuando, con el coche del equipo, damos a los conductores la oportunidad de adelantar, pero <strong>se requiere m\u00e1s respeto<\/strong>\u00bb, a\u00f1adi\u00f3 el director deportivo del equipo Dimitri Konychev.<\/p>\n","protected":false},"excerpt":{"rendered":"Cuando un ciclista se viste el culotte y el maillot para salir a entrenar a la carretera, ya&hellip;\n","protected":false},"author":2,"featured_media":301879,"comment_status":"","ping_status":"","sticky":false,"template":"","format":"standard","meta":{"footnotes":""},"categories":[273],"tags":[313,1757,312,168,16597,18564,622,25,24,71514,628,23,167],"class_list":{"0":"post-301878","1":"post","2":"type-post","3":"status-publish","4":"format-standard","5":"has-post-thumbnail","7":"category-ciclismo","8":"tag-ciclismo","9":"tag-ciclista","10":"tag-cycling","11":"tag-deportes","12":"tag-disparan","13":"tag-entrenaba","14":"tag-equipo","15":"tag-es","16":"tag-espana","17":"tag-estupor","18":"tag-italia","19":"tag-spain","20":"tag-sports"},"share_on_mastodon":{"url":"https:\/\/pubeurope.com\/@es\/115764512914783444","error":""},"_links":{"self":[{"href":"https:\/\/www.europesays.com\/es\/wp-json\/wp\/v2\/posts\/301878","targetHints":{"allow":["GET"]}}],"collection":[{"href":"https:\/\/www.europesays.com\/es\/wp-json\/wp\/v2\/posts"}],"about":[{"href":"https:\/\/www.europesays.com\/es\/wp-json\/wp\/v2\/types\/post"}],"author":[{"embeddable":true,"href":"https:\/\/www.europesays.com\/es\/wp-json\/wp\/v2\/users\/2"}],"replies":[{"embeddable":true,"href":"https:\/\/www.europesays.com\/es\/wp-json\/wp\/v2\/comments?post=301878"}],"version-history":[{"count":0,"href":"https:\/\/www.europesays.com\/es\/wp-json\/wp\/v2\/posts\/301878\/revisions"}],"wp:featuredmedia":[{"embeddable":true,"href":"https:\/\/www.europesays.com\/es\/wp-json\/wp\/v2\/media\/301879"}],"wp:attachment":[{"href":"https:\/\/www.europesays.com\/es\/wp-json\/wp\/v2\/media?parent=301878"}],"wp:term":[{"taxonomy":"category","embeddable":true,"href":"https:\/\/www.europesays.com\/es\/wp-json\/wp\/v2\/categories?post=301878"},{"taxonomy":"post_tag","embeddable":true,"href":"https:\/\/www.europesays.com\/es\/wp-json\/wp\/v2\/tags?post=301878"}],"curies":[{"name":"wp","href":"https:\/\/api.w.org\/{rel}","templated":true}]}}