{"id":301886,"date":"2025-12-22T18:01:12","date_gmt":"2025-12-22T18:01:12","guid":{"rendered":"https:\/\/www.europesays.com\/es\/301886\/"},"modified":"2025-12-22T18:01:12","modified_gmt":"2025-12-22T18:01:12","slug":"un-proyecto-sobre-el-convento-de-santa-clara-gana-el-i-premio-de-arquitectura-del-ayuntamiento-toledo-por-venir","status":"publish","type":"post","link":"https:\/\/www.europesays.com\/es\/301886\/","title":{"rendered":"Un proyecto sobre el convento de Santa Clara gana el I Premio de Arquitectura del ayuntamiento &#8216;Toledo Por- Venir&#8217;"},"content":{"rendered":"<p style=\"\">El concejal de Planeamiento Urban\u00edstico de Toledo, Florentino Delgado, ha entregado este lunes los I Premios &#8216;Toledo Por-venir&#8217; del Ayuntamiento de Toledo a alumnos de \u00faltimo curso de la Escuela Superior de Arquitectura de la Universidad de Castilla-La Mancha (UCLM). El primer premio  &#8230; ha sido para un proyecto de \u00c1lvaro Bueno Dur\u00e1n sobre el convento de Santa Clara y el entorno del Casco Hist\u00f3rico. <\/p>\n<p class=\"voc-p\" style=\"\">La b\u00fasqueda de una forma de habitar el convento se concreta en el hallazgo de un sistema que tiene el valor de ser en potencia un modelo, una forma extrapolable para hacer habitables las estructuras vac\u00edas de la ciudad de Toledo. Unas <strong>estancias a modo de studiolos colonizan los intersticios del convento<\/strong>. Estas piezas de ensamblaje se disponen en los umbrales y, entre ellas, emergen recorridos que se prolongan hacia la ciudad, enlaz\u00e1ndolos con la vida y el trasiego cotidiano. El jurado ha destacado la claridad del proyecto, su conveniencia en el contexto actual de la ciudad y su ejemplar desarrollo en todas sus escalas. \u00c1lvaro Bueno ha recibido el diploma de manos del concejal de Urbanismo, adem\u00e1s de 2.500 euros.<\/p>\n<p class=\"voc-p\" style=\"\">A los premios se han presentado 60 trabajos, lo que demuestra seg\u00fan el concejal, \u00abque hay mucho inter\u00e9s y est\u00edmulo\u00bb. Delgado ha felicitado a los profesores de la Escuela de Arquitectura de la Universidad de Castilla-La Mancha y a su director, Carlos Asensio-Wandosell, y ha expresado su voluntad de que estos galardones se consoliden y el ayuntamiento pueda \u00abutilizar con provecho en la ciudad los trabajos premiados\u00bb.<\/p>\n<p class=\"voc-p\" style=\"\">Los tres segundos premios, dotados con diploma y 1.500 euros han sido para Luis Conrado Garc\u00eda Z\u00fa\u00f1iga y Mario Send\u00edn Gonz\u00e1lez, con un propuesta sobre el edificio Quixote Crea y entorno en San L\u00e1zaro; Jos\u00e9 Mar\u00eda Grueso Vicente, que ha presentado un trabajo sobre Casistas Militares y entorno en el barrio de Santa B\u00e1rbara, y Alicia S\u00e1nchez Mart\u00edn, con un proyecto sobre el Hospital Virgen de la Salud y entorno en Palomarejos.<\/p>\n<p class=\"voc-p\" style=\"\">Los terceros han reca\u00eddo en Mar\u00eda Pino Yubero, que ha presentado una propuesta sobre entorno del Hospital Virgen de la Salud; Jos\u00e9 Soriano Mercado por un proyecto sobre el convento de Santa Clara y entorno del Casco Hist\u00f3rico, y un ex aequo otorgado a dos equipos. El primero integrado por Virgile Arkan y Juan Ari\u00f1o Domingo sobre una intervenci\u00f3n en el Quixote Crea, y el segundo es obra de Hayate Ouami Oubalhi, un trabajo tambi\u00e9n sobre el Quixote Crea y el entorno de San L\u00e1zaro.<\/p>\n","protected":false},"excerpt":{"rendered":"El concejal de Planeamiento Urban\u00edstico de Toledo, Florentino Delgado, ha entregado este lunes los I Premios &#8216;Toledo Por-venir&#8217;&hellip;\n","protected":false},"author":2,"featured_media":301887,"comment_status":"","ping_status":"","sticky":false,"template":"","format":"standard","meta":{"footnotes":""},"categories":[173],"tags":[801,229,233,231,230,1250,9837,5837,232,234,146,147,25,24,4355,843,5568,4065,57,23,1952,15249],"class_list":{"0":"post-301886","1":"post","2":"type-post","3":"status-publish","4":"format-standard","5":"has-post-thumbnail","7":"category-arte-y-diseno","8":"tag-arquitectura","9":"tag-arte","10":"tag-arte-y-diseno","11":"tag-arts","12":"tag-arts-and-design","13":"tag-ayuntamiento","14":"tag-clara","15":"tag-convento","16":"tag-design","17":"tag-diseno","18":"tag-entertainment","19":"tag-entretenimiento","20":"tag-es","21":"tag-espana","22":"tag-gana","23":"tag-premio","24":"tag-proyecto","25":"tag-santa","26":"tag-sobre","27":"tag-spain","28":"tag-toledo","29":"tag-venir"},"share_on_mastodon":{"url":"https:\/\/pubeurope.com\/@es\/115764532569389007","error":""},"_links":{"self":[{"href":"https:\/\/www.europesays.com\/es\/wp-json\/wp\/v2\/posts\/301886","targetHints":{"allow":["GET"]}}],"collection":[{"href":"https:\/\/www.europesays.com\/es\/wp-json\/wp\/v2\/posts"}],"about":[{"href":"https:\/\/www.europesays.com\/es\/wp-json\/wp\/v2\/types\/post"}],"author":[{"embeddable":true,"href":"https:\/\/www.europesays.com\/es\/wp-json\/wp\/v2\/users\/2"}],"replies":[{"embeddable":true,"href":"https:\/\/www.europesays.com\/es\/wp-json\/wp\/v2\/comments?post=301886"}],"version-history":[{"count":0,"href":"https:\/\/www.europesays.com\/es\/wp-json\/wp\/v2\/posts\/301886\/revisions"}],"wp:featuredmedia":[{"embeddable":true,"href":"https:\/\/www.europesays.com\/es\/wp-json\/wp\/v2\/media\/301887"}],"wp:attachment":[{"href":"https:\/\/www.europesays.com\/es\/wp-json\/wp\/v2\/media?parent=301886"}],"wp:term":[{"taxonomy":"category","embeddable":true,"href":"https:\/\/www.europesays.com\/es\/wp-json\/wp\/v2\/categories?post=301886"},{"taxonomy":"post_tag","embeddable":true,"href":"https:\/\/www.europesays.com\/es\/wp-json\/wp\/v2\/tags?post=301886"}],"curies":[{"name":"wp","href":"https:\/\/api.w.org\/{rel}","templated":true}]}}