{"id":301912,"date":"2025-12-22T18:18:17","date_gmt":"2025-12-22T18:18:17","guid":{"rendered":"https:\/\/www.europesays.com\/es\/301912\/"},"modified":"2025-12-22T18:18:17","modified_gmt":"2025-12-22T18:18:17","slug":"pablo-moreno-y-lucia-rodriguez-ganan-el-iv-open-villa-de-santa-brigida","status":"publish","type":"post","link":"https:\/\/www.europesays.com\/es\/301912\/","title":{"rendered":"Pablo Moreno Y Luc\u00eda Rodr\u00edguez ganan el IV Open Villa de Santa Br\u00edgida"},"content":{"rendered":"<p><a class=\"v-mdl-ath__fig-a\" href=\"https:\/\/www.canarias7.es\/autor\/canarias7-6545.html\" title=\"CANARIAS7\" rel=\"nofollow noopener\" target=\"_blank\"><br \/>\n<img decoding=\"async\" class=\"v-mdl-ath__img\" src=\"https:\/\/www.europesays.com\/es\/wp-content\/uploads\/2025\/08\/1754689268_701_autor-6545-foto-1.png\" alt=\"CANARIAS7\"\/><br \/>\n<\/a><\/p>\n<p class=\"v-mdl-ath__p v-mdl-ath__p--6\">\nDomingo, 21 de diciembre 2025, 19:53<\/p>\n<p class=\"v-p\"><strong>Pablo Moreno y Luc\u00eda Rodr\u00edguez<\/strong> se proclamaron vencedores absolutos del <strong>VI Open Villa de Santa Br\u00edgida <\/strong>que finaliz\u00f3 este domingo en el <strong>Club de Tenis Tafira <\/strong>en jornada final aplazada la semana anterior por la lluvia. <\/p>\n<p class=\"v-p\">El torneo, organizado por el Club de Tenis Tafira con el apoyo del Ayuntamiento de Santa Br\u00edgida y de la Sociedad Municipal de Deportes, ha contado con la participaci\u00f3n de cerca de un centenar de tenistas atra\u00eddos por los sustanciosos premios en met\u00e1lico.<\/p>\n<p class=\"v-p\">Las dos finales comenzaron a jugarse a las 10.30 horas. En la final masculina Pablo Moreno con un juego con pocas fisuras se impuso a un dubitativo Jorge C\u00e1mara cuyos fallos fueron muy bien aprovechados por su rival. Triunfo final de Moreno por<strong> 6\/\/3 y 6\/0<\/strong>. La final femenina estuvo m\u00e1s competida con triunfo final de Luc\u00eda Rodr\u00edguez por <strong>6\/4, 4\/6 y 11\/9<\/strong> frente a Gabriela Paun. <\/p>\n<p class=\"v-p\">Estas dos finalistas formando pareja ganaron posteriormente la final de dobles por <strong>6\/1 y 6\/1 <\/strong>frente a Elena Calzada-Victoria Vidal. La victoria en dobles masculina fue para el d\u00fao Pablo Moreno-Jos\u00e9 Luis Vega que venci\u00f3 a Diego Reyes-\u00c1ngel Clares por<strong> 6\/1 y 6\/4.<\/strong><\/p>\n<p class=\"v-p\">La entrega de trofeos y premios en met\u00e1lico estuvo presidida por el Carlos Carri\u00f3n Concejal de Deportes de Santa acompa\u00f1ado del director del Torneo Juli\u00e1n Fresno<\/p>\n<p>Reporta un error<\/p>\n","protected":false},"excerpt":{"rendered":"Domingo, 21 de diciembre 2025, 19:53 Pablo Moreno y Luc\u00eda Rodr\u00edguez se proclamaron vencedores absolutos del VI Open&hellip;\n","protected":false},"author":2,"featured_media":301913,"comment_status":"","ping_status":"","sticky":false,"template":"","format":"standard","meta":{"footnotes":""},"categories":[274],"tags":[19301,168,25,24,8776,14231,1712,5829,618,416,4065,23,167,327,326,14221],"class_list":{"0":"post-301912","1":"post","2":"type-post","3":"status-publish","4":"format-standard","5":"has-post-thumbnail","7":"category-tenis","8":"tag-brigida","9":"tag-deportes","10":"tag-es","11":"tag-espana","12":"tag-ganan","13":"tag-lucia","14":"tag-moreno","15":"tag-open","16":"tag-pablo","17":"tag-rodriguez","18":"tag-santa","19":"tag-spain","20":"tag-sports","21":"tag-tenis","22":"tag-tennis","23":"tag-villa"},"share_on_mastodon":{"url":"https:\/\/pubeurope.com\/@es\/115764600263169994","error":""},"_links":{"self":[{"href":"https:\/\/www.europesays.com\/es\/wp-json\/wp\/v2\/posts\/301912","targetHints":{"allow":["GET"]}}],"collection":[{"href":"https:\/\/www.europesays.com\/es\/wp-json\/wp\/v2\/posts"}],"about":[{"href":"https:\/\/www.europesays.com\/es\/wp-json\/wp\/v2\/types\/post"}],"author":[{"embeddable":true,"href":"https:\/\/www.europesays.com\/es\/wp-json\/wp\/v2\/users\/2"}],"replies":[{"embeddable":true,"href":"https:\/\/www.europesays.com\/es\/wp-json\/wp\/v2\/comments?post=301912"}],"version-history":[{"count":0,"href":"https:\/\/www.europesays.com\/es\/wp-json\/wp\/v2\/posts\/301912\/revisions"}],"wp:featuredmedia":[{"embeddable":true,"href":"https:\/\/www.europesays.com\/es\/wp-json\/wp\/v2\/media\/301913"}],"wp:attachment":[{"href":"https:\/\/www.europesays.com\/es\/wp-json\/wp\/v2\/media?parent=301912"}],"wp:term":[{"taxonomy":"category","embeddable":true,"href":"https:\/\/www.europesays.com\/es\/wp-json\/wp\/v2\/categories?post=301912"},{"taxonomy":"post_tag","embeddable":true,"href":"https:\/\/www.europesays.com\/es\/wp-json\/wp\/v2\/tags?post=301912"}],"curies":[{"name":"wp","href":"https:\/\/api.w.org\/{rel}","templated":true}]}}