{"id":301914,"date":"2025-12-22T18:19:08","date_gmt":"2025-12-22T18:19:08","guid":{"rendered":"https:\/\/www.europesays.com\/es\/301914\/"},"modified":"2025-12-22T18:19:08","modified_gmt":"2025-12-22T18:19:08","slug":"ahora-si-van-der-poel-ya-va-pensando-en-jubilarse-del-ciclocross","status":"publish","type":"post","link":"https:\/\/www.europesays.com\/es\/301914\/","title":{"rendered":"Ahora s\u00ed, Van der Poel ya va pensando en jubilarse del ciclocross"},"content":{"rendered":"<p>Cada a\u00f1o por estas fechas es un tema recurrente pero, esta vez s\u00ed parece real, Mathieu van der Poel ya ve cerca su final en el ciclocross. No olvidemos que el neerland\u00e9s, que pr\u00e1cticamente ha ganado todo lo conseguible por un ciclista de sus caracter\u00edsticas, va camino de conseguir el r\u00e9cord de Mundiales de Ciclocross vencidos y, el pr\u00f3ximo 19 de enero, cumplir\u00e1 31 a\u00f1os.<\/p>\n<p><img class=\" lazyload\" border=\"0\" alt=\"Ahora s\u00ed, Van der Poel ya va pensando en jubilarse del ciclocross\" width=\"1600\" height=\"900\"  data-\/><\/p>\n<p>Lo dejaba caer el s\u00e1bado tras la carrera de Amberes en declaraciones al medio neerland\u00e9s AD y, tras ser repreguntado ayer por el diario belga Het Laaste Nieuws confirmaba que, si consigue hacerse con el octavo Mundial en Hulst \u201cno me quedar\u00eda mucho por lograr en el ciclocross\u201d.<\/p>\n<p><img class=\" lazyload\" border=\"0\" alt=\"Ahora s\u00ed, Van der Poel ya va pensando en jubilarse del ciclocross\" width=\"2560\" height=\"1440\"  data-\/><\/p>\n<p>Van der Poel siempre ha dicho que le gustar\u00eda dejar el ciclocross en lo m\u00e1s alto por lo que es posible que el pr\u00f3ximo Mundial sea tambi\u00e9n la carrera de despedida para el ciclista neerland\u00e9s de la disciplina que lo vio criarse como leyenda. \u201cTodav\u00eda me encanta el ciclcocross, pero requiere mucha energ\u00eda\u201d confesaba el de Alpecin-Deceuninck.<\/p>\n<p>En todo caso, no es la primera vez que Van der Poel hace este tipo de declaraciones aunque, dado que ya ha superado la treintena, no queda otra que asumir que el final est\u00e1 m\u00e1s cerca que lejos. Que el Mundial se dispute en Hulst, Pa\u00edses Bajos, y que tenga el r\u00e9cord de maillots arco\u00edris al alcance de la mano parecen ser la situaci\u00f3n perfecta para una retirada por todo lo alto. \u201cLo hemos hablado internamente varias veces. Es algo que estoy pensando. No me estoy haciendo m\u00e1s joven\u201d explicaba Van der Poel quien tambi\u00e9n dejaba una puerta abierta a su continuidad \u201c\u00bfSi por alguna raz\u00f3n no funciona? Si, entonces sin dudas seguir\u00e9 compitiendo para conseguir el r\u00e9cord\u201d.<\/p>\n<p><img class=\" lazyload\" border=\"0\" alt=\"Ahora s\u00ed, Van der Poel ya va pensando en jubilarse del ciclocross\" width=\"1200\" height=\"675\"  data-\/><\/p>\n<p>Las dudas sobre la continuidad en el ciclocross vuelven a estar motivadas por la relevancia que tiene la carretera y la presi\u00f3n que ejerce el equipo para que est\u00e9 en plenas condiciones sobre las ruedas finas. Dejar el ciclocross tendr\u00eda ventajas de cara a la primavera \u201cLo har\u00eda principalmente pensando en la temporada de carretera, s\u00ed. Para poder descansar un poco m\u00e1s durante el invierno. Por ejemplo, poder quedarme en Espa\u00f1a todo el invierno y entrenar all\u00ed\u201d explicaba Van der Poel.<\/p>\n","protected":false},"excerpt":{"rendered":"Cada a\u00f1o por estas fechas es un tema recurrente pero, esta vez s\u00ed parece real, Mathieu van der&hellip;\n","protected":false},"author":2,"featured_media":301915,"comment_status":"","ping_status":"","sticky":false,"template":"","format":"standard","meta":{"footnotes":""},"categories":[273],"tags":[313,312,168,25,24,23,167],"class_list":{"0":"post-301914","1":"post","2":"type-post","3":"status-publish","4":"format-standard","5":"has-post-thumbnail","7":"category-ciclismo","8":"tag-ciclismo","9":"tag-cycling","10":"tag-deportes","11":"tag-es","12":"tag-espana","13":"tag-spain","14":"tag-sports"},"share_on_mastodon":{"url":"https:\/\/pubeurope.com\/@es\/115764603349972442","error":""},"_links":{"self":[{"href":"https:\/\/www.europesays.com\/es\/wp-json\/wp\/v2\/posts\/301914","targetHints":{"allow":["GET"]}}],"collection":[{"href":"https:\/\/www.europesays.com\/es\/wp-json\/wp\/v2\/posts"}],"about":[{"href":"https:\/\/www.europesays.com\/es\/wp-json\/wp\/v2\/types\/post"}],"author":[{"embeddable":true,"href":"https:\/\/www.europesays.com\/es\/wp-json\/wp\/v2\/users\/2"}],"replies":[{"embeddable":true,"href":"https:\/\/www.europesays.com\/es\/wp-json\/wp\/v2\/comments?post=301914"}],"version-history":[{"count":0,"href":"https:\/\/www.europesays.com\/es\/wp-json\/wp\/v2\/posts\/301914\/revisions"}],"wp:featuredmedia":[{"embeddable":true,"href":"https:\/\/www.europesays.com\/es\/wp-json\/wp\/v2\/media\/301915"}],"wp:attachment":[{"href":"https:\/\/www.europesays.com\/es\/wp-json\/wp\/v2\/media?parent=301914"}],"wp:term":[{"taxonomy":"category","embeddable":true,"href":"https:\/\/www.europesays.com\/es\/wp-json\/wp\/v2\/categories?post=301914"},{"taxonomy":"post_tag","embeddable":true,"href":"https:\/\/www.europesays.com\/es\/wp-json\/wp\/v2\/tags?post=301914"}],"curies":[{"name":"wp","href":"https:\/\/api.w.org\/{rel}","templated":true}]}}