{"id":301918,"date":"2025-12-22T18:22:14","date_gmt":"2025-12-22T18:22:14","guid":{"rendered":"https:\/\/www.europesays.com\/es\/301918\/"},"modified":"2025-12-22T18:22:14","modified_gmt":"2025-12-22T18:22:14","slug":"ramon-martinez-posible-fichaje-del-cadiz-en-el-mercado-de-invierno","status":"publish","type":"post","link":"https:\/\/www.europesays.com\/es\/301918\/","title":{"rendered":"Ram\u00f3n Mart\u00ednez, posible fichaje del C\u00e1diz en el mercado de invierno"},"content":{"rendered":"<p>    Compartir  <\/p>\n<p class=\"_container_r6ld5_1 _container_1uguc_1 &#10;    color_eta\">El Sevilla FC necesita dar salida a algunos de sus futbolistas para poder reforzarse en el mercado invernal. Con <a href=\"https:\/\/www.eldesmarque.com\/futbol\/20251117\/fede-gattoni-regreso-mercado-invierno-cesion-river-plate_18_017675944.html#utm_source=cuerpo&amp;utm_medium=articulo\" rel=\"nofollow noopener\" target=\"_blank\">el regreso de Fede Gattoni<\/a> ser\u00e1n 26 los jugadores que disponga el primer equipo, por lo que <strong>como m\u00ednimo deben salir dos<\/strong> para que pueda llegar uno. Un bloqueo que obliga a la direcci\u00f3n deportiva que dirige <strong>Antonio Cord\u00f3n <\/strong>a moverse con celeridad y plantear posibles escenarios, sin dejar de lado la importancia de seguir liberando masa salarial. <strong>Mat\u00edas Almeyda <\/strong>ya anunci\u00f3 que <strong>se reunir\u00eda con el club nada m\u00e1s volver de Madrid<\/strong>, en vistas de esbozar la hoja de ruta a seguir. Pero antes deben producirse despedidas. Uno de los que puede hacerlo es Ram\u00f3n Mart\u00ednez, el jugador que menos partidos ha disputado hasta la fecha.<\/p>\n<p class=\"_container_r6ld5_1 _container_1uguc_1 &#10;    color_eta\">Con solo tres participaciones, el central <strong>ha ca\u00eddo relegado al ostracismo<\/strong>. Empez\u00f3 el curso con una lesi\u00f3n en el muslo y eso le cost\u00f3 la posibilidad de ir entrando en el equipo. Fue titular contra el Mallorca, pero el entrenador le coloc\u00f3 entre los se\u00f1alados de aquella derrota y desde entonces no ha vuelto a participar en Liga. <strong>Ocho partidos en la suplencia <\/strong>que le convierten en <strong>el jugador que menos encuentros ha jugado<\/strong> hasta la fecha, viendo c\u00f3mo canteranos como Manu Bueno, Oso o Castr\u00edn, competidor directo, le han pasado por la derecha. <\/p>\n<p class=\"_container_r6ld5_1 _container_1uguc_1 &#10;    color_eta\">Una situaci\u00f3n que podr\u00eda invitarle a buscar opciones en enero. Seg\u00fan informaba el compa\u00f1ero Francisco Jim\u00e9nez, <strong>el C\u00e1diz CF trabaja en la llegada de un centra<\/strong>l y Ram\u00f3n Mart\u00ednez, junto a Ismael Sierra, del Villarreal B, ser\u00eda una de las opciones sobre la mesa para el mercado de invierno.<\/p>\n<p class=\"_container_r6ld5_1 _container_1uguc_1 &#10;    color_eta\">En el club a\u00fan no se han sentado, personalmente, con los jugadores, pero tanto la entidad como los propios futbolistas -todos los que forman la plantilla- saben que la llegada del mercado invernal promete muchos cambios en Nervi\u00f3n.<\/p>\n<p><img decoding=\"async\" alt=\"Ram\u00f3n Mart\u00ednez, en un partido con el Sevilla\" class=\"_author_image__full_lbs33_12 _image_thjnc_1\" loading=\"lazy\" title=\"\" src=\"https:\/\/www.europesays.com\/es\/wp-content\/uploads\/2025\/12\/ramon-martinez-en-un-partido-con-el-sevilla-16-9-aspect-ratio-default-0_da39.jpg\" width=\"1920\" height=\"1080\"  \/>Ram\u00f3n Mart\u00ednez, en un partido con el Sevilla. SFC      <\/p>\n","protected":false},"excerpt":{"rendered":"Compartir El Sevilla FC necesita dar salida a algunos de sus futbolistas para poder reforzarse en el mercado&hellip;\n","protected":false},"author":2,"featured_media":301919,"comment_status":"","ping_status":"","sticky":false,"template":"","format":"standard","meta":{"footnotes":""},"categories":[268],"tags":[168,25,24,280,282,281,23,167],"class_list":{"0":"post-301918","1":"post","2":"type-post","3":"status-publish","4":"format-standard","5":"has-post-thumbnail","7":"category-futbol","8":"tag-deportes","9":"tag-es","10":"tag-espana","11":"tag-football","12":"tag-futbol","13":"tag-soccer","14":"tag-spain","15":"tag-sports"},"share_on_mastodon":{"url":"https:\/\/pubeurope.com\/@es\/115764615927837514","error":""},"_links":{"self":[{"href":"https:\/\/www.europesays.com\/es\/wp-json\/wp\/v2\/posts\/301918","targetHints":{"allow":["GET"]}}],"collection":[{"href":"https:\/\/www.europesays.com\/es\/wp-json\/wp\/v2\/posts"}],"about":[{"href":"https:\/\/www.europesays.com\/es\/wp-json\/wp\/v2\/types\/post"}],"author":[{"embeddable":true,"href":"https:\/\/www.europesays.com\/es\/wp-json\/wp\/v2\/users\/2"}],"replies":[{"embeddable":true,"href":"https:\/\/www.europesays.com\/es\/wp-json\/wp\/v2\/comments?post=301918"}],"version-history":[{"count":0,"href":"https:\/\/www.europesays.com\/es\/wp-json\/wp\/v2\/posts\/301918\/revisions"}],"wp:featuredmedia":[{"embeddable":true,"href":"https:\/\/www.europesays.com\/es\/wp-json\/wp\/v2\/media\/301919"}],"wp:attachment":[{"href":"https:\/\/www.europesays.com\/es\/wp-json\/wp\/v2\/media?parent=301918"}],"wp:term":[{"taxonomy":"category","embeddable":true,"href":"https:\/\/www.europesays.com\/es\/wp-json\/wp\/v2\/categories?post=301918"},{"taxonomy":"post_tag","embeddable":true,"href":"https:\/\/www.europesays.com\/es\/wp-json\/wp\/v2\/tags?post=301918"}],"curies":[{"name":"wp","href":"https:\/\/api.w.org\/{rel}","templated":true}]}}