{"id":301924,"date":"2025-12-22T18:26:13","date_gmt":"2025-12-22T18:26:13","guid":{"rendered":"https:\/\/www.europesays.com\/es\/301924\/"},"modified":"2025-12-22T18:26:13","modified_gmt":"2025-12-22T18:26:13","slug":"aparatosa-caida-en-directo-en-informativos-telecinco-antes-de-comenzar-la-loteria-de-navidad-2025","status":"publish","type":"post","link":"https:\/\/www.europesays.com\/es\/301924\/","title":{"rendered":"Aparatosa ca\u00edda en directo en Informativos Telecinco antes de comenzar la Loter\u00eda de Navidad 2025"},"content":{"rendered":"<p class=\"ft-text ft-helper-closenews\">La <strong>Loter\u00eda de Navidad 2025<\/strong> ha vuelto a dejar momentazos televisivos como el del <a class=\"ft-link ft-link--decoration\" href=\"https:\/\/www.elperiodico.com\/es\/tele\/yotele\/20251222\/loteria-navidad-2025-directo-micro-abierto-cafe-125041242\" target=\"_blank\" rel=\"nofollow noopener\">micro abierto que traicion\u00f3 a una de las presentadoras de TVE<\/a> o la aparatosa ca\u00edda que captaron las c\u00e1maras de Informativos Telecinco justo antes de que comenzase el sorteo.<\/p>\n<p class=\"ft-text\">Fue, l\u00f3gicamente, durante la edici\u00f3n matinal cuando <strong>Bricio Segovia<\/strong> conectaba con uno de sus reporteros que se encontraba en el Teatro Real donde cada 22 de diciembre tiene lugar este evento. El reportero entrevistaba en esos momentos a Do\u00f1a Manoli, una entra\u00f1able anciana que cada a\u00f1o acude disfrazada al patio de butacas.<\/p>\n<p class=\"ft-text\">Cuando el reportero se desped\u00eda, las c\u00e1maras captaban como la mujer iba caminando para abandonar el plano cuando de repente, se puede ver c\u00f3mo tropieza y cae al suelo, al tiempo que exclama: \u00ab\u00a1Ay!\u00bb.<\/p>\n<p class=\"ft-text\">En ese instante, aparecen m\u00e1s personas detr\u00e1s del reportero ayudando a levantar a Do\u00f1a Manoli, pero el reportero simplemente se dedica a mirar y a seguir como si nada hubiese sucedido, al igual que el presentador.<\/p>\n<p data-close=\"closedContent\" class=\"subscribeHideForDisplay\">Suscr\u00edbete para seguir leyendo<\/p>\n","protected":false},"excerpt":{"rendered":"La Loter\u00eda de Navidad 2025 ha vuelto a dejar momentazos televisivos como el del micro abierto que traicion\u00f3&hellip;\n","protected":false},"author":2,"featured_media":301925,"comment_status":"","ping_status":"","sticky":false,"template":"","format":"standard","meta":{"footnotes":""},"categories":[171],"tags":[42543,4357,2125,146,147,25,24,10848,530,44330,2951,23,692,214],"class_list":{"0":"post-301924","1":"post","2":"type-post","3":"status-publish","4":"format-standard","5":"has-post-thumbnail","7":"category-tv","8":"tag-aparatosa","9":"tag-caida","10":"tag-directo","11":"tag-entertainment","12":"tag-entretenimiento","13":"tag-es","14":"tag-espana","15":"tag-informativos","16":"tag-loteria","17":"tag-loteria-de-navidad","18":"tag-navidad","19":"tag-spain","20":"tag-telecinco","21":"tag-tv"},"share_on_mastodon":{"url":"https:\/\/pubeurope.com\/@es\/115764631153790652","error":""},"_links":{"self":[{"href":"https:\/\/www.europesays.com\/es\/wp-json\/wp\/v2\/posts\/301924","targetHints":{"allow":["GET"]}}],"collection":[{"href":"https:\/\/www.europesays.com\/es\/wp-json\/wp\/v2\/posts"}],"about":[{"href":"https:\/\/www.europesays.com\/es\/wp-json\/wp\/v2\/types\/post"}],"author":[{"embeddable":true,"href":"https:\/\/www.europesays.com\/es\/wp-json\/wp\/v2\/users\/2"}],"replies":[{"embeddable":true,"href":"https:\/\/www.europesays.com\/es\/wp-json\/wp\/v2\/comments?post=301924"}],"version-history":[{"count":0,"href":"https:\/\/www.europesays.com\/es\/wp-json\/wp\/v2\/posts\/301924\/revisions"}],"wp:featuredmedia":[{"embeddable":true,"href":"https:\/\/www.europesays.com\/es\/wp-json\/wp\/v2\/media\/301925"}],"wp:attachment":[{"href":"https:\/\/www.europesays.com\/es\/wp-json\/wp\/v2\/media?parent=301924"}],"wp:term":[{"taxonomy":"category","embeddable":true,"href":"https:\/\/www.europesays.com\/es\/wp-json\/wp\/v2\/categories?post=301924"},{"taxonomy":"post_tag","embeddable":true,"href":"https:\/\/www.europesays.com\/es\/wp-json\/wp\/v2\/tags?post=301924"}],"curies":[{"name":"wp","href":"https:\/\/api.w.org\/{rel}","templated":true}]}}