{"id":301936,"date":"2025-12-22T18:32:10","date_gmt":"2025-12-22T18:32:10","guid":{"rendered":"https:\/\/www.europesays.com\/es\/301936\/"},"modified":"2025-12-22T18:32:10","modified_gmt":"2025-12-22T18:32:10","slug":"baja-la-dificultad-de-cronos-the-new-dawn-con-su-nuevo-modo-opcional-en-camino-llega-a-principios-de-2026","status":"publish","type":"post","link":"https:\/\/www.europesays.com\/es\/301936\/","title":{"rendered":"Baja la dificultad de Cronos: The New Dawn con su nuevo modo opcional en camino: llega a principios de 2026"},"content":{"rendered":"<p>Tal y como compartimos, en el Nintendo Direct de julio se anunci\u00f3\u00a0<a href=\"https:\/\/www.nintenderos.com\/2025\/07\/mas-anuncios-para-nintendo-switch-2-en-el-nintendo-direct-partner-showcase-chillin-by-the-fire-apex-legends-hela-cronos-the-new-dawn-y-yakuza-kiwami-1-y-2\/\" rel=\"nofollow noopener\" target=\"_blank\">Cronos: The New Dawn<\/a>\u00a0para\u00a0<strong>Nintendo Switch 2<\/strong>. El juego se lanz\u00f3 el<strong>\u00a05 de septiembre de 2025<\/strong>. Ahora tenemos novedades confirmadas tras conocer\u00a0<a href=\"https:\/\/www.nintenderos.com\/nintendo-switch-2\/cronos-the-new-dawn-se-lleva-estas-notas-en-los-analisis-de-la-prensa\/\" rel=\"nofollow noopener\" target=\"_blank\">lo que opina la prensa del juego<\/a>. Esta vez se trata de\u00a0<strong>una nueva actualizaci\u00f3n<\/strong>.<\/p>\n<p>Bloober Team <strong>ha anunciado \u201cTemporal Diver Mode\u201d<\/strong>, un nuevo modo de dificultad m\u00e1s accesible que llegar\u00e1 a Cronos: The New Dawn a comienzos de 2026, pensado para jugadores que prefieren centrarse en la historia y explorar el juego a su propio ritmo. El estudio reconoce que el t\u00edtulo fue dise\u00f1ado para ser desafiante, pero tras escuchar a la comunidad ha decidido a\u00f1adir esta opci\u00f3n m\u00e1s sencilla para que m\u00e1s jugadores puedan disfrutar del trasfondo narrativo sin tanta presi\u00f3n.<\/p>\n<p>Os dejamos con <strong>el tr\u00e1iler de anuncio y m\u00fasica ambiental<\/strong>:<\/p>\n<p>Otros contenidos en esta categor\u00eda:<\/p>\n<p>Con esta entrega, el estudio responsable de la nueva versi\u00f3n de Silent Hill 2\u00a0<strong>nos trae un juego de terror y supervivencia<\/strong>\u00a0en tercera persona en el que el tiempo es el arma m\u00e1s mort\u00edfera a disposici\u00f3n de los jugadores\u2026 y quiz\u00e1 el enemigo m\u00e1s temible al que tendr\u00e1n que enfrentarse. Los jugadores deber\u00e1n sobrevivir en dos eras distintas: un futuro despiadado y la Polonia de los a\u00f1os 80. En su misi\u00f3n, se cruzar\u00e1n con seres horripilantes que, si no son detenidos a tiempo, acabar\u00e1n fusion\u00e1ndose entre s\u00ed, dando lugar a abominaciones imbatibles.<\/p>\n<p><a href=\"https:\/\/www.gematsu.com\/2025\/12\/cronos-the-new-dawn-to-add-easier-difficulty-option-temporal-diver-mode-in-early-2026\" class=\"external\" rel=\"nofollow noopener\" target=\"_blank\">Fuente<\/a>.<\/p>\n","protected":false},"excerpt":{"rendered":"Tal y como compartimos, en el Nintendo Direct de julio se anunci\u00f3\u00a0Cronos: The New Dawn\u00a0para\u00a0Nintendo Switch 2. El&hellip;\n","protected":false},"author":2,"featured_media":301937,"comment_status":"","ping_status":"","sticky":false,"template":"","format":"standard","meta":{"footnotes":""},"categories":[81],"tags":[119,123,124,33404,25,24,117,121,122,23,118,120],"class_list":{"0":"post-301936","1":"post","2":"type-post","3":"status-publish","4":"format-standard","5":"has-post-thumbnail","7":"category-ciencia-y-tecnologia","8":"tag-ciencia","9":"tag-ciencia-y-tecnologia","10":"tag-cienciaytecnologia","11":"tag-cronos-the-new-dawn","12":"tag-es","13":"tag-espana","14":"tag-science","15":"tag-science-and-technology","16":"tag-scienceandtechnology","17":"tag-spain","18":"tag-technology","19":"tag-tecnologia"},"share_on_mastodon":{"url":"https:\/\/pubeurope.com\/@es\/115764654892753127","error":""},"_links":{"self":[{"href":"https:\/\/www.europesays.com\/es\/wp-json\/wp\/v2\/posts\/301936","targetHints":{"allow":["GET"]}}],"collection":[{"href":"https:\/\/www.europesays.com\/es\/wp-json\/wp\/v2\/posts"}],"about":[{"href":"https:\/\/www.europesays.com\/es\/wp-json\/wp\/v2\/types\/post"}],"author":[{"embeddable":true,"href":"https:\/\/www.europesays.com\/es\/wp-json\/wp\/v2\/users\/2"}],"replies":[{"embeddable":true,"href":"https:\/\/www.europesays.com\/es\/wp-json\/wp\/v2\/comments?post=301936"}],"version-history":[{"count":0,"href":"https:\/\/www.europesays.com\/es\/wp-json\/wp\/v2\/posts\/301936\/revisions"}],"wp:featuredmedia":[{"embeddable":true,"href":"https:\/\/www.europesays.com\/es\/wp-json\/wp\/v2\/media\/301937"}],"wp:attachment":[{"href":"https:\/\/www.europesays.com\/es\/wp-json\/wp\/v2\/media?parent=301936"}],"wp:term":[{"taxonomy":"category","embeddable":true,"href":"https:\/\/www.europesays.com\/es\/wp-json\/wp\/v2\/categories?post=301936"},{"taxonomy":"post_tag","embeddable":true,"href":"https:\/\/www.europesays.com\/es\/wp-json\/wp\/v2\/tags?post=301936"}],"curies":[{"name":"wp","href":"https:\/\/api.w.org\/{rel}","templated":true}]}}