{"id":301954,"date":"2025-12-22T18:45:10","date_gmt":"2025-12-22T18:45:10","guid":{"rendered":"https:\/\/www.europesays.com\/es\/301954\/"},"modified":"2025-12-22T18:45:10","modified_gmt":"2025-12-22T18:45:10","slug":"el-sporting-gano-mas-dinero-que-19-rivales-por-la-television-la-voz-de-asturias","status":"publish","type":"post","link":"https:\/\/www.europesays.com\/es\/301954\/","title":{"rendered":"El Sporting gan\u00f3 m\u00e1s dinero que 19 rivales por la televisi\u00f3n &#8211; La Voz de Asturias"},"content":{"rendered":"<ol>\n<li><a href=\"https:\/\/news.google.com\/rss\/articles\/CBMizgFBVV95cUxNQUtTNldrRHFCTm1vMlNzaDRYUWZHVC0tbkI0NmZHZlZJSm40QlNEM2NwVGpqcEpxQUhmSGgxQ092aEpXLVhDQ0J3anpadUs1LWk4OWNwd2dWTnVwZjhlcUZ5NlVFQ2Y0c3dHOWo4cjY4OVFibHYxWkhRSWNXWnljc2RLWVFsQ2RtVzA3VGVWRTV6ZkhRNzJ3dkhubTd4UnR0aFdLWnRERUtSVzFrejQ2U3d4LUl1bzExNngycU84YmJPaFowdFktMjV4RXNEQdIB6gFBVV95cUxPdndPTnNsLXdmNWpuWENxeVJpbFZWc1dLb2haSkg2MWZvRjFYc3d0TjZUX2lqTVpVd1N1OHNmbGdISFljdFBuZk1tdXpsYWNJRUpEaVRSZklpUVNvanZxZFoyV1JTNndQUFRmZzhfZGlYMkt3eFpzLU80ZGlNQjlITHduVzFYSGgyUS1rcGJNdEFtaFFVYWp0YU0xbW5iX0hfWDJuNVI5S29ZZ3NzTmdoVkctczkwZ3hPLUE1Y0RQTThib2plQkpqbzlocUFIVEZCVUZEakFyTHNLTFlrNlhnWXctcFdVV01NeXc?oc=5\" target=\"_blank\" rel=\"nofollow noopener\">El Sporting gan\u00f3 m\u00e1s dinero que 19 rivales por la televisi\u00f3n<\/a>&nbsp;&nbsp;La Voz de Asturias<\/li>\n<li><a href=\"https:\/\/news.google.com\/rss\/articles\/CBMisAFBVV95cUxPUi1uZlc2bzdzR0FYMGhXVnF1M3g5LU1zOENFRURWcXBvU1duX3h1UHNJM0lIM2x3X092THBjSHQwcnk2NmhISFF5bUhtU2VmUEIxa2xrM0t0NFNrMzVhb3dUV0hlaGdDaXpBOVBwZW1lczZzNktsUVAtSS1ycVhIQVpKdDBLb2ZHLXk0amlONTkyb2JRQzgzbmpDWWhoWnFoR0RUVnFhbHBVZXItYzNQbg?oc=5\" target=\"_blank\" rel=\"nofollow noopener\">\u2018Sorpasso\u2019 del Madrid al Bar\u00e7a en el reparto del dinero de la televisi\u00f3n<\/a>&nbsp;&nbsp;Diario AS<\/li>\n<li><a href=\"https:\/\/news.google.com\/rss\/articles\/CBMikgFBVV95cUxQc3J0bGRuc29RMVJhbDkxcEpLc2l4SXEtODA5NmJ4SER0MzVVT2RqR2o2OTh5V28tcGdRcjN1d2FGc09fbnBVQ25wRTZTQk84d2t2SFJMQ2cwOHBPWEk2LWphN3kxNHJQMUg1VXdZcmx2bVVYVHJzeGFQQ2pKTndyaEVQLU10cjlBa0FJNmppVFl5Z9IBkgFBVV95cUxQZ2Eyam5XS2ZjbFMwSmNUSEEzWDRnTTRrZ0NINDU0VldSU3RwZEowbkhwQVQtbS1vNjA2VDF3X2VlOHJsZlBqRUFaRjJiYkZlWEQ0ME1Oc3N0ZXliR1JLQkMxVXhCVUo1dENmc2FrVlFSXzlfa0h6dWQtX1h4Wm1KNDBaR1pyV1g4ei05bk4xSzN5QQ?oc=5\" target=\"_blank\" rel=\"nofollow noopener\">El pastel televisivo de los equipos de Primera sufre un recorte<\/a>&nbsp;&nbsp;SPORT<\/li>\n<li><a href=\"https:\/\/news.google.com\/rss\/articles\/CBMixwFBVV95cUxOWktlZTFfWWFuWFFXQzgzLWx6SGRuajA5ejlkanVGZFRGcWtiZW9oMkU1MlZPU19fdHd0ZXRvMkJYcG9hUDAyWENFTDdhX255MFFSczE2SUZlSk1HQy10alltS2NIYTdrMl9BRnpGcTNRWm9oUmkxeG0ybkZqdGJobXRqU1U4T0tXLWxYby1xbmx1c0ZXdGhwaGpBXy1UQS1kdFh2dHU4bU55dmlmT0dTcXBaeGVNc284V1RELV9FU0xRc0liemZ30gHHAUFVX3lxTFBZQjJCREZjdGJKcGp5dFlrdDJQQ1hQLXdRYlVsZEl6TmE2RTFnbHZIQk4tWC1GNkM0S011TGhFRzFlM0RTZExCaFZqUnFJZG1fTzd5akd1cEVsa2RENVh5MDMtLXJkVV9rdVZvU0FDaV9lR3ZhSHNkV0luLW9mQlYydHhMZnNPclZvR2NXZ3F6RFZnNnljX2dORHcwci1BVWxCZ2REVU5VZjFDU3F2WUllbnRiaDVEVWRrNG13UGZ5N19HNldHTUE?oc=5\" target=\"_blank\" rel=\"nofollow noopener\">El C\u00e1diz, el Granada y el Almer\u00eda se reparten un tercio de los millones de los derechos de televisi\u00f3n<\/a>&nbsp;&nbsp;MARCA<\/li>\n<li><a href=\"https:\/\/news.google.com\/rss\/articles\/CBMiowFBVV95cUxOZXVlQ3hDM1VzX0Yxbms5NU05azJCZjloZENqLTFnV0Z4elM5bDllc2o2ZDJZSk1rOS1QU0tQNW5LaVNhZlNkNmE5ejdaRUpfNUxNV0o5ZWdfX2FYdXJ1UzZZTi0tUmtQcEZEbk5ZLU5BLXRUcXUtYThhUVd2cllBZWp5TkpTRXJzbDVYaE5PUl9EdTE5RkNBcnNHZm1OdDlEMzFR?oc=5\" target=\"_blank\" rel=\"nofollow noopener\">El Athletic es el cuarto club de la Liga que m\u00e1s ingresa por la televisi\u00f3n<\/a>&nbsp;&nbsp;El Correo<\/li>\n<\/ol>\n","protected":false},"excerpt":{"rendered":"El Sporting gan\u00f3 m\u00e1s dinero que 19 rivales por la televisi\u00f3n&nbsp;&nbsp;La Voz de Asturias \u2018Sorpasso\u2019 del Madrid al&hellip;\n","protected":false},"author":2,"featured_media":301955,"comment_status":"","ping_status":"","sticky":false,"template":"","format":"standard","meta":{"footnotes":""},"categories":[268],"tags":[168,25,24,280,282,281,23,4783,167],"class_list":{"0":"post-301954","1":"post","2":"type-post","3":"status-publish","4":"format-standard","5":"has-post-thumbnail","7":"category-futbol","8":"tag-deportes","9":"tag-es","10":"tag-espana","11":"tag-football","12":"tag-futbol","13":"tag-soccer","14":"tag-spain","15":"tag-sporting-de-gijon","16":"tag-sports"},"share_on_mastodon":{"url":"https:\/\/pubeurope.com\/@es\/115764705698189864","error":""},"_links":{"self":[{"href":"https:\/\/www.europesays.com\/es\/wp-json\/wp\/v2\/posts\/301954","targetHints":{"allow":["GET"]}}],"collection":[{"href":"https:\/\/www.europesays.com\/es\/wp-json\/wp\/v2\/posts"}],"about":[{"href":"https:\/\/www.europesays.com\/es\/wp-json\/wp\/v2\/types\/post"}],"author":[{"embeddable":true,"href":"https:\/\/www.europesays.com\/es\/wp-json\/wp\/v2\/users\/2"}],"replies":[{"embeddable":true,"href":"https:\/\/www.europesays.com\/es\/wp-json\/wp\/v2\/comments?post=301954"}],"version-history":[{"count":0,"href":"https:\/\/www.europesays.com\/es\/wp-json\/wp\/v2\/posts\/301954\/revisions"}],"wp:featuredmedia":[{"embeddable":true,"href":"https:\/\/www.europesays.com\/es\/wp-json\/wp\/v2\/media\/301955"}],"wp:attachment":[{"href":"https:\/\/www.europesays.com\/es\/wp-json\/wp\/v2\/media?parent=301954"}],"wp:term":[{"taxonomy":"category","embeddable":true,"href":"https:\/\/www.europesays.com\/es\/wp-json\/wp\/v2\/categories?post=301954"},{"taxonomy":"post_tag","embeddable":true,"href":"https:\/\/www.europesays.com\/es\/wp-json\/wp\/v2\/tags?post=301954"}],"curies":[{"name":"wp","href":"https:\/\/api.w.org\/{rel}","templated":true}]}}