{"id":302036,"date":"2025-12-22T19:43:14","date_gmt":"2025-12-22T19:43:14","guid":{"rendered":"https:\/\/www.europesays.com\/es\/302036\/"},"modified":"2025-12-22T19:43:14","modified_gmt":"2025-12-22T19:43:14","slug":"saluda-al-electrico-de-mas-de-2-000-cv-mas-exclusivo-del-planeta","status":"publish","type":"post","link":"https:\/\/www.europesays.com\/es\/302036\/","title":{"rendered":"Saluda al el\u00e9ctrico de m\u00e1s de 2.000 CV m\u00e1s exclusivo del planeta"},"content":{"rendered":"<p data-journey-content=\"true\" data-node-id=\"3\" class=\"css-6wxqfj emevuu60\">Rimac se ha querido acordar de aquellas personas que confiaron inicialmente en su proyecto, sin tener m\u00e1s garant\u00edas que la propia palabra y el entusiasmo de Mate Rimac y su equipo. Ya han pasado 15 a\u00f1os desde el nacimiento de la compa\u00f1\u00eda y su crecimiento le ha permitido hacerse un nombre en la industria, asoci\u00e1ndose con Bugatti para expandirse todav\u00eda m\u00e1s. Ahora, toca ser agradecido.<\/p>\n<p><img draggable=\"true\" alt=\"rimac nevera r founder edition\" title=\"rimac nevera r founder edition\" loading=\"lazy\" width=\"6000\" height=\"3000\" decoding=\"async\" data-nimg=\"1\" style=\"color:transparent;width:100%;height:auto;\"   src=\"https:\/\/www.europesays.com\/es\/wp-content\/uploads\/2025\/12\/nevera-r-founder-s-edition-2-694916f678471.jpg\" class=\"css-0 e1g79fud0\"\/><a target=\"_blank\" rel=\"noopener nofollow\" data-theme-key=\"base-link\" href=\"https:\/\/pinterest.com\/pin\/create\/button\/?url=https:\/\/www.caranddriver.com\/es\/coches\/novedades\/a69835240\/rimac-nevera-electrico-mas-caro-exclusivo-planeta\/&amp;description=&amp;media=https:\/\/hips.hearstapps.com\/hmg-prod\/images\/nevera-r-founder-s-edition-2-694916f678471.jpg?resize=1600:*\" class=\"pinterest css-on9hn5 e1c1bym14\"><img decoding=\"async\" data-dynamic-svg=\"true\" src=\"https:\/\/www.caranddriver.com\/_assets\/design-tokens\/fre\/static\/icons\/social\/pinterest.e8cf655.svg?primary=%2523ffffff\" loading=\"lazy\" data-testid=\"dynamic-svg-base\" height=\"auto\" width=\"auto\" alt=\"pinterest\" class=\"css-4lml0h e1mlxuuw1\"\/><\/a><\/p>\n<p>Rimac\/\/Car and Driver<\/p>\n<p>Un programa \u00fanico<\/p>\n<p data-journey-content=\"true\" data-node-id=\"8\" class=\"css-6wxqfj emevuu60\">Para ello, la firma croata ha creado un total de 10 unidades verdaderamente especiales de su m\u00e1quina m\u00e1s salvaje: el <a href=\"https:\/\/www.caranddriver.com\/es\/coches\/novedades\/a61912058\/rimac-nevera-r\/\" target=\"_blank\" data-vars-ga-outbound-link=\"https:\/\/www.caranddriver.com\/es\/coches\/novedades\/a61912058\/rimac-nevera-r\/\" data-vars-ga-ux-element=\"Hyperlink\" data-vars-ga-call-to-action=\"Rimac Nevera R\" data-node-id=\"8.1\" class=\"body-link css-168zq96 emevuu60\" rel=\"nofollow noopener\">Rimac Nevera R<\/a>. Nacido para ser un hiperdeportivo capaz de asombrar a cualquiera, la bestia de m\u00e1s de 2.000 caballos ha sido elegida para formar parte de la iniciativa \u2018Founder\u00b4s Edition\u2019.<\/p>\n<p><img draggable=\"true\" alt=\"rimac nevera r founder edition\" title=\"rimac nevera r founder edition\" loading=\"lazy\" width=\"6000\" height=\"3000\" decoding=\"async\" data-nimg=\"1\" style=\"color:transparent;width:100%;height:auto;\"   src=\"https:\/\/www.europesays.com\/es\/wp-content\/uploads\/2025\/12\/nevera-r-founder-s-edition-11-694916f63ccbf.jpg\" class=\"css-0 e1g79fud0\"\/><\/p>\n<p>Rimac\/\/Car and Driver<\/p>\n<p><img draggable=\"true\" alt=\"rimac nevera r founder edition\" title=\"rimac nevera r founder edition\" loading=\"lazy\" width=\"6000\" height=\"3000\" decoding=\"async\" data-nimg=\"1\" style=\"color:transparent;width:100%;height:auto;\"   src=\"https:\/\/www.europesays.com\/es\/wp-content\/uploads\/2025\/12\/nevera-r-founder-s-edition-8-694916f0cae4a.jpg\" class=\"css-0 e1g79fud0\"\/><\/p>\n<p>Rimac\/\/Car and Driver<\/p>\n<p data-journey-content=\"true\" data-node-id=\"11\" class=\"css-6wxqfj emevuu60\">Las 10 afortunadas personas elegidas por Rimac para ser miembros del programa no solo se beneficiar\u00e1n de un ejemplar personalizado, sino tambi\u00e9n de una serie de privilegios \u00fanicos, como acceder al cuartel general de la marca, participar en debates estrat\u00e9gicos con Mate y su equipo, adem\u00e1s de participar en el proceso de I+D de los pr\u00f3ximos lanzamientos, entre otras cosas. Todo empieza con una sesi\u00f3n de configuraci\u00f3n exclusiva en el Campus Rimac de Zagreb, donde los propietarios se re\u00fanen con el propio Mate Rimac, el director de dise\u00f1o Frank Heyl y su equipo.<\/p>\n<p><img draggable=\"true\" alt=\"rimac nevera r founder edition\" title=\"rimac nevera r founder edition\" loading=\"lazy\" width=\"6000\" height=\"3000\" decoding=\"async\" data-nimg=\"1\" style=\"color:transparent;width:100%;height:auto;\"   src=\"https:\/\/www.europesays.com\/es\/wp-content\/uploads\/2025\/12\/nevera-r-founder-s-edition-7-694916f1090fc.jpg\" class=\"css-0 e1g79fud0\"\/><\/p>\n<p>Rimac\/\/Car and Driver<\/p>\n<p><img draggable=\"true\" alt=\"rimac nevera r founder edition\" title=\"rimac nevera r founder edition\" loading=\"lazy\" width=\"6000\" height=\"3000\" decoding=\"async\" data-nimg=\"1\" style=\"color:transparent;width:100%;height:auto;\"   src=\"https:\/\/www.europesays.com\/es\/wp-content\/uploads\/2025\/12\/nevera-r-founder-s-edition-9-694916f13cd68.jpg\" class=\"css-0 e1g79fud0\"\/><\/p>\n<p>Rimac\/\/Car and Driver<\/p>\n<p data-journey-content=\"true\" data-node-id=\"16\" class=\"css-6wxqfj emevuu60\">La especificaci\u00f3n sobre la que parten los 10 coches se basa en una configuraci\u00f3n exterior bitono con una marcada divisi\u00f3n de colores a lo largo del autom\u00f3vil, encargada de rebajar visualmente la carrocer\u00eda, con una franja central muy fina que incorpora el motivo de corbata de la compa\u00f1\u00eda y sutiles gr\u00e1ficos de circuito para extenderse a lo largo del techo y el frontal.<\/p>\n<blockquote data-theme-key=\"pullquote\" class=\"css-1eiql25 e1pe3zr91\">\n<blockquote class=\"css-fetnbk e1pe3zr90\"><p>El Nevera R desarrolla 2.136 CV a trav\u00e9s de cuatro motores individuales y logra una velocidad m\u00e1xima de 431 km\/h.<\/p><\/blockquote>\n<\/blockquote>\n<p> <img draggable=\"true\" alt=\"rimac nevera r founder edition\" title=\"rimac nevera r founder edition\" loading=\"lazy\" width=\"6000\" height=\"3000\" decoding=\"async\" data-nimg=\"1\" style=\"color:transparent;width:100%;height:auto;\"   src=\"https:\/\/www.europesays.com\/es\/wp-content\/uploads\/2025\/12\/nevera-r-founder-s-edition-4-694916f6bf260.jpg\" class=\"css-0 e1g79fud0\"\/><a target=\"_blank\" rel=\"noopener nofollow\" data-theme-key=\"base-link\" href=\"https:\/\/pinterest.com\/pin\/create\/button\/?url=https:\/\/www.caranddriver.com\/es\/coches\/novedades\/a69835240\/rimac-nevera-electrico-mas-caro-exclusivo-planeta\/&amp;description=&amp;media=https:\/\/hips.hearstapps.com\/hmg-prod\/images\/nevera-r-founder-s-edition-4-694916f6bf260.jpg?resize=1600:*\" class=\"pinterest css-on9hn5 e1c1bym14\"><img decoding=\"async\" data-dynamic-svg=\"true\" src=\"https:\/\/www.caranddriver.com\/_assets\/design-tokens\/fre\/static\/icons\/social\/pinterest.e8cf655.svg?primary=%2523ffffff\" loading=\"lazy\" data-testid=\"dynamic-svg-base\" height=\"auto\" width=\"auto\" alt=\"pinterest\" class=\"css-4lml0h e1mlxuuw1\"\/><\/a><\/p>\n<p>Rimac\/\/Car and Driver<\/p>\n<p data-journey-content=\"true\" data-node-id=\"21\" class=\"css-6wxqfj emevuu60\">De puertas para dentro, los paneles de las puertas presentan bordados a medida que conmemoran tres fechas clave para la historia de la compa\u00f1\u00eda croata: el a\u00f1o de fundaci\u00f3n, el lanzamiento del Concept_One y el periodo de r\u00e9cords con el Nevera y el Campus. Cada unidad tambi\u00e9n luce asientos con diferentes tonalidades en homenaje a la configuraci\u00f3n del Nevera del propio Mate.<\/p>\n<p>No habr\u00e1 dos iguales<\/p>\n<p data-journey-content=\"true\" data-node-id=\"24\" class=\"css-6wxqfj emevuu60\">Sin embargo, cada propietario podr\u00e1 personalizar el coche a su gusto, apoy\u00e1ndose el avanzado software de visualizaci\u00f3n V-RED para \u201cajustar colores, materiales y acabados en tiempo real\u201d. Adem\u00e1s, el equipo de pruebas de la compa\u00f1\u00eda les brindar\u00e1 los conocimientos y el asesoramiento necesarios para que mejoren sus aptitudes al volante. La guinda del pastel ser\u00e1 la entrega de sus preciados ejemplares en manos de Mate Rimac.<\/p>\n<p><img draggable=\"true\" alt=\"rimac nevera r founder edition\" title=\"rimac nevera r founder edition\" loading=\"lazy\" width=\"6000\" height=\"3000\" decoding=\"async\" data-nimg=\"1\" style=\"color:transparent;width:100%;height:auto;\"   src=\"https:\/\/www.europesays.com\/es\/wp-content\/uploads\/2025\/12\/nevera-r-founder-s-edition-5-694916f0cfd44.jpg\" class=\"css-0 e1g79fud0\"\/><\/p>\n<p>Rimac\/\/Car and Driver<\/p>\n<p><img draggable=\"true\" alt=\"rimac nevera r founder edition\" title=\"rimac nevera r founder edition\" loading=\"lazy\" width=\"6000\" height=\"3000\" decoding=\"async\" data-nimg=\"1\" style=\"color:transparent;width:100%;height:auto;\"   src=\"https:\/\/www.europesays.com\/es\/wp-content\/uploads\/2025\/12\/nevera-r-founder-s-edition-6-694916f120a9e.jpg\" class=\"css-0 e1g79fud0\"\/><\/p>\n<p>Rimac\/\/Car and Driver<\/p>\n<p data-journey-content=\"true\" data-node-id=\"27\" class=\"css-6wxqfj emevuu60\">\u201cQuer\u00eda encontrar una manera de agradecer a las personas visionarias que ayudaron a forjar este camino e invitar a diez de ellas a experimentar nuestro mundo de una manera completamente nueva. No solo a trav\u00e9s de un auto extraordinario, sino a trav\u00e9s de una conexi\u00f3n m\u00e1s profunda con lo que hace que Rimac sea \u00fanico\u201d, se\u00f1ala Mate Rimac, fundador y presidente del Grupo Rimac, CEO de Bugatti Rimac y Rimac Technology.<\/p>\n<p data-journey-content=\"true\" data-node-id=\"30\" class=\"css-6wxqfj emevuu60\">Si bien el precio no ha trascendido, s\u00ed sabemos que los 10 coches tardaron una semana en encontrar nuevo due\u00f1o tras su presentaci\u00f3n privada a clientes a principios de a\u00f1o. <\/p>\n<p><img src=\"https:\/\/www.europesays.com\/es\/wp-content\/uploads\/2025\/12\/1766432594_756_7aa52f3b-61f0-4dd2-98f2-250ddcb69487_1656063718.file\" alt=\"Headshot of Borja D\u00edaz\" title=\"Headshot of Borja D\u00edaz\" width=\"100%\" height=\"100%\" decoding=\"async\" loading=\"lazy\" class=\"css-o0wq4v ev8dhu53\"\/><\/p>\n<p>Especialista en temas de motor y tecnolog\u00eda. Apasionado de la mec\u00e1nica y las cuatro ruedas desde ni\u00f1o, ahora trato de transmitir mis experiencias a todo aquel que disfrute con el olor a gasolina, la velocidad, el placer de conducir, el dise\u00f1o y el sonido de esos motores que nos ponen los pelos de punta\u00a0<\/p>\n","protected":false},"excerpt":{"rendered":"Rimac se ha querido acordar de aquellas personas que confiaron inicialmente en su proyecto, sin tener m\u00e1s garant\u00edas&hellip;\n","protected":false},"author":2,"featured_media":302037,"comment_status":"","ping_status":"","sticky":false,"template":"","format":"standard","meta":{"footnotes":""},"categories":[80],"tags":[82,253,95,94,25,24,23],"class_list":{"0":"post-302036","1":"post","2":"type-post","3":"status-publish","4":"format-standard","5":"has-post-thumbnail","7":"category-economia","8":"tag-business","9":"tag-discover","10":"tag-economia","11":"tag-economy","12":"tag-es","13":"tag-espana","14":"tag-spain"},"share_on_mastodon":{"url":"https:\/\/pubeurope.com\/@es\/115764936668998481","error":""},"_links":{"self":[{"href":"https:\/\/www.europesays.com\/es\/wp-json\/wp\/v2\/posts\/302036","targetHints":{"allow":["GET"]}}],"collection":[{"href":"https:\/\/www.europesays.com\/es\/wp-json\/wp\/v2\/posts"}],"about":[{"href":"https:\/\/www.europesays.com\/es\/wp-json\/wp\/v2\/types\/post"}],"author":[{"embeddable":true,"href":"https:\/\/www.europesays.com\/es\/wp-json\/wp\/v2\/users\/2"}],"replies":[{"embeddable":true,"href":"https:\/\/www.europesays.com\/es\/wp-json\/wp\/v2\/comments?post=302036"}],"version-history":[{"count":0,"href":"https:\/\/www.europesays.com\/es\/wp-json\/wp\/v2\/posts\/302036\/revisions"}],"wp:featuredmedia":[{"embeddable":true,"href":"https:\/\/www.europesays.com\/es\/wp-json\/wp\/v2\/media\/302037"}],"wp:attachment":[{"href":"https:\/\/www.europesays.com\/es\/wp-json\/wp\/v2\/media?parent=302036"}],"wp:term":[{"taxonomy":"category","embeddable":true,"href":"https:\/\/www.europesays.com\/es\/wp-json\/wp\/v2\/categories?post=302036"},{"taxonomy":"post_tag","embeddable":true,"href":"https:\/\/www.europesays.com\/es\/wp-json\/wp\/v2\/tags?post=302036"}],"curies":[{"name":"wp","href":"https:\/\/api.w.org\/{rel}","templated":true}]}}