{"id":302043,"date":"2025-12-22T19:50:12","date_gmt":"2025-12-22T19:50:12","guid":{"rendered":"https:\/\/www.europesays.com\/es\/302043\/"},"modified":"2025-12-22T19:50:12","modified_gmt":"2025-12-22T19:50:12","slug":"mito-pereira-se-retiro-a-los-30-anos-tras-haber-quedado-al-borde-de-un-major-y-una-medalla-olimpica","status":"publish","type":"post","link":"https:\/\/www.europesays.com\/es\/302043\/","title":{"rendered":"\u00abMito\u00bb Pereira se retir\u00f3 a los 30 a\u00f1os tras haber quedado al borde de un major y una medalla ol\u00edmpica"},"content":{"rendered":"<p class=\"com-paragraph  --capital --s\">Impacto en el golf mundial: a trav\u00e9s de un comunicado en sus redes sociales, el chileno <strong>Guillermo \u201cMito\u201d Pereira<\/strong> anunci\u00f3 el final de su carrera profesional a los 30 a\u00f1os, una edad todav\u00eda temprana para este deporte. \u201dOrgulloso del camino que recorr\u00ed. Agradecido con los que me acompa\u00f1aron en el. Gracias a todos!\u201c, expres\u00f3 el ahora exjugador al que el \u00e1mbito golf\u00edstico le mostr\u00f3 su lado m\u00e1s cruel en dos oportunidades: estuvo muy cerca de ganar una medalla ol\u00edmpica y un major, pero se equivoc\u00f3 en los momentos decisivos.<\/p>\n<p class=\"com-paragraph   --s\">En un comunicado que public\u00f3 este lunes en su cuenta oficial de Instagram, el nacido en Santiago de chile expres\u00f3: \u201cEscribo estas l\u00edneas para contarles que despu\u00e9s de un tiempo de reflexi\u00f3n he decidido poner t\u00e9rmino a mis carrera como golfista profesional. No es una determinaci\u00f3n que tome de la noche a la ma\u00f1ana. La ven\u00eda meditando y esperando el momento adecuado para comunicarla\u201d, revel\u00f3 en el primer p\u00e1rrafo. <\/p>\n<p class=\"com-paragraph   --s\">\u201cDespu\u00e9s de muchos a\u00f1os vinculado a este lindo deporte, las prioridades van cambiando y hoy mi mayor inter\u00e9s es poner un alto a los viajes, radicarme en Chile y atender mis proyectos personales\u201d, agreg\u00f3.<\/p>\n<p class=\"com-paragraph   --s\">\u201cEl golf fue una actividad fundamental en mi vida. Me permiti\u00f3 crecer humana y profesionalmente, conocer gente, otras culturas, trazarme objetivos que en su mayor\u00eda fui cumpliendo, dando pasos que jam\u00e1s imagin\u00e9. Ahora inicio una nueva etapa, feliz, motivado, sin premura por lo que me depare el futuro. Solo quiero que sepan que estoy bien y orgulloso por lo que logr\u00e9 en este deporte\u201d. Luego, Pereira realiz\u00f3 un balance de lo que fue su carrera. \u201cMe llevo enormes recuerdos. Los tres t\u00edtulos del Korn Ferry Tour, que me permitieron acceder al PGA, mi paso al LIV Tour, donde conoc\u00ed m\u00faltiples destinos y disfrut\u00e9 compitiendo en un gran equipo, Team Torque\u201d.<\/p>\n<p class=\"com-paragraph   --s\">Tambi\u00e9n, en su misiva, el chileno que hasta hoy participaba en la liga \u00e1rabe LIV Golf Series record\u00f3 los hitos que alcanz\u00f3 defendiendo los colores de su pa\u00eds. \u201cEl haber representado a Chile en los Juegos Panamericanos y los Juegos Ol\u00edmpicos. Subirme al podio en Lima 2019 y haber rozado una medalla ol\u00edmpica en Tokio 2020 son momentos que quedar\u00e1n para siempre en mi memoria y en mi coraz\u00f3n\u201d.<\/p>\n<p>Mito Pereira domin\u00f3 el PGA Championship 2022 en Southern Hills, pero cometi\u00f3 un error en el \u00faltimo hoyo y se impuso el norteamericano Justin ThomasCHRISTIAN PETERSEN &#8211; GETTY IMAGES NORTH AMERICA<\/p>\n<p class=\"com-paragraph   --s\">Por \u00faltimo, insisti\u00f3 en su principal motivaci\u00f3n para el adi\u00f3s. \u201cViv\u00ed muchos a\u00f1os fuera de casa, en otro pa\u00eds. Pas\u00e9 innumerables semanas en hoteles y aeropuertos. Pues bien, lleg\u00f3 el momento de parar. Chile es mi lugar en el mundo y mi familia mi raz\u00f3n de ser. El golf me ense\u00f1o a ser resiliente, a convivir con los buenos y malos momentos, a hacer de la disciplina y los objetivos un estilo de vida. Creo estar preparado para lo que viene\u201d. <\/p>\n<p class=\"com-paragraph   --s\">En su carrera se recuerdan dos grandes momentos. El primero en los Juegos Ol\u00edmpicos de Tokio 2020, disputados un a\u00f1o despu\u00e9s por la pandemia. \u201cMito\u201d lleg\u00f3 peleando mano a mano una medalla hasta el \u00faltimo d\u00eda de competencia y estuvo a un cent\u00edmetro de hacer historia. Tras una gran actuaci\u00f3n, qued\u00f3 igualado en el tercer lugar con siete jugadores. Fue al desempate y la ilusi\u00f3n en busca de atrapar el bronce estaba latente, pero la fortuna no estuvo de su lado. Pereira logr\u00f3 sortear las dos primeras banderas del playoff y en el tercer hoyo sufri\u00f3 con el destino. Peg\u00f3 su tiro para birdie con la idea de mantenerse con posibilidades de medalla, pero la pelotita no quiso entrar en el hoyo y sali\u00f3 para dejarlo fuera de la lucha por el bronce de manera incre\u00edble.<\/p>\n<p class=\"com-paragraph   --s\">El segundo momento fue un a\u00f1o m\u00e1s tarde. En 2022, el golfista chileno pudo haber hecho historia nuevamente para el golf de su pa\u00eds. Estuvo muy cerca de ganar el PGA Championship. Pele\u00f3 mano a mano el trofeo del major. Lleg\u00f3 como l\u00edder a la \u00faltima bandera. Sin embargo, por su \u00fanico gran error en cuatro d\u00edas de juego en el campo de Southern Hills, perdi\u00f3 el trofeo. \u201cMito\u201d ten\u00eda un golpe de ventaja al tee del hoyo 18 sobre los estadounidenses Will Zalatoris y Justin Thomas. Necesitaba hacer solo un par para ganar su primer \u201cgrande\u201d. Pero tras un mal swing tir\u00f3 la pelota al agua con su golpe de salida y derrumb\u00f3 la ilusi\u00f3n. <\/p>\n<p class=\"com-paragraph   --s\">Al final, anot\u00f3 un doble bogey y termin\u00f3 perdiendo el campeonato. La historia pudo ser muy distinta. En el hoyo 17 qued\u00f3 en posici\u00f3n para birdie y la pelota no entr\u00f3 por cent\u00edmetros. En ese instante, Pereira era el \u00fanico l\u00edder con -6. Si lo convert\u00eda se iba a -7, con dos golpes de ventaja sobre el segundo, y quedaba m\u00e1s tranquilo para el cierre. Pero no fue.<\/p>\n<p class=\"com-paragraph   --s\">Pereira pudo haberse transformado en el tercer sudamericano en obtener un t\u00edtulo grande, luego de Roberto De Vicenzo (Open Brit\u00e1nico 1967) y Angel Cabrera (US Open 2007 y Masters 2009).<\/p>\n<p class=\"com-paragraph   --s\">\u201cEs dif\u00edcil asumir lo que pas\u00f3, no jugu\u00e9 muy bien en la \u00faltima vuelta, tendr\u00eda que haber hecho m\u00e1s birdies, pero lo tomar\u00e9 como un aprendizaje\u201d, relat\u00f3 Pereira luego de aquel error, que se frustr\u00f3 con una \u00faltima tarjeta de 75 golpes (+5). Acerca de ese swing en\u00e9rgico y desarticulado que lo llev\u00f3 a perder el t\u00edtulo en el \u00faltimo par 4, coment\u00f3: \u201cMe sent\u00eda tranquilo, no estaba pensando en el agua. Cuando la tir\u00e9 ah\u00ed me sorprend\u00ed. \u2018\u00bfEn serio me fui al agua?\u2019, me pregunt\u00e9\u201d. As\u00ed, Pereira le dijo adi\u00f3s al golf con tareas pendientes, pero con la tranquilidad de haberlo intentado.<\/p>\n","protected":false},"excerpt":{"rendered":"Impacto en el golf mundial: a trav\u00e9s de un comunicado en sus redes sociales, el chileno Guillermo \u201cMito\u201d&hellip;\n","protected":false},"author":2,"featured_media":302044,"comment_status":"","ping_status":"","sticky":false,"template":"","format":"standard","meta":{"footnotes":""},"categories":[275],"tags":[168,25,24,16005,329,23,167],"class_list":{"0":"post-302043","1":"post","2":"type-post","3":"status-publish","4":"format-standard","5":"has-post-thumbnail","7":"category-golf","8":"tag-deportes","9":"tag-es","10":"tag-espana","11":"tag-fotos_arc_bajarprint","12":"tag-golf","13":"tag-spain","14":"tag-sports"},"share_on_mastodon":{"url":"https:\/\/pubeurope.com\/@es\/115764961164323298","error":""},"_links":{"self":[{"href":"https:\/\/www.europesays.com\/es\/wp-json\/wp\/v2\/posts\/302043","targetHints":{"allow":["GET"]}}],"collection":[{"href":"https:\/\/www.europesays.com\/es\/wp-json\/wp\/v2\/posts"}],"about":[{"href":"https:\/\/www.europesays.com\/es\/wp-json\/wp\/v2\/types\/post"}],"author":[{"embeddable":true,"href":"https:\/\/www.europesays.com\/es\/wp-json\/wp\/v2\/users\/2"}],"replies":[{"embeddable":true,"href":"https:\/\/www.europesays.com\/es\/wp-json\/wp\/v2\/comments?post=302043"}],"version-history":[{"count":0,"href":"https:\/\/www.europesays.com\/es\/wp-json\/wp\/v2\/posts\/302043\/revisions"}],"wp:featuredmedia":[{"embeddable":true,"href":"https:\/\/www.europesays.com\/es\/wp-json\/wp\/v2\/media\/302044"}],"wp:attachment":[{"href":"https:\/\/www.europesays.com\/es\/wp-json\/wp\/v2\/media?parent=302043"}],"wp:term":[{"taxonomy":"category","embeddable":true,"href":"https:\/\/www.europesays.com\/es\/wp-json\/wp\/v2\/categories?post=302043"},{"taxonomy":"post_tag","embeddable":true,"href":"https:\/\/www.europesays.com\/es\/wp-json\/wp\/v2\/tags?post=302043"}],"curies":[{"name":"wp","href":"https:\/\/api.w.org\/{rel}","templated":true}]}}