{"id":302056,"date":"2025-12-22T20:03:18","date_gmt":"2025-12-22T20:03:18","guid":{"rendered":"https:\/\/www.europesays.com\/es\/302056\/"},"modified":"2025-12-22T20:03:18","modified_gmt":"2025-12-22T20:03:18","slug":"matarazzo-ha-llegado-el-momento-de-ganar","status":"publish","type":"post","link":"https:\/\/www.europesays.com\/es\/302056\/","title":{"rendered":"Matarazzo: \u00abHa llegado el momento de ganar\u00bb"},"content":{"rendered":"<p>\u00abKaixo guztioi. Buenas tardes a todos\u00bb. De esta manera ha comenzado su intervenci\u00f3n Pellegrino Materazzo, &#8216;Rino&#8217;, como le denominaron Aperribay y Bretos, en su  &#8230; presentaci\u00f3n como nuevo entrenador de la <a href=\"https:\/\/www.diariovasco.com\/real-sociedad\/\" data-voc-vtm-id=\"in-text-traffic\" title=\"Real Sociedad\" data-mrf-link=\"www.diariovasco.com\" rel=\"nofollow noopener\" target=\"_blank\">Real Sociedad<\/a>. Para el nuevo t\u00e9cnico, \u00abha llegado la hora de ganar partidos\u00bb y se siente preparado para asumir el reto de devolver a la Real Sociedad a Europa en el futuro, contando, adem\u00e1s, con jugadores de la cantera y con un f\u00fatbol \u00abofensivo\u00bb y \u00abdin\u00e1mico\u00bb. <\/p>\n<p><a href=\"http:\/\/www.diariovasco.com\/real-sociedad\/matarazzo-llegara-dos-asistentes-confianza-real-sabe-20251222171046-nt.html#vtm_modulosEngag=mod-rel:real-sociedad:noticia:1:cmp:1-not\" class=\"v-a-link\" aria-label=\"Imagen\" rel=\"nofollow noopener\" target=\"_blank\"><\/p>\n<p><img decoding=\"async\" loading=\"lazy\" src=\"https:\/\/www.europesays.com\/es\/wp-content\/uploads\/2025\/12\/newspaint-1766419751314-1200x840-ka5H--366x256@Diario Vasco.jpg\" class=\"v-a-img\" width=\"258\" height=\"180\" alt=\"\" data-voc-vtm-id=\"in-text-traffic\"\/><\/p>\n<p><\/a><\/p>\n<p class=\"v-p\">Su primera disertaci\u00f3n ha sido en castellano y la ten\u00eda preparada: \u00abPara m\u00ed es un gran honor estar hoy aqu\u00ed como entrenador de la Real Sociedad. Desde el primer momento sent\u00ed una conexi\u00f3n muy clara con este club, por sus valores, identidad y la pasi\u00f3n con la que se vive el f\u00fatbol aqu\u00ed\u00bb, ha desgranado en primera instancia el t\u00e9cnico estadounidense. <\/p>\n<p>\n\u00abDesde el primer momento sent\u00ed una conexi\u00f3n muy clara con este club, por sus valores, identidad y la pasi\u00f3n con la que se vive el f\u00fatbol aqu\u00ed\u00bb\n<\/p>\n<p class=\"v-p\">Tras lanzar su previsible mensaje de gratitud hacia el presidente Aperribay y el director de f\u00fatbol Bretos, por la confianza demostrada en \u00e9l, ha desvelado su cap\u00edtulo de prop\u00f3sitos: \u00abLlego con mucho respeto por el trabajo que se ha hecho y mucha ilusi\u00f3n por lo que podemos construir juntos; estoy muy feliz de empezar este camino con la Real Sociedad\u00bb.<\/p>\n<p class=\"v-p\">Matarazzo describe a la Real como un \u00abclub incre\u00edble\u00bb: \u00abEs conocido tambi\u00e9n en Alemania como un club con una fuerte identidad y valores, un club diferente, que tiene la valent\u00eda de invertir en su cantera e integrar a sus canteranos\u00bb, afirma, plasmando mucha sinton\u00eda con todo eso. Por todo ello, asevera que la Real es un \u00abclub fant\u00e1stico\u00bb que \u00abtiene un equipo con much\u00edsimo potencial\u00bb. No oculta el entrenador cu\u00e1l es su misi\u00f3n y que la Real \u00abnecesita rendir mejor\u00bb y para ello ve crucial \u00abencontrar la clave y trabajar much\u00edsimo\u00bb. Su frase para la historia es que \u00abha llegado a la hora de ganar partidos\u00bb. <\/p>\n<p>\n\u00abLa Real es un club fant\u00e1stico que tiene un equipo con mucho potencial que necesita rendir mejor\u00bb\n<\/p>\n<p class=\"v-p\">Todo ello debe hacerlo sin tiempo. Va a tener seis d\u00edas para preparar su primer partido, contra el Atl\u00e9tico de Madrid el 4 de enero. Pero esto no representa un problema grave para \u00e9l: \u00abConozco muy bien el equipo. He seguido los partidos de este a\u00f1o y anteriores. Conozco su potencial. Ha llegado el tiempo de trabajar\u00bb. Espera poder construir poco a poco e implantar su estilo paulatinamente. Tiene claro que \u00abdebemos atacar los espacios y defender mejor\u00bb, adem\u00e1s de \u00abimprimir energ\u00eda en el juego\u00bb.<\/p>\n<p>Un f\u00fatbol \u00abofensivo\u00bb<\/p>\n<p class=\"v-p\">El entrenador quiere propugnar un \u00abtipo de f\u00fatbol ofensivo y de ataque. Presi\u00f3n alta y din\u00e1mica intensiva. Entiendo la necesidad de un bloque m\u00e1s bajo en algunos partidos. Puedo ser flexible, pragm\u00e1tico y todo basado en unos principios muy claros\u00bb. No le da tanta trascendencia a la posesi\u00f3n del bal\u00f3n. <\/p>\n<p class=\"v-p\">Para encontrar todo ello, no es seguro que vaya a cambiar su sistema. Recuerda que no siempre dispuso de un 3-4-2-1 y que en el Stuttgart, antes del ascenso a la Bundesliga, jug\u00f3 con cuatro atr\u00e1s: \u00abHay que adaptarse a lo que te encuentras y buscar la mejor formaci\u00f3n para estos jugadores, conectarlos como grupo\u00bb, dice. <\/p>\n<p class=\"v-p\">Tampoco quiere aturullar a los futbolistas con cambios profundos, entre otras cosas porque tampoco tiene margen: \u00abNo debes dar a los jugadores demasiada informaci\u00f3n de golpe, hay que priorizar\u00bb, sostiene el entrenador. \u00abTengo un plan desde el principio. Lo m\u00e1s eficiente al inicio y paso a paso construir c\u00f3mo queremos jugar al f\u00fatbol\u00bb, lanza.<\/p>\n<p>\n\u00abEstoy convencido de que todo lo que he hecho en mi vida ha sido para traerme aqu\u00ed; voy dar todo lo que llevo dentro para que los aficionados se vuelvan a sentir orgullososde la Real\u00bb\n<\/p>\n<p class=\"v-p\">Por supuesto, tambi\u00e9n hay que dedicar tiempo al aspecto mental. \u00abNo puedes pensar en una cosa sin la otra\u00bb, sostiene el entrenador. \u00abTodo est\u00e1 conectado\u00bb, matiza. Para Pellegrino, la clave est\u00e1 en que los jugadores recuperen la confianza: \u00abCuanto m\u00e1s se crean lo que hacen, m\u00e1s se creer\u00e1n que deben recibir recompensa y empezaremos a ganar\u00bb, dice el nuevo t\u00e9cnico.<\/p>\n<p>Conexi\u00f3n clara con el club<\/p>\n<p class=\"v-p\">Uno de los problemas que ha apreciado es que \u00abeste equipo no est\u00e1 acostumbrado a estar en estas situaciones, pero yo s\u00ed en el Hoffenheim y nos clasificamos para la Europa League despu\u00e9s de estar en el puesto 12\u00ba. Hay que pensar en el f\u00fatbol y en el lado mental del jugador\u00bb.<\/p>\n<p class=\"v-p\">Pellegrino sostiene que la Real se decant\u00f3 por \u00e9l porque \u00absintieron lo mismo que yo\u00bb. A su juicio, se trata de \u00abun buen encaje\u00bb, porque \u00abcompartimos ideas similares de c\u00f3mo abordar esta situaci\u00f3n, la claridad y una \u00e9tica muy fuerte para alcanzar la meta que quieres conseguir\u00bb, sostiene. <\/p>\n<p class=\"v-p\">Pellegrino desvela que se traer\u00e1 a dos ayudantes, John Maisano y Omer Toprak y, l\u00f3gicamente, no cierra la puerta a fichar en el mercado de invierno: \u00abEs muy importante entender el potencial que tiene este equipo. Este equipo tiene que ganar partidos y debo trabajar con cada uno para ofrezca m\u00e1s rendimiento. He visto la conexi\u00f3n con Erik y Jokin y les puedo llamar en cualquier momento de la noche. Hemos trabajado para este equipo, para este club y para esta regi\u00f3n\u00bb, afirma. <\/p>\n<p>\nMi objetivo a largo plazo, seguir siendo fiel a la identidad de este club, integrar a los jugadores j\u00f3venes a este equipo y volver a las competiciones internacionales\u00ab\n<\/p>\n<p class=\"v-p\">Matarazzo tiene claro cu\u00e1l es su prop\u00f3sito; en \u00faltima instancia se fija volver a Europa: \u00abMi principal objetivo es el proceso y el f\u00fatbol que jugamos. Tenemos que rendir para ganar. A largo plazo, seguir siendo fiel a la identidad de este club, integrar a los jugadores j\u00f3venes a este equipo y volver a las competiciones internacionales. Lo tengo muy claro\u00bb. <\/p>\n<p>Un hito en su carrera<\/p>\n<p class=\"v-p\">Para \u00e9l, el llegar a la Real supone un hito en su carrera, un \u00abmomento muy especial\u00bb. Y est\u00e1 dispuesto a afrontar el desaf\u00edo: \u00abNo estar\u00eda aqu\u00ed sentado delante de vosotros, si no supiera afrontar un reto. Acepto el reto. Es una oportunidad de demostrar fuerza y conseguir un \u00e9xito. S\u00e9 d\u00f3nde estoy; todo lo que he hecho es para llegar aqu\u00ed. Esto es lo que soy\u00bb. <\/p>\n<p class=\"v-p\">Tampoco cree que el no controlar el idioma vaya a resultar un quebradero de cabeza: \u00abNo creo que sea un problema. Voy a aprender espa\u00f1ol r\u00e1pidamente. Lo eleg\u00ed en el instituto en lugar de franc\u00e9s, por suerte. Mis dos ayudantes hablan espa\u00f1ol. Hay maneras de comunicarse. A veces es una ventaja no hablar el idioma, as\u00ed elegir\u00e9 bien las palabras\u00bb. <\/p>\n<p class=\"v-p\"> Matarazzo concede adem\u00e1s mucho valor a la Copa. \u00abEs la forma m\u00e1s f\u00e1cil de ganar un t\u00edtulo. Hay que poner mucho \u00e9nfasis en la Copa. Tengo muchas ganas de ver el pr\u00f3ximo partido. La Copa puede ser una gran parte de este objetivo\u00bb. <\/p>\n<p class=\"v-p\">Para terminar con el acto, Matarazzo volvi\u00f3 al castellano: \u00abEstoy convencido de que todo lo que he hecho en mi vida ha sido para traerme aqu\u00ed; voy dar todo lo que llevo dentro para que los aficionados se vuelvan a sentir orgullosos de la Real\u00bb.<\/p>\n","protected":false},"excerpt":{"rendered":"\u00abKaixo guztioi. Buenas tardes a todos\u00bb. De esta manera ha comenzado su intervenci\u00f3n Pellegrino Materazzo, &#8216;Rino&#8217;, como le&hellip;\n","protected":false},"author":2,"featured_media":302057,"comment_status":"","ping_status":"","sticky":false,"template":"","format":"standard","meta":{"footnotes":""},"categories":[93],"tags":[168,25,24,2000,5136,71094,2812,23,167],"class_list":{"0":"post-302056","1":"post","2":"type-post","3":"status-publish","4":"format-standard","5":"has-post-thumbnail","7":"category-deportes","8":"tag-deportes","9":"tag-es","10":"tag-espana","11":"tag-ganar","12":"tag-llegado","13":"tag-matarazzo","14":"tag-momento","15":"tag-spain","16":"tag-sports"},"share_on_mastodon":{"url":"https:\/\/pubeurope.com\/@es\/115765012830951723","error":""},"_links":{"self":[{"href":"https:\/\/www.europesays.com\/es\/wp-json\/wp\/v2\/posts\/302056","targetHints":{"allow":["GET"]}}],"collection":[{"href":"https:\/\/www.europesays.com\/es\/wp-json\/wp\/v2\/posts"}],"about":[{"href":"https:\/\/www.europesays.com\/es\/wp-json\/wp\/v2\/types\/post"}],"author":[{"embeddable":true,"href":"https:\/\/www.europesays.com\/es\/wp-json\/wp\/v2\/users\/2"}],"replies":[{"embeddable":true,"href":"https:\/\/www.europesays.com\/es\/wp-json\/wp\/v2\/comments?post=302056"}],"version-history":[{"count":0,"href":"https:\/\/www.europesays.com\/es\/wp-json\/wp\/v2\/posts\/302056\/revisions"}],"wp:featuredmedia":[{"embeddable":true,"href":"https:\/\/www.europesays.com\/es\/wp-json\/wp\/v2\/media\/302057"}],"wp:attachment":[{"href":"https:\/\/www.europesays.com\/es\/wp-json\/wp\/v2\/media?parent=302056"}],"wp:term":[{"taxonomy":"category","embeddable":true,"href":"https:\/\/www.europesays.com\/es\/wp-json\/wp\/v2\/categories?post=302056"},{"taxonomy":"post_tag","embeddable":true,"href":"https:\/\/www.europesays.com\/es\/wp-json\/wp\/v2\/tags?post=302056"}],"curies":[{"name":"wp","href":"https:\/\/api.w.org\/{rel}","templated":true}]}}