{"id":302070,"date":"2025-12-22T20:10:32","date_gmt":"2025-12-22T20:10:32","guid":{"rendered":"https:\/\/www.europesays.com\/es\/302070\/"},"modified":"2025-12-22T20:10:32","modified_gmt":"2025-12-22T20:10:32","slug":"el-concierto-de-rockeros-solidarios-a-favor-de-la-fundacion-aladina-lleno-el-teatro-mira-de-pozuelo","status":"publish","type":"post","link":"https:\/\/www.europesays.com\/es\/302070\/","title":{"rendered":"El concierto de \u2018Rockeros Solidarios\u2019 a favor de la Fundaci\u00f3n Aladina llen\u00f3 el Teatro MIRA de Pozuelo"},"content":{"rendered":"<ul>\n<li style=\"border: none; margin-right: -38px; text-align: justify;\">Este evento reuni\u00f3 a la Banda de Rock m\u00e1s grande de Espa\u00f1a, formada por 50 m\u00fasicos que interpretaron 18 cl\u00e1sicos del rock <\/li>\n<li style=\"border: none; margin-right: -38px; text-align: justify;\">La recaudaci\u00f3n de la venta de las entradas se destinar\u00e1 al proyecto \u201cLa Casa Aladina\u201d, para construir el primer centro de d\u00eda integral en Espa\u00f1a para ni\u00f1os con c\u00e1ncer<\/li>\n<li style=\"border: none; margin-right: -38px; text-align: justify;\">La alcaldesa, Paloma Tejero, y el presidente de Rockeros Solidarios, Jorge Campos, entregaron el cheque solidario de 7.650 euros a la representante de la Fundaci\u00f3n Aladina, Angeles Longarte<\/li>\n<\/ul>\n<p style=\"margin-right:-47px; margin-left:-38px; text-align:justify\">El Teatro MIRA de Pozuelo de Alarc\u00f3n acogi\u00f3 el pasado viernes el concierto Solidario \u2018Rockeros Solidarios\u2019. La recaudaci\u00f3n de la venta de las entradas, que ha ascendido a 7.650 euros, se destinar\u00e1 al proyecto \u2018La Casa Aladina\u2019 de la Fundaci\u00f3n Aladina, para construir el primer centro de d\u00eda integral en Espa\u00f1a para ni\u00f1os con c\u00e1ncer y sus familias.<\/p>\n<p style=\"margin-right:-47px; margin-left:-38px; text-align:justify\">La alcaldesa, Paloma Tejero, entreg\u00f3, junto al presidente de Rockeros Solidarios, Jorge Campos, el cheque solidario a la responsable de Colaboraciones Institucionales de la Fundaci\u00f3n Aladina, \u00c1ngeles Longarte.<\/p>\n<p style=\"margin-right:-47px; text-align:justify\"><img decoding=\"async\" alt=\"\" data-entity-type=\"file\" data-entity-uuid=\"ddc6aa5c-81ed-4712-b24e-331a7c1f4fb4\" height=\"500\" src=\"https:\/\/www.europesays.com\/es\/wp-content\/uploads\/2025\/12\/20251222-FOT-Concierto Rockeros Solidarios (3).JPG\" width=\"900\" loading=\"lazy\"\/><\/p>\n<p style=\"margin-right:-47px; margin-left:-38px; text-align:justify\">Este concierto, que consigui\u00f3 el lleno absoluto, reuni\u00f3 a la Banda de Rock m\u00e1s grande de Espa\u00f1a, formada por 50 m\u00fasicos que interpretaron 18 cl\u00e1sicos del rock con temas ic\u00f3nicos de AC\/DC, Nirvana, Guns N\u2019 Roses, Metallica, Queen o Foo Fighters. Todos ellos son miembros de Rockin\u20191000, la banda de rock m\u00e1s grande del mundo, famosa por sus conciertos multitudinarios en estadios europeos.<\/p>\n<p style=\"margin-right:-47px; margin-left:-38px; text-align:justify\">Uno de los momentos m\u00e1s emotivos del concierto, al que tambi\u00e9n asisti\u00f3 la concejal de Cultura, Almudena Ruiz, y otros miembros de la Corporaci\u00f3n municipal, fue el homenaje a Miguel \u00c1ngel Blanco por su afici\u00f3n musical y cuya bater\u00eda se expuso en el hall del teatro.<\/p>\n<p style=\"margin-right:-47px; margin-left:-38px; text-align:justify\"><img decoding=\"async\" alt=\"\" data-entity-type=\"file\" data-entity-uuid=\"d1896496-b6c3-4547-b427-56abe9a8b784\" height=\"500\" src=\"https:\/\/www.europesays.com\/es\/wp-content\/uploads\/2025\/12\/20251222-FOT-Concierto Rockeros Solidarios (2).JPG\" width=\"900\" loading=\"lazy\"\/><\/p>\n<p style=\"margin-right:-47px; margin-left:-38px; text-align:justify\"><b>Rockeros Solidarios ONG<\/b><\/p>\n<p style=\"margin-right:-47px; margin-left:-38px; text-align:justify\">La ONG Rockeros Solidarios, con sede en Pozuelo de Alarc\u00f3n, desarrolla diversas acciones solidarias orientadas a apoyar a colectivos en situaci\u00f3n de vulnerabilidad, utilizando la m\u00fasica y la cultura rock como eje movilizador. La asociaci\u00f3n organiza conciertos ben\u00e9ficos, campa\u00f1as de recogida de alimentos, ropa y material de primera necesidad, as\u00ed como iniciativas de apoyo a familias con escasos recursos y entidades sociales, entre otros. A trav\u00e9s de la implicaci\u00f3n de voluntarios, m\u00fasicos y colaboradores, Rockeros Solidarios fomenta la solidaridad, la concienciaci\u00f3n social y la participaci\u00f3n ciudadana. <\/p>\n<p style=\"margin-right:-47px; margin-left:-38px; text-align:justify\"><img decoding=\"async\" alt=\"\" data-entity-type=\"file\" data-entity-uuid=\"d32beaf5-532d-4bc2-bb40-6ec90f1c21da\" height=\"500\" src=\"https:\/\/www.europesays.com\/es\/wp-content\/uploads\/2025\/12\/20251222-FOT-Concierto Rockeros Solidarios (1).JPG\" width=\"900\" loading=\"lazy\"\/><\/p>\n","protected":false},"excerpt":{"rendered":"Este evento reuni\u00f3 a la Banda de Rock m\u00e1s grande de Espa\u00f1a, formada por 50 m\u00fasicos que interpretaron&hellip;\n","protected":false},"author":2,"featured_media":302071,"comment_status":"","ping_status":"","sticky":false,"template":"","format":"standard","meta":{"footnotes":""},"categories":[5],"tags":[17,18,25,24,13,14,11,19,20,9,10,15,16,23,12,21,22],"class_list":{"0":"post-302070","1":"post","2":"type-post","3":"status-publish","4":"format-standard","5":"has-post-thumbnail","7":"category-titulares","8":"tag-breaking-news","9":"tag-breakingnews","10":"tag-es","11":"tag-espana","12":"tag-featured-news","13":"tag-featurednews","14":"tag-headlines","15":"tag-latest-news","16":"tag-latestnews","17":"tag-news","18":"tag-noticias","19":"tag-noticias-destacadas","20":"tag-noticiasdestacadas","21":"tag-spain","22":"tag-titulares","23":"tag-ultimas-noticias","24":"tag-ultimasnoticias"},"share_on_mastodon":{"url":"https:\/\/pubeurope.com\/@es\/115765040021429799","error":""},"_links":{"self":[{"href":"https:\/\/www.europesays.com\/es\/wp-json\/wp\/v2\/posts\/302070","targetHints":{"allow":["GET"]}}],"collection":[{"href":"https:\/\/www.europesays.com\/es\/wp-json\/wp\/v2\/posts"}],"about":[{"href":"https:\/\/www.europesays.com\/es\/wp-json\/wp\/v2\/types\/post"}],"author":[{"embeddable":true,"href":"https:\/\/www.europesays.com\/es\/wp-json\/wp\/v2\/users\/2"}],"replies":[{"embeddable":true,"href":"https:\/\/www.europesays.com\/es\/wp-json\/wp\/v2\/comments?post=302070"}],"version-history":[{"count":0,"href":"https:\/\/www.europesays.com\/es\/wp-json\/wp\/v2\/posts\/302070\/revisions"}],"wp:featuredmedia":[{"embeddable":true,"href":"https:\/\/www.europesays.com\/es\/wp-json\/wp\/v2\/media\/302071"}],"wp:attachment":[{"href":"https:\/\/www.europesays.com\/es\/wp-json\/wp\/v2\/media?parent=302070"}],"wp:term":[{"taxonomy":"category","embeddable":true,"href":"https:\/\/www.europesays.com\/es\/wp-json\/wp\/v2\/categories?post=302070"},{"taxonomy":"post_tag","embeddable":true,"href":"https:\/\/www.europesays.com\/es\/wp-json\/wp\/v2\/tags?post=302070"}],"curies":[{"name":"wp","href":"https:\/\/api.w.org\/{rel}","templated":true}]}}