{"id":302072,"date":"2025-12-22T20:18:13","date_gmt":"2025-12-22T20:18:13","guid":{"rendered":"https:\/\/www.europesays.com\/es\/302072\/"},"modified":"2025-12-22T20:18:13","modified_gmt":"2025-12-22T20:18:13","slug":"jalen-tate-desde-que-jugue-aqui-el-ano-pasado-sabia-que-era-un-buen-sitio-para-mi","status":"publish","type":"post","link":"https:\/\/www.europesays.com\/es\/302072\/","title":{"rendered":"Jalen Tate: \u00abDesde que jugu\u00e9 aqu\u00ed el a\u00f1o pasado sab\u00eda que era un buen sitio para m\u00ed\u00bb"},"content":{"rendered":"<p>El escolta estadounidense Jalen Tate ha sido presentado como jugador del Inveready Gipuzkoa Basket en la sala de prensa del Amenabar Arena. Un jugador que  &#8230; en solo dos partidos ya ha dejado muestras del potencial que tiene anotando 10 puntos el d\u00eda de su debut, con apenas un entrenamiento junto con sus compa\u00f1eros, y y\u00e9ndose a los 16 tantos y siete asistencias el pasado s\u00e1bado ante el Ourense convirti\u00e9ndoe en el jugador mejor valorado del equipo guipuzcoano. Tate se encontraba sin equipo despu\u00e9s de haber dejado un conjunto de segunda divisi\u00f3n israel\u00ed, cuando el GBC se puso en contacto con \u00e9l. \u00abEstaba en Estados Unidos arreglando unos asuntos familiares despu\u00e9s de dejar el equipo en Israel. Mis agentes me dijeron probablemente una semana antes de llegar aqu\u00ed que Gipuzkoa Basket era una buena oportunidad para m\u00ed. Recuerdo el apoyo de los fans el a\u00f1o pasado, el equipo de entrenamiento creo que es lo mismo que el a\u00f1o pasado y ten\u00edan una buena cultura en el sentido de trabajar duro y estoy muy feliz\u00bb, ha comentado el jugador nacido en Ohio.<\/p>\n<p class=\"v-p\">A lo largo de su presentaci\u00f3n, sali\u00f3 a colaci\u00f3n el gran partido que jug\u00f3 el curso pasado en las filas del Amics Castell\u00f3, cuando endos\u00f3 27 puntos al GBC y Jalen Tate ha confesado que tuvo una especie de flechazo con el equipo guipuzcoano. \u00abCuando jugu\u00e9 aqu\u00ed el a\u00f1o pasado ya me fij\u00e9 en el pabell\u00f3n, en el ambiente, en la cultura del equipo y en toda la historia que hab\u00eda en este club por esas fotos que est\u00e1n en el t\u00fanel de vestuarios con todos los jugadores que ha habido y era un sitio en el que ve\u00eda que pod\u00eda jugar a gusto y que pod\u00eda encajar conmigo\u00bb. <\/p>\n<p>\u00abHemos seguido a Jalen casi desde su etapa unviersitaria en Arkansas y despu\u00e9s en todos los sitios donde ha jugado\u00bb<\/p>\n<p class=\"v-a-pst__p\">\nJos\u00e9 Luis Zubizarreta\n<\/p>\n<p class=\"v-a-pst__j\">\nDirector deportivo del Inveready Gipuzkoa Basket\n<\/p>\n<p class=\"v-p\">As\u00ed pues, ese flechazo fue determinante para que Tate se decidiera para firmar con el equipo guipuzcoano en sustituci\u00f3n de Lance Terry, quien decidi\u00f3 junto con el club poner fin a su etapa en el GBC antes de tiempo. Jos\u00e9 Luis Zubizarreta, director deportivo del Inveready Gipuzkoa Basket, hizo de cicerone en la presentaci\u00f3n y explic\u00f3 los pormenores del fichaje. \u00abHemos seguido a Jalen casi desde su etapa unviersitaria en Arkansas y despu\u00e9s en todos los sitios donde ha jugado, en Kosovo, B\u00e9lgica, M\u00e9xico o el a\u00f1o pasado en Castell\u00f3. Necesit\u00e1bamos a alguien vertical porque creo que tenemos buenos tiradores. En esa tesitura Jalen nos da mucho y adem\u00e1s tambi\u00e9n es un buen tirador. Por su complexi\u00f3n (mide casi 1,98) nos ayuda mucho en el rebote y en defensa y ya visteis que el otro d\u00eda dio siete asistencias. Estamos muy contentos con \u00e9l y ya ha demostrado lo que es capaz de hacer\u00bb.<\/p>\n<p class=\"v-p\">Lo que m\u00e1s le est\u00e1 gustando del equipo es que \u00abvamos siempre juntos en todo, tanto dentro como fuera del campo y eso es importante\u00bb, asegura Tate. \u00abMiramos al los ojos al entrenador, confiamos en lo que \u00e9l nos va diciendo y por supuesto tambi\u00e9n conf\u00edo en mis compa\u00f1eros. Yo les ayudo a ellos y ellos a m\u00ed a intentar ser mejores\u00bb. Tate, quien promedi\u00f3 la temporada pasada 15 puntos por encuentro en Castell\u00f3, es el t\u00edpico jugador que encandila nada m\u00e1s verle. En apenas dos partidos ha firmado canastones de bella factura. \u00abMe gusta salir en los highlights\u00bb, dice con una sonrisa. \u00abTrato de hacer lo que pueda para ayudar al equipo a ganar. Esa es la labor que tenemos cada d\u00eda en el entrenamiento. Estoy muy contento de ver que as\u00ed nos va bien\u00bb. Dice que \u00abla liga ha cambiado desde la temporada pasada, se juega algo diferente y nos adaptamos a los rivales y a lo que el entrenador propone. Vamos bien por ahora\u00bb, argumenta. <\/p>\n<p>\u00abMiramos al los ojos al entrenador, confiamos en lo que \u00e9l nos va diciendo y por supuesto tambi\u00e9n conf\u00edo en mis compa\u00f1eros\u00ab<\/p>\n<p class=\"v-p\">Tate huye de hablar de un objetivo y prefiere centrarse \u00absemana a semana. No podemos mirar mucho m\u00e1s lejos, lo que vayamos consiguiendo d\u00eda a d\u00eda tendr\u00e1 su repercusi\u00f3n en el futuro\u00bb. Por ahora Jalen Tate en apenas dos encuentros promedia 13 puntos, 1,5 rebotes y 4,5 asistencias en los 18 minutos que pasa en pista. <\/p>\n","protected":false},"excerpt":{"rendered":"El escolta estadounidense Jalen Tate ha sido presentado como jugador del Inveready Gipuzkoa Basket en la sala de&hellip;\n","protected":false},"author":2,"featured_media":302073,"comment_status":"","ping_status":"","sticky":false,"template":"","format":"standard","meta":{"footnotes":""},"categories":[269],"tags":[1611,299,298,5436,168,981,25,24,71647,71648,5101,980,982,23,167,55068],"class_list":{"0":"post-302072","1":"post","2":"type-post","3":"status-publish","4":"format-standard","5":"has-post-thumbnail","7":"category-baloncesto","8":"tag-ano","9":"tag-baloncesto","10":"tag-basketball","11":"tag-buen","12":"tag-deportes","13":"tag-era","14":"tag-es","15":"tag-espana","16":"tag-jalen","17":"tag-jugue","18":"tag-pasado","19":"tag-sabia","20":"tag-sitio","21":"tag-spain","22":"tag-sports","23":"tag-tate"},"share_on_mastodon":{"url":"https:\/\/pubeurope.com\/@es\/115765071489444312","error":""},"_links":{"self":[{"href":"https:\/\/www.europesays.com\/es\/wp-json\/wp\/v2\/posts\/302072","targetHints":{"allow":["GET"]}}],"collection":[{"href":"https:\/\/www.europesays.com\/es\/wp-json\/wp\/v2\/posts"}],"about":[{"href":"https:\/\/www.europesays.com\/es\/wp-json\/wp\/v2\/types\/post"}],"author":[{"embeddable":true,"href":"https:\/\/www.europesays.com\/es\/wp-json\/wp\/v2\/users\/2"}],"replies":[{"embeddable":true,"href":"https:\/\/www.europesays.com\/es\/wp-json\/wp\/v2\/comments?post=302072"}],"version-history":[{"count":0,"href":"https:\/\/www.europesays.com\/es\/wp-json\/wp\/v2\/posts\/302072\/revisions"}],"wp:featuredmedia":[{"embeddable":true,"href":"https:\/\/www.europesays.com\/es\/wp-json\/wp\/v2\/media\/302073"}],"wp:attachment":[{"href":"https:\/\/www.europesays.com\/es\/wp-json\/wp\/v2\/media?parent=302072"}],"wp:term":[{"taxonomy":"category","embeddable":true,"href":"https:\/\/www.europesays.com\/es\/wp-json\/wp\/v2\/categories?post=302072"},{"taxonomy":"post_tag","embeddable":true,"href":"https:\/\/www.europesays.com\/es\/wp-json\/wp\/v2\/tags?post=302072"}],"curies":[{"name":"wp","href":"https:\/\/api.w.org\/{rel}","templated":true}]}}