{"id":302106,"date":"2025-12-22T20:43:13","date_gmt":"2025-12-22T20:43:13","guid":{"rendered":"https:\/\/www.europesays.com\/es\/302106\/"},"modified":"2025-12-22T20:43:13","modified_gmt":"2025-12-22T20:43:13","slug":"amaia-montero-y-la-oreja-de-van-gogh-estrenan-su-nuevo-single-en-la-nochevieja-de-tve","status":"publish","type":"post","link":"https:\/\/www.europesays.com\/es\/302106\/","title":{"rendered":"Amaia Montero y La Oreja de Van Gogh estrenan su nuevo single en la Nochevieja de TVE"},"content":{"rendered":"<p data-journey-content=\"true\" data-node-id=\"3\" class=\"css-6wxqfj emevuu60\"><a href=\"https:\/\/www.diezminutos.es\/famosos-corazon\/famosos-espanoles\/a69041472\/la-oreja-de-van-gogh-amaia-montero-regreso\/\" target=\"_blank\" data-vars-ga-outbound-link=\"https:\/\/www.diezminutos.es\/famosos-corazon\/famosos-espanoles\/a69041472\/la-oreja-de-van-gogh-amaia-montero-regreso\/\" data-vars-ga-ux-element=\"Hyperlink\" data-vars-ga-call-to-action=\"La vuelta de Amaia Montero a &#039;La Oreja de Van Gogh&#039;\" data-node-id=\"3.0\" class=\"body-link css-177bzfx emevuu60\" rel=\"nofollow noopener\">La vuelta de<strong data-node-id=\"3.0.1\"> Amaia Montero<\/strong> a &#8216;La Oreja de Van Gogh&#8217;<\/a> casi 18 a\u00f1os despu\u00e9s de dejar la banda <a href=\"https:\/\/www.diezminutos.es\/famosos-corazon\/famosos-espanoles\/a69083557\/primera-reaccion-de-leire-martinez-sobre-la-vuelta-de-la-oreja-de-van-gogh\/\" target=\"_blank\" data-vars-ga-outbound-link=\"https:\/\/www.diezminutos.es\/famosos-corazon\/famosos-espanoles\/a69083557\/primera-reaccion-de-leire-martinez-sobre-la-vuelta-de-la-oreja-de-van-gogh\/\" data-vars-ga-ux-element=\"Hyperlink\" data-vars-ga-call-to-action=\"no pudo ser m\u00e1s atropellada\" data-node-id=\"3.2\" class=\"body-link css-177bzfx emevuu60\" rel=\"nofollow noopener\">no pudo ser m\u00e1s atropellada<\/a>. Sin embargo, con el paso de los meses parece que, poco a poco, la cosa se va asentando, y tras mucho tiempo trabajando juntos &#8211;<a href=\"https:\/\/www.diezminutos.es\/famosos-corazon\/famosos-espanoles\/a69105151\/amaia-montero-primeras-imagenes-la-oreja-de-van-gogh-ensayos-grupo\/\" target=\"_blank\" data-vars-ga-outbound-link=\"https:\/\/www.diezminutos.es\/famosos-corazon\/famosos-espanoles\/a69105151\/amaia-montero-primeras-imagenes-la-oreja-de-van-gogh-ensayos-grupo\/\" data-vars-ga-ux-element=\"Hyperlink\" data-vars-ga-call-to-action=\"de lo que puede dar buena cuenta DIEZ MINUTOS tras publicar las im\u00e1genes de sus ensayos\" data-node-id=\"3.4\" class=\"body-link css-177bzfx emevuu60\" rel=\"nofollow noopener\">de lo que puede dar buena cuenta DIEZ MINUTOS tras publicar las im\u00e1genes de sus ensayos<\/a>-, y a pesar de <strong data-node-id=\"3.6\">muchas reticencias de seguidores incondicionales<\/strong>, el grueso de sus fans esperaban esta vuelta como agua de mayo. Como prueba, no hay m\u00e1s que ver las ventas de entradas de r\u00e9cord para su gira en 2026 -que comenzar\u00e1 en mayo-, y eso sin ni siquiera haber presentado nueva m\u00fasica. Pero eso est\u00e1 a punto de cambiar, porque <strong data-node-id=\"3.8\">ya hay, por fin, fecha para escuchar el que ser\u00e1 su nuevo single casi dos d\u00e9cadas despu\u00e9s de su separaci\u00f3n<\/strong>. Y ser\u00e1 m\u00e1s pronto que tarde.<\/p>\n<p data-journey-content=\"true\" data-node-id=\"6\" class=\"css-6wxqfj emevuu60\"><strong data-node-id=\"6.0\">Amaia, Xavi, \u00c1lvaro y Haritz<\/strong> -los cuatro componentes del grupo vasco tras <a href=\"https:\/\/www.diezminutos.es\/famosos-corazon\/famosos-espanoles\/news\/g9372\/el-triste-consuelo-de-amaia-montero-a-pablo-de-la-oreja-de-van-gogh\/\" target=\"_blank\" data-vars-ga-outbound-link=\"https:\/\/www.diezminutos.es\/famosos-corazon\/famosos-espanoles\/news\/g9372\/el-triste-consuelo-de-amaia-montero-a-pablo-de-la-oreja-de-van-gogh\/\" data-vars-ga-ux-element=\"Hyperlink\" data-vars-ga-call-to-action=\"la salida de Pablo Benegas\" data-node-id=\"6.2\" class=\"body-link css-177bzfx emevuu60\" rel=\"nofollow noopener\">la salida de Pablo Benegas<\/a>&#8211; ya tienen d\u00eda para el lanzamiento mundial de su nuevo trabajo: <strong data-node-id=\"6.4\">ser\u00e1 en Televisi\u00f3n Espa\u00f1ola, durante la gala de Nochevieja de este 31 de diciembre.<\/strong> Antes de <a href=\"https:\/\/www.diezminutos.es\/teleprograma\/programas-tv\/a69806807\/chenoa-marc-giro-presentadores-campanadas-la1\/\" target=\"_blank\" data-vars-ga-outbound-link=\"https:\/\/www.diezminutos.es\/teleprograma\/programas-tv\/a69806807\/chenoa-marc-giro-presentadores-campanadas-la1\/\" data-vars-ga-ux-element=\"Hyperlink\" data-vars-ga-call-to-action=\" las Campanadas con Chenoa y Estopa\" data-node-id=\"6.6\" class=\"body-link css-177bzfx emevuu60\" rel=\"nofollow noopener\"> las Campanadas con Chenoa y Estopa<\/a>), La 1 de TVE emite una gala de lo m\u00e1s especial que no solo despedir\u00e1 al 2025 desde las 23:30 hora, sino que supondr\u00e1 el pistoletazo de salida a la celebraci\u00f3n del 70\u00ba aniversario de la cadena p\u00fablica, que tiene preparados muchos acontecimientos para los pr\u00f3ximos meses. Y, sin duda, no han podido elegir mejores invitados dada la expectaci\u00f3n por escuchar lo nuevo de Amaia con &#8216;LODVG&#8217;. <\/p>\n<p><img draggable=\"true\" alt=\"palacio de miramar, junto a la playa de la concha, san sebastian, pais vasco\" title=\"Palacio de Miramar, junto a la Playa de la Concha, San Sebastian, Pais Vasco\" loading=\"lazy\" width=\"3000\" height=\"2109\" decoding=\"async\" data-nimg=\"1\" style=\"color:transparent;width:100%;height:auto;\"   src=\"https:\/\/www.europesays.com\/es\/wp-content\/uploads\/2025\/12\/palacio-miramar-san-sebastian-69493d8d62fe9.jpg\" class=\"css-0 e1g79fud0\"\/><\/p>\n<p>Mariedofra\/\/Getty Images<\/p>\n<p>Cu\u00e1ndo y d\u00f3nde ver el estreno del nuevo single de La Oreja de Van Gogh con Amaia Montero<\/p>\n<p data-journey-content=\"true\" data-node-id=\"10\" class=\"css-6wxqfj emevuu60\">Para la ocasi\u00f3n, el grupo y la cadena han escogido un lugar emblem\u00e1tico: el <strong data-node-id=\"10.1\">Palacio de Miramar<\/strong><strong data-node-id=\"10.2\">, situado junto a la playa donostiarra de La Concha<\/strong>, que se convertir\u00e1 en el escenario desde el que &#8216;La Oreja de Van Gogh&#8217; presente su nuevo trabajo en la noche del 31 de diciembre, como dec\u00edamos, al calor de los focos de TVE.<\/p>\n<p data-journey-content=\"true\" data-node-id=\"14\" class=\"css-6wxqfj emevuu60\">El grupo tampoco ha escondido sus ganas de volver a ver a su p\u00fablico tras <a href=\"https:\/\/www.diezminutos.es\/teleprograma\/programas-tv\/a68806494\/leire-martinez-jueza-operacion-triunfo-relacion-pareja-factor-x\/\" target=\"_blank\" data-vars-ga-outbound-link=\"https:\/\/www.diezminutos.es\/teleprograma\/programas-tv\/a68806494\/leire-martinez-jueza-operacion-triunfo-relacion-pareja-factor-x\/\" data-vars-ga-ux-element=\"Hyperlink\" data-vars-ga-call-to-action=\"la complicada salida de Leire Mart\u00ednez\" data-node-id=\"14.1\" class=\"body-link css-177bzfx emevuu60\" rel=\"nofollow noopener\">la complicada salida de Leire Mart\u00ednez<\/a>, y a trav\u00e9s de sus redes sociales compart\u00eda este 22 de diciembre un bonito mensaje en el que demuestran que entrar\u00e1n en el nuevo a\u00f1o con las pilas cargadas y dejando atr\u00e1s los malos rollos: \u00ab<strong data-node-id=\"14.3\">Ha sido un a\u00f1o muy desafiante para nosotros, pero lo terminamos abrazados, muy juntos, y tambi\u00e9n, como pronto ver\u00e9is, con nueva m\u00fasica bajo el brazo<\/strong>. Solo quedan unos pocos d\u00edas para que comience un 2026 repleto de conciertos en los que, vosotros, nosotros y las canciones de siempre, sonaremos con m\u00e1s pasi\u00f3n que nunca\u00bb.<\/p>\n<p><img src=\"https:\/\/www.europesays.com\/es\/wp-content\/uploads\/2025\/12\/1766436193_482_a982b4f8-3383-45d0-81ca-fb597fd6fa80_1734436044.jpg\" alt=\"Headshot of Daniel Reyes\" title=\"Headshot of Daniel Reyes\" width=\"100%\" height=\"100%\" decoding=\"async\" loading=\"lazy\" class=\"css-o0wq4v ev8dhu53\"\/><\/p>\n<p>Daniel Reyes se gradu\u00f3 en Periodismo por la Universidad Rey Juan Carlos. Experto en actualidad de coraz\u00f3n, sociedad y televisi\u00f3n; Dani redacta noticias en Diez Minutos desde 2015, donde ha ganado en los \u00faltimos a\u00f1os una gran experiencia a la hora de escribir sobre todas las novedades de los famosos, reality de televisi\u00f3n como &#8216;Supervivientes&#8217; y &#8216;La isla de las tentaciones&#8217; o series.<br \/>\nLas redes sociales no tienen secretos para \u00e9l, donde se mueve como pez en el agua para encontrar la \u00faltima hora de la vida de los famosos o la pol\u00e9mica m\u00e1s reciente: lo mismo te habla de las Kardashian que de Isabel Pantoja, Beyonc\u00e9, &#8216;S\u00e1lvame&#8217; o de Felipe y Letizia: Realeza, al fin y al cabo, aunque cada uno en lo suyo.<br \/>\nPeriodista 360, a lo Paquita Salas, tampoco tiene l\u00edmite a la hora de escribir sobre temas tan variados como pol\u00edtica o maternidad, o incluso sobre sus aficiones, que pasan por la moda, las \u00faltimas tendencias o la belleza, algo en lo que se especializ\u00f3 tras pasar por la revista S Moda entre 2014 y 2015, donde si ya lleg\u00f3 haci\u00e9ndole &#8216;til\u00edn&#8217; todo ese mundillo, all\u00ed se volvi\u00f3 todo un experto del maquillaje, las cremas o los tratamientos puntuales teros. Un pasatiempo que sigue desarroll\u00e1ndose y que compagina con su trabajo como redactor.<\/p>\n","protected":false},"excerpt":{"rendered":"La vuelta de Amaia Montero a &#8216;La Oreja de Van Gogh&#8217; casi 18 a\u00f1os despu\u00e9s de dejar la&hellip;\n","protected":false},"author":2,"featured_media":302107,"comment_status":"","ping_status":"","sticky":false,"template":"","format":"standard","meta":{"footnotes":""},"categories":[174],"tags":[255,253,146,147,25,24,256,23],"class_list":{"0":"post-302106","1":"post","2":"type-post","3":"status-publish","4":"format-standard","5":"has-post-thumbnail","7":"category-famosos","8":"tag-celebrities","9":"tag-discover","10":"tag-entertainment","11":"tag-entretenimiento","12":"tag-es","13":"tag-espana","14":"tag-famosos","15":"tag-spain"},"share_on_mastodon":{"url":"https:\/\/pubeurope.com\/@es\/115765170352749725","error":""},"_links":{"self":[{"href":"https:\/\/www.europesays.com\/es\/wp-json\/wp\/v2\/posts\/302106","targetHints":{"allow":["GET"]}}],"collection":[{"href":"https:\/\/www.europesays.com\/es\/wp-json\/wp\/v2\/posts"}],"about":[{"href":"https:\/\/www.europesays.com\/es\/wp-json\/wp\/v2\/types\/post"}],"author":[{"embeddable":true,"href":"https:\/\/www.europesays.com\/es\/wp-json\/wp\/v2\/users\/2"}],"replies":[{"embeddable":true,"href":"https:\/\/www.europesays.com\/es\/wp-json\/wp\/v2\/comments?post=302106"}],"version-history":[{"count":0,"href":"https:\/\/www.europesays.com\/es\/wp-json\/wp\/v2\/posts\/302106\/revisions"}],"wp:featuredmedia":[{"embeddable":true,"href":"https:\/\/www.europesays.com\/es\/wp-json\/wp\/v2\/media\/302107"}],"wp:attachment":[{"href":"https:\/\/www.europesays.com\/es\/wp-json\/wp\/v2\/media?parent=302106"}],"wp:term":[{"taxonomy":"category","embeddable":true,"href":"https:\/\/www.europesays.com\/es\/wp-json\/wp\/v2\/categories?post=302106"},{"taxonomy":"post_tag","embeddable":true,"href":"https:\/\/www.europesays.com\/es\/wp-json\/wp\/v2\/tags?post=302106"}],"curies":[{"name":"wp","href":"https:\/\/api.w.org\/{rel}","templated":true}]}}