{"id":302130,"date":"2025-12-22T21:04:09","date_gmt":"2025-12-22T21:04:09","guid":{"rendered":"https:\/\/www.europesays.com\/es\/302130\/"},"modified":"2025-12-22T21:04:09","modified_gmt":"2025-12-22T21:04:09","slug":"la-aficion-taronja-podra-viajar-con-el-valencia-basket-a-belgrado","status":"publish","type":"post","link":"https:\/\/www.europesays.com\/es\/302130\/","title":{"rendered":"La afici\u00f3n taronja podr\u00e1 viajar con el Valencia Basket a Belgrado"},"content":{"rendered":"<p class=\"ft-text\"><strong>La afici\u00f3n taronja p<\/strong>uede celebrar el d\u00eda de<strong> Reyes <\/strong>de la mejor forma, regal\u00e1ndose un <strong>viaje a Belgrado<\/strong> para acompa\u00f1ar al primer equipo mascuino del <a class=\"ft-link ft-link--decoration\" href=\"https:\/\/www.superdeporte.es\/tags\/valencia-basket\/\" rel=\"nofollow noopener\" target=\"_blank\">Valencia Basket.<\/a> El club abre la posibilidad de que los aficionados que quieran hacerlo puedan viajar en el mismo avi\u00f3n que la exppedici\u00f3n taronja de cara al partido que abre la segunda vuelta de la EuroLeague en la pista del Estrella Roja, el <strong>Crvena Zvezda Meridianbet Belgrade <\/strong>que se jugar\u00e1 el <strong>martes 6 de enero a las 20:00 horas<\/strong> en la m\u00edtica <strong>Sala Pionir (Aleksandar Nikolic Hall).<\/strong><\/p>\n<p class=\"ft-text\"><strong>El avi\u00f3n con destino a Serbia saldr\u00e1 el lunes 5 de enero a las 10:30 horas.<\/strong> El retorno a Val\u00e8ncia tendr\u00e1 lugar el martes 6 de enero a la finalizaci\u00f3n del partido. El coste del viaje es de 710 euros por persona en habitaci\u00f3n doble y 795 en individual.<\/p>\n<p>El viaje incluye<\/p>\n<ul class=\"ft-list ft-list--primary\" data-aida-text=\"\">\n<li class=\"ft-list__item\">Vuelo ch\u00e1rter directo Val\u00e8ncia-Belgrado- Valencia<\/li>\n<li class=\"ft-list__item\">Desplazamientos aeropuerto-hotel- aeropuerto<\/li>\n<li class=\"ft-list__item\">Estancia de una noche en un hotel de cuatro estrellas en Belgrado en r\u00e9gimen de alojamiento y desayuno<\/li>\n<li class=\"ft-list__item\">Excursi\u00f3n con gu\u00eda en espa\u00f1ol por Belgrado con comida t\u00edpica incluida el d\u00eda 6 de enero.<\/li>\n<li class=\"ft-list__item\">Entrada para el partido<\/li>\n<li class=\"ft-list__item\">Seguro de viaje<\/li>\n<li class=\"ft-list__item\">Traslados al pabell\u00f3n<\/li>\n<\/ul>\n<p>Una ciudad hist\u00f3rica<\/p>\n<p class=\"ft-text\">Los asistentes a la excursi\u00f3n realizar\u00e1n una visita guiada en espa\u00f1ol a la preciosa ciudad de <strong>Belgrado<\/strong>, que adem\u00e1s de ser<strong> uno de los lugares en los que se respira m\u00e1s baloncesto del continent<\/strong>e, est\u00e1 repleta de joyas arquitect\u00f3nicas<strong>. La capital serbia cuenta con espacios \u00fanicos como la fortaleza y el parque de Kalemegdan<\/strong>, el templo de San Sava (una de las iglesias ortodoxas m\u00e1s grandes del mundo), la plaza de la Rep\u00fablica con el Teatro Nacional o una ampl\u00edsima oferta de museos y opciones culturales. El encuentro tiene el a\u00f1adido de disputarse en uno de los pabellones con m\u00e1s solera del baloncesto europeo, l<strong>a Hala Pionir, que ha acogido algunos de los mejores partidos y a las mayores estrellas de nuestro deporte desde su inauguraci\u00f3n en 1973.<\/strong> Y al disputarse el partido justo antes de la Navidad Ortodoxa, la ciudad mantendr\u00e1 un profundo aroma navide\u00f1o con sus mercados, decoraciones y eventos festivos.<\/p>\n<p>Reserva ya tu plaza<\/p>\n<p class=\"ft-text\">La reserva se puede hacer en\u00a0<a href=\"https:\/\/valenciabasketaficion.bcdsports.es\/\" class=\"ft-link ft-link--decoration\" rel=\"nofollow noopener\" target=\"_blank\">https:\/\/valenciabasketaficion.bcdsports.es\/<\/a><\/p>\n","protected":false},"excerpt":{"rendered":"La afici\u00f3n taronja puede celebrar el d\u00eda de Reyes de la mejor forma, regal\u00e1ndose un viaje a Belgrado&hellip;\n","protected":false},"author":2,"featured_media":302131,"comment_status":"","ping_status":"","sticky":false,"template":"","format":"standard","meta":{"footnotes":""},"categories":[269],"tags":[3437,35695,299,1918,298,14082,168,25,24,41078,35572,833,71655,15870,23,167,8134,235,2916,6027],"class_list":{"0":"post-302130","1":"post","2":"type-post","3":"status-publish","4":"format-standard","5":"has-post-thumbnail","7":"category-baloncesto","8":"tag-aficion","9":"tag-aficion-taronja","10":"tag-baloncesto","11":"tag-basket","12":"tag-basketball","13":"tag-belgrado","14":"tag-deportes","15":"tag-es","16":"tag-espana","17":"tag-estrella-roja","18":"tag-euroleague","19":"tag-euroliga","20":"tag-kkz-crvena-zvezda","21":"tag-podra","22":"tag-spain","23":"tag-sports","24":"tag-taronja","25":"tag-valencia","26":"tag-valencia-basket","27":"tag-viajar"},"share_on_mastodon":{"url":"https:\/\/pubeurope.com\/@es\/115765252489694022","error":""},"_links":{"self":[{"href":"https:\/\/www.europesays.com\/es\/wp-json\/wp\/v2\/posts\/302130","targetHints":{"allow":["GET"]}}],"collection":[{"href":"https:\/\/www.europesays.com\/es\/wp-json\/wp\/v2\/posts"}],"about":[{"href":"https:\/\/www.europesays.com\/es\/wp-json\/wp\/v2\/types\/post"}],"author":[{"embeddable":true,"href":"https:\/\/www.europesays.com\/es\/wp-json\/wp\/v2\/users\/2"}],"replies":[{"embeddable":true,"href":"https:\/\/www.europesays.com\/es\/wp-json\/wp\/v2\/comments?post=302130"}],"version-history":[{"count":0,"href":"https:\/\/www.europesays.com\/es\/wp-json\/wp\/v2\/posts\/302130\/revisions"}],"wp:featuredmedia":[{"embeddable":true,"href":"https:\/\/www.europesays.com\/es\/wp-json\/wp\/v2\/media\/302131"}],"wp:attachment":[{"href":"https:\/\/www.europesays.com\/es\/wp-json\/wp\/v2\/media?parent=302130"}],"wp:term":[{"taxonomy":"category","embeddable":true,"href":"https:\/\/www.europesays.com\/es\/wp-json\/wp\/v2\/categories?post=302130"},{"taxonomy":"post_tag","embeddable":true,"href":"https:\/\/www.europesays.com\/es\/wp-json\/wp\/v2\/tags?post=302130"}],"curies":[{"name":"wp","href":"https:\/\/api.w.org\/{rel}","templated":true}]}}