{"id":302169,"date":"2025-12-22T21:38:37","date_gmt":"2025-12-22T21:38:37","guid":{"rendered":"https:\/\/www.europesays.com\/es\/302169\/"},"modified":"2025-12-22T21:38:37","modified_gmt":"2025-12-22T21:38:37","slug":"identifican-senales-sanguineas-objetivas-del-sindrome-de-fatiga-cronica-que-demuestran-que-es-una-enfermedad-real","status":"publish","type":"post","link":"https:\/\/www.europesays.com\/es\/302169\/","title":{"rendered":"Identifican se\u00f1ales sangu\u00edneas objetivas del s\u00edndrome de fatiga cr\u00f3nica que demuestran que es una enfermedad real"},"content":{"rendered":"<p><img alt=\"El s\u00edndrome de fatiga cr\u00f3nica\" class=\"global-image\" decoding=\"async\" fetchpriority=\"high\" height=\"1080\" loading=\"eager\" src=\"https:\/\/www.europesays.com\/es\/wp-content\/uploads\/2025\/12\/1766439509_560_OHVCABD5ZZEIZHC5BAX4W5KV24.jpg\" width=\"1920\"\/>El s\u00edndrome de fatiga cr\u00f3nica afecta a millones de personas y se caracteriza por cansancio extremo, dolores musculares y problemas de memoria (Freepik)<\/p>\n<p class=\"paragraph\">Despertar <a rel=\"noopener noreferrer nofollow\" href=\"https:\/\/www.infobae.com\/tag\/cansancio\/\" target=\"_blank\" title=\"https:\/\/www.infobae.com\/tag\/cansancio\/\"><b>cansado <\/b><\/a>cada d\u00eda, <b>sentir dolores musculares que no ceden<\/b> y luchar con <b>problemas de memoria<\/b> y <a rel=\"noopener noreferrer nofollow\" href=\"https:\/\/www.infobae.com\/tendencias\/2025\/05\/27\/como-mejorar-la-concentracion-en-tiempos-de-pantallas-y-notificaciones-segun-los-expertos\/\" target=\"_blank\" title=\"https:\/\/www.infobae.com\/tendencias\/2025\/05\/27\/como-mejorar-la-concentracion-en-tiempos-de-pantallas-y-notificaciones-segun-los-expertos\/\"><b>concentraci\u00f3n<\/b><\/a>. <\/p>\n<p class=\"paragraph\">As\u00ed transcurre la vida para quienes padecen <b>s\u00edndrome de fatiga cr\u00f3nica<\/b> o <b>encefalomielitis mi\u00e1lgica<\/b>, una enfermedad que afecta a millones y durante a\u00f1os arrastr\u00f3 dudas y mitos. <\/p>\n<p class=\"paragraph\">Cient\u00edficos de <b>Australia <\/b>e <b>Indonesia<\/b> detectaron <b>se\u00f1ales biol\u00f3gicas claras<\/b> que confirman que este trastorno tiene una causa f\u00edsica comprobable.<\/p>\n<p><img alt=\"El estudio publicado en Cell\" class=\"global-image\" decoding=\"async\" fetchpriority=\"low\" height=\"558\" loading=\"lazy\" src=\"https:\/\/www.europesays.com\/es\/wp-content\/uploads\/2025\/12\/JTEXVNP5EVFA3FUND6WAKKGRZE.jpg\" width=\"992\"\/>El estudio publicado en Cell Reports Medicine demuestra que el s\u00edndrome de fatiga cr\u00f3nica es una enfermedad real y medible (Europa Press)<\/p>\n<p class=\"paragraph\">Consiguieron identificar <b>marcadores biol\u00f3gicos que prueban que el s\u00edndrome es una enfermedad real y medible<\/b>. El estudio fue publicado en la revista <a rel=\"noopener nofollow\" href=\"https:\/\/www.sciencedirect.com\/science\/article\/pii\/S2666379125005877?ref=pdf_download&amp;fr=RR-2&amp;rr=9b1f966bee7c9c0f\" target=\"_blank\" title=\"https:\/\/www.sciencedirect.com\/science\/article\/pii\/S2666379125005877?ref=pdf_download&amp;fr=RR-2&amp;rr=9b1f966bee7c9c0f\"><b>Cell Reports Medicine<\/b><\/a>.<\/p>\n<p class=\"paragraph\">El avance fue liderado por <b>Benjamin Heng<\/b> y un equipo formado por cient\u00edficos de la <b>Universidad Macquarie<\/b>, la <b>Universidad de Nueva Gales del Sur<\/b>, el <b>Centro Charles Perkins de la Universidad de Sidney<\/b>, <b>The Grove Health Pymble<\/b>, el <b>Instituto de Investigaci\u00f3n M\u00e9dica Hunter<\/b> y la <b>Universidad IPB de Indonesia<\/b>. <\/p>\n<p><img alt=\"Los cient\u00edficos de Australia e\" class=\"global-image\" decoding=\"async\" fetchpriority=\"low\" height=\"1080\" loading=\"lazy\" src=\"https:\/\/www.europesays.com\/es\/wp-content\/uploads\/2025\/12\/KI5J2QWOQ5GA3LJRJ2RGOYNIYQ.jpg\" width=\"1920\"\/>Los cient\u00edficos de Australia e Indonesia identificaron marcadores biol\u00f3gicos que confirman la base f\u00edsica del s\u00edndrome de fatiga cr\u00f3nica (Freepik)<\/p>\n<p class=\"paragraph\">El <b>s\u00edndrome de fatiga cr\u00f3nica condiciona la vida de las personas<\/b>, pero ning\u00fan an\u00e1lisis sencillo permite su confirmaci\u00f3n r\u00e1pida. Muchos afectados atraviesan a\u00f1os enteros de consultas y dudas. <\/p>\n<p class=\"paragraph\">El objetivo de los investigadores de Australia e Indonesia fue encontrar se\u00f1ales en la sangre que permitieran distinguir a quienes padecen el trastorno. <\/p>\n<p class=\"paragraph\">Para lograr esto, los investigadores midieron la energ\u00eda celular, exploraron el funcionamiento del sistema inmune y analizaron prote\u00ednas en la sangre.<\/p>\n<p><img alt=\"Las personas con s\u00edndrome de\" class=\"global-image\" decoding=\"async\" fetchpriority=\"low\" height=\"816\" loading=\"lazy\" src=\"https:\/\/www.europesays.com\/es\/wp-content\/uploads\/2025\/12\/HASXEAJRD5HHRPYHI7GHA6V5I4.jpg\" width=\"1456\"\/>Las personas con s\u00edndrome de fatiga cr\u00f3nica presentan menor cantidad de c\u00e9lulas T efectoras, linfocitos NK y c\u00e9lulas dendr\u00edticas tipo 2 (Imagen Ilustrativa Infobae)<\/p>\n<p class=\"paragraph\">A diferencia de trabajos previos, que solo hab\u00edan investigado aspectos puntuales, el enfoque integral de este nuevo estudio utiliz\u00f3<b> alta tecnolog\u00eda<\/b> para examinar el cuadro completo. <\/p>\n<p class=\"paragraph\">Participaron 61 personas con diagn\u00f3stico confirmado de EM\/SFC y 61 controles sanos ajustados por edad y sexo. <\/p>\n<p class=\"paragraph\">Cada participante complet\u00f3 cuestionarios de salud y calidad de vida. Cerca del 20% del grupo de pacientes viv\u00eda con discapacidad derivada de la enfermedad.<\/p>\n<p><img alt=\"El an\u00e1lisis integral de sangre\" class=\"global-image\" decoding=\"async\" fetchpriority=\"low\" height=\"816\" loading=\"lazy\" src=\"https:\/\/www.europesays.com\/es\/wp-content\/uploads\/2025\/12\/7QO7NRD2IZBCHN7MSWCQLPXB5Y.jpg\" width=\"1456\"\/>El an\u00e1lisis integral de sangre revel\u00f3 alteraciones en la energ\u00eda celular y el sistema inmune de pacientes con fatiga cr\u00f3nica (Imagen Ilustrativa Infobae)<\/p>\n<p class=\"paragraph\">El laboratorio identific\u00f3 <b>tres cambios principales en el s\u00edndrome<\/b>. El primero apareci\u00f3 en la energ\u00eda de las c\u00e9lulas. <\/p>\n<p class=\"paragraph\">Los pacientes ten\u00edan m\u00e1s cantidad de adenosina monofosfato (AMP) y adenosina difosfato (ADP) en sus c\u00e9lulas, adem\u00e1s de una proporci\u00f3n baja de adenosina trifosfato (ATP) en comparaci\u00f3n con el ADP. <\/p>\n<p class=\"paragraph\">ATP es la mol\u00e9cula que <b>entrega energ\u00eda a las c\u00e9lulas<\/b> para todas sus funciones b\u00e1sicas. Si hay menos ATP del que el cuerpo necesita, las c\u00e9lulas no consiguen suficiente energ\u00eda y eso genera un cansancio profundo y permanente,<b> incluso despu\u00e9s de descansar<\/b>.<\/p>\n<p><img alt=\"El modelo desarrollado por los\" class=\"global-image\" decoding=\"async\" fetchpriority=\"low\" height=\"768\" loading=\"lazy\" src=\"https:\/\/www.europesays.com\/es\/wp-content\/uploads\/2025\/12\/AOXPCFSSB5B2ZHNES24OMGGOBU.png\" width=\"1408\"\/>El modelo desarrollado por los investigadores distingue con un 91% de precisi\u00f3n a quienes padecen s\u00edndrome de fatiga cr\u00f3nica (Archivo Imagen Ilustrativa Infobae)<\/p>\n<p class=\"paragraph\">El segundo hallazgo importante surgi\u00f3 en el sistema inmune, que protege al cuerpo de enfermedades.<\/p>\n<p class=\"paragraph\">Las personas con s\u00edndrome de fatiga cr\u00f3nica ten\u00edan <b>menos c\u00e9lulas T efectoras de memoria<\/b>, linfocitos NK (natural killer, es decir, asesinos naturales) y c\u00e9lulas dendr\u00edticas tipo 2. Estos tres tipos de c\u00e9lulas ayudan a combatir infecciones y mantenernos sanos.<\/p>\n<p class=\"paragraph\">Seg\u00fan los investigadores, \u201cla reducci\u00f3n en subgrupos inmunol\u00f3gicos que responden a pat\u00f3genos sugiere un sistema inmunitario alterado en pacientes ME\/CFS\u201d.<\/p>\n<p class=\"paragraph\">Esto significa que el sistema de defensa no funciona igual y podr\u00eda dejar a esas personas<b> m\u00e1s expuestas a enfermedades. <\/b>En la sangre, tambi\u00e9n encontraron diferencias llamativas.<\/p>\n<p><img alt=\"El avance cient\u00edfico podr\u00eda reducir\" class=\"global-image\" decoding=\"async\" fetchpriority=\"low\" height=\"768\" loading=\"lazy\" src=\"https:\/\/www.europesays.com\/es\/wp-content\/uploads\/2025\/12\/4HXK6Z4FBNCUFIOJHNMGE3S34Q.png\" width=\"1408\"\/>El avance cient\u00edfico podr\u00eda reducir los retrasos en el diagn\u00f3stico y mejorar la calidad de vida de los pacientes con fatiga cr\u00f3nica (Imagen Ilustrativa Infobae)<\/p>\n<p class=\"paragraph\">Las personas con fatiga cr\u00f3nica ten\u00edan m\u00e1s prote\u00ednas como trombospondina 1 y <b>factor de von Willebrand<\/b>, relacionadas con la coagulaci\u00f3n y el buen funcionamiento de los vasos sangu\u00edneos. <\/p>\n<p class=\"paragraph\">Sugirieron que la sangre no circula tan bien y eso puede afectar c\u00f3mo se siente el cuerpo en general.<\/p>\n<p class=\"paragraph\">Los expertos observaron cambios en mol\u00e9culas como NAD+, que es muy importante para que las c\u00e9lulas produzcan energ\u00eda. Cuando NAD+ no funciona bien, la energ\u00eda baja y la persona <b>sigue sintiendo cansancio aunque duerma mucho.<\/b><\/p>\n<p class=\"paragraph\">El trabajo mostr\u00f3 adem\u00e1s que <b>en las mujeres la disminuci\u00f3n de energ\u00eda (ATP) fue mayor y los cambios en las defensas m\u00e1s marcados<\/b>. Esto genera nuevas preguntas sobre el rol de las hormonas en esta enfermedad.<\/p>\n<p class=\"paragraph\">Con todos esos datos, los cient\u00edficos crearon un modelo que, solamente con el an\u00e1lisis de las muestras, logra distinguir con una precisi\u00f3n del 91% a las personas con s\u00edndrome de fatiga cr\u00f3nica de quienes no lo tienen.<\/p>\n<p><img alt=\"Las mujeres con s\u00edndrome de\" class=\"global-image\" decoding=\"async\" fetchpriority=\"low\" height=\"3641\" loading=\"lazy\" src=\"https:\/\/www.europesays.com\/es\/wp-content\/uploads\/2025\/12\/5TCML5I5WVFH5D2CSYUFCGJBRY.jpg\" width=\"5461\"\/>Las mujeres con s\u00edndrome de fatiga cr\u00f3nica muestran una mayor disminuci\u00f3n de energ\u00eda celular y cambios inmunol\u00f3gicos m\u00e1s marcados (Freepik)<\/p>\n<p class=\"paragraph\">Si se valida en la pr\u00e1ctica cl\u00ednica, el modelo que desarrollaron tiene \u201cel potencial de reducir los retrasos en el diagn\u00f3stico y mejorar la calidad de vida de los pacientes, al aliviar el sufrimiento prolongado y la carga econ\u00f3mica que enfrentan las personas\u201d, afirm\u00f3 el doctor <b>Richard Schloeffel<\/b>, de la Escuela de Medicina de Macquarie y uno de los l\u00edderes del trabajo.<\/p>\n<p class=\"paragraph\">Con su grupo, sugiri\u00f3 corroborar resultados en otros pa\u00edses y distintos grupos antes de usar la prueba en hospitales.<b> Los s\u00edntomas pueden ser muy diferentes en cada paciente<\/b>.<\/p>\n<p class=\"paragraph\">Las prote\u00ednas encontradas abren nuevas preguntas y podr\u00edan ayudar a identificar la enfermedad m\u00e1s f\u00e1cilmente.<\/p>\n<p><img alt=\"El hallazgo ofrece la base\" class=\"global-image\" decoding=\"async\" fetchpriority=\"low\" height=\"816\" loading=\"lazy\" src=\"https:\/\/www.europesays.com\/es\/wp-content\/uploads\/2025\/12\/5UWMNTTC6BHYPOZKPUGSLTYCTI.jpg\" width=\"1456\"\/>El hallazgo ofrece la base para desarrollar una prueba que permita diagnosticar el s\u00edndrome de fatiga cr\u00f3nica en hospitales en el futuro (Imagen Ilustrativa Infobae)<\/p>\n<p class=\"paragraph\">A pesar de las dudas, los resultados fortalecen la idea de que el s\u00edndrome de fatiga cr\u00f3nica es una <b>enfermedad real que merece apoyo, atenci\u00f3n y reconocimiento.<\/b><\/p>\n<p class=\"paragraph\">Los investigadores tambi\u00e9n afirmaron que sus hallazgos \u201cpueden allanar el camino para promover una <b>aceptaci\u00f3n m\u00e1s amplia de la afecci\u00f3n<\/b> dentro de la comunidad m\u00e9dica y la sociedad\u201d.<\/p>\n<p><img alt=\"El hallazgo de biomarcadores en\" class=\"global-image\" decoding=\"async\" fetchpriority=\"low\" height=\"4024\" loading=\"lazy\" src=\"https:\/\/www.europesays.com\/es\/wp-content\/uploads\/2025\/12\/BA5OXML2ENHYBBCC2MJ2LWFNZI.jpg\" width=\"6048\"\/>El hallazgo de biomarcadores en sangre podr\u00eda ayudar a desestigmatizar la enfermedad (Imagen Ilustrativa Infobae)<\/p>\n<p class=\"paragraph\">En di\u00e1logo con <b>Infobae<\/b>, <b>Jesica Fischer<\/b>, m\u00e9dica psiquiatra del Departamento de Psiquiatr\u00eda del <b>Instituto de Neurolog\u00eda Cognitiva (INECO)<\/b> en <b>Argentina<\/b>, coment\u00f3: \u201cEl estudio publicado en <b>Cell Reports Medicine<\/b> identific\u00f3 biomarcadores medibles en sangre que, combinados, lograron alta precisi\u00f3n predictiva en el grupo de pacientes con el s\u00edndrome de fatiga cr\u00f3nica\u00bb. <\/p>\n<p class=\"paragraph\">Sin embargo, Fischer resalt\u00f3 que hay que tener en cuenta que \u201clos propios autores aclararon que estos resultados <b>son exploratorios y necesitan validaci\u00f3n<\/b> en cohortes independientes antes de convertirse en un an\u00e1lisis cl\u00ednico simple y de rutina\u201d.<\/p>\n<p class=\"paragraph\">Para la experta, el nuevo estudio \u201caport\u00f3 evidencia objetiva de que la encefalomielitis mi\u00e1lgica\/sindrome de fatiga cr\u00f3nica <b>tiene una base biol\u00f3gica clara<\/b>. Esto ayuda a <b>desestigmatizar<\/b> la enfermedad, al <b>alejarla de explicaciones psicol\u00f3gicas<\/b> o subjetivas\u201d. <\/p>\n<p class=\"paragraph\">Adem\u00e1s, destac\u00f3 que los resultados abren la puerta a diagn\u00f3sticos m\u00e1s tempranos, mejor clasificaci\u00f3n de pacientes y, a futuro, tratamientos dirigidos a mecanismos espec\u00edficos en lugar de que se realice un manejo sintom\u00e1tico.<\/p>\n","protected":false},"excerpt":{"rendered":"El s\u00edndrome de fatiga cr\u00f3nica afecta a millones de personas y se caracteriza por cansancio extremo, dolores musculares&hellip;\n","protected":false},"author":2,"featured_media":302170,"comment_status":"","ping_status":"","sticky":false,"template":"","format":"standard","meta":{"footnotes":""},"categories":[92],"tags":[428,119,6862,25,24,165,1816,1294,7007,71659,8328,166,23,120],"class_list":{"0":"post-302169","1":"post","2":"type-post","3":"status-publish","4":"format-standard","5":"has-post-thumbnail","7":"category-salud","8":"tag-biotecnologia","9":"tag-ciencia","10":"tag-cientifica","11":"tag-es","12":"tag-espana","13":"tag-health","14":"tag-innovacion","15":"tag-investigacion","16":"tag-laboratorio","17":"tag-microscopio","18":"tag-muestras","19":"tag-salud","20":"tag-spain","21":"tag-tecnologia"},"share_on_mastodon":{"url":"https:\/\/pubeurope.com\/@es\/115765387670297559","error":""},"_links":{"self":[{"href":"https:\/\/www.europesays.com\/es\/wp-json\/wp\/v2\/posts\/302169","targetHints":{"allow":["GET"]}}],"collection":[{"href":"https:\/\/www.europesays.com\/es\/wp-json\/wp\/v2\/posts"}],"about":[{"href":"https:\/\/www.europesays.com\/es\/wp-json\/wp\/v2\/types\/post"}],"author":[{"embeddable":true,"href":"https:\/\/www.europesays.com\/es\/wp-json\/wp\/v2\/users\/2"}],"replies":[{"embeddable":true,"href":"https:\/\/www.europesays.com\/es\/wp-json\/wp\/v2\/comments?post=302169"}],"version-history":[{"count":0,"href":"https:\/\/www.europesays.com\/es\/wp-json\/wp\/v2\/posts\/302169\/revisions"}],"wp:featuredmedia":[{"embeddable":true,"href":"https:\/\/www.europesays.com\/es\/wp-json\/wp\/v2\/media\/302170"}],"wp:attachment":[{"href":"https:\/\/www.europesays.com\/es\/wp-json\/wp\/v2\/media?parent=302169"}],"wp:term":[{"taxonomy":"category","embeddable":true,"href":"https:\/\/www.europesays.com\/es\/wp-json\/wp\/v2\/categories?post=302169"},{"taxonomy":"post_tag","embeddable":true,"href":"https:\/\/www.europesays.com\/es\/wp-json\/wp\/v2\/tags?post=302169"}],"curies":[{"name":"wp","href":"https:\/\/api.w.org\/{rel}","templated":true}]}}