{"id":302179,"date":"2025-12-22T21:43:33","date_gmt":"2025-12-22T21:43:33","guid":{"rendered":"https:\/\/www.europesays.com\/es\/302179\/"},"modified":"2025-12-22T21:43:33","modified_gmt":"2025-12-22T21:43:33","slug":"benidorm-inicia-la-rehabilitacion-de-las-emblematicas-columnas-andrea-del-paseo-de-levante","status":"publish","type":"post","link":"https:\/\/www.europesays.com\/es\/302179\/","title":{"rendered":"Benidorm inicia la rehabilitaci\u00f3n de las emblem\u00e1ticas columnas \u2018Andrea\u2019 del Paseo de Levante"},"content":{"rendered":"<p>El Ayuntamiento de Benidorm ha iniciado los trabajos de rehabilitaci\u00f3n y mejora de las emblem\u00e1ticas columnas lum\u00ednicas del Paseo de Levante, las llamadas \u2018Andrea\u2019, un proyecto que se est\u00e1 desarrollando con cargo al Plan de Sostenibilidad Tur\u00edstica en Destino \u2018Verde Benidorm\u2019, con una inversi\u00f3n de 590.210,42 euros, y que permitir\u00e1 no solo mejorar notablemente la imagen ornamental del paseo sino adem\u00e1s mejorar la eficiencia energ\u00e9tica.<\/p>\n<p>El concejal de Espacio P\u00fablico, Francis Mu\u00f1oz, ha explicado que \u201cla pasada semana iniciamos la retirada de las cuatro primeras columnas que se van a rehabilitar\u201d; en concreto, las de la parte baja de la avenida de Europa, que han sido \u201ctrasladadas a un taller de Madrid donde se va a restaurar toda la estructura met\u00e1lica\u201d. A ello se sumar\u00e1 posteriormente la renovaci\u00f3n de la pieza de policarbonato interior, que estar\u00e1 tambi\u00e9n dotada de tecnolog\u00eda que va a permitir cambiar el color de las luces, de forma que \u201clas columnas se queden totalmente renovadas y con su mejor imagen\u201d, ha se\u00f1alado Mu\u00f1oz.<\/p>\n<p>La retirada de estas columnas se ha realizado \u201ccon una afecci\u00f3n m\u00ednima sobre el tr\u00e1fico y el tr\u00e1nsito peatonal, tal y como vamos a ejecutar todo el proyecto\u201d, ha manifestado el concejal de Espacio P\u00fablico, matizando que \u201cpor ello la restauraci\u00f3n se va a hacer por fases\u201d. As\u00ed, una vez que estas cuatro primeras \u2018Andreas\u2019 est\u00e9n rehabilitadas, se proceder\u00e1 a la retirada de nuevas unidades y a la colocaci\u00f3n en su lugar de \u00e9stas sobre las que ya se ha actuado, \u201creponiendo y restaurando poco a poco hasta llegar a las 18 que est\u00e1 previsto mantener en el paseo mar\u00edtimo\u201d.<\/p>\n<p>El plazo de ejecuci\u00f3n de las cuatro primeras unidades ser\u00e1 de entre uno y tres meses, mientras que para el conjunto del proyecto se estima una duraci\u00f3n total de unos ocho meses.<\/p>\n<p>\u201cSeguimos avanzando en el compromiso que adquirimos con la ciudadan\u00eda para remodelar, modernizar y mejorar la imagen de una de las zonas m\u00e1s emblem\u00e1ticas y transitadas de nuestra ciudad, como es el Paseo mar\u00edtimo de Levante\u201d, ha manifestado Francis Mu\u00f1oz, que ha recordado que \u201ceste proyecto complementa el de modernizaci\u00f3n de la catenaria, que tambi\u00e9n estamos ejecutando ya en su segunda fase y en la que llevamos invertidos algo m\u00e1s de 2,8 millones de euros\u201d.<\/p>\n<p>El concejal ha recordado que se trata de una actuaci\u00f3n que \u201cera ya muy necesaria por el deterioro y oxidaci\u00f3n que presentaban estos elementos despu\u00e9s de m\u00e1s de tres d\u00e9cadas frente al mar\u201d y que el proyecto va a suponer \u201cno s\u00f3lo la renovaci\u00f3n de estos elementos tan caracter\u00edsticos y reconocibles de la primera l\u00ednea de Levante, sino tambi\u00e9n una mejora en la eficiencia energ\u00e9tica y, por tanto, una reducci\u00f3n de emisiones, consumo y gasto\u201d, ha se\u00f1alado el primer edil.<\/p>\n<p><strong>Luminarias de los a\u00f1os 90<\/strong><\/p>\n<p>En concreto la actuaci\u00f3n prev\u00e9 restaurar las estructuras que dan soporte al cilindro interior que conforma la luminaria, que datan de los a\u00f1os 90; sustituir este mismo cilindro y los proyectores interiores que lo iluminan, as\u00ed como dotarlas de una nueva instalaci\u00f3n el\u00e9ctrica y de control para el suministro y gesti\u00f3n inteligente. Gracias a la tecnolog\u00eda LED, la potencia instalada se reducir\u00e1 en un 40%, ajust\u00e1ndose as\u00ed a los requerimientos en materia de eficiencia energ\u00e9tica.<\/p>\n<p>Benidorm cuenta actualmente con 22 unidades de estas luminarias, de las que 18 se distribuyen a lo largo del paseo y cuatro se ubican en el cruce de la avenida Europa con la primera l\u00ednea de playa. El proyecto de rehabilitaci\u00f3n aprobado el pasado mes de mayo prev\u00e9 retirar \u00e9stas \u00faltimas para configurar un espacio libre de elementos, mientras que las 18 restantes ser\u00e1n rehabilitadas.<\/p>\n<p>Por \u00faltimo, ha agregado que este proyecto \u201cviene a completar la modernizaci\u00f3n y puesta al d\u00eda de los elementos lum\u00ednicos de la primera l\u00ednea de Levante, que iniciamos con la renovaci\u00f3n de la catenaria del paseo desde el Torrej\u00f3 a la avenida de Europa y que ahora estamos continuando con la segunda fase, desde Europa a M\u00e9dico Miguel Martorell, con una inversi\u00f3n que ya supera los 2,8 millones en contraste, una vez m\u00e1s, a la falta de inversiones en nuestra ciudad por parte del Gobierno de Espa\u00f1a\u201d.<\/p>\n<p><strong>Sobre \u2018Verde Benidorm\u2019<\/strong><\/p>\n<p>El Plan de Sostenibilidad Tur\u00edstica en Destino &#8216;Verde Benidorm 2024-2026&#8217; cuenta con 5.500.000 euros de financiaci\u00f3n procedente de fondos Next Generation de la Uni\u00f3n Europea con los que se ejecutan 16 actuaciones para lograr un Benidorm m\u00e1s sostenible y digital, que avance en eficiencia energ\u00e9tica y contra el cambio clim\u00e1tico y que siga apostando por la protecci\u00f3n del territorio.<\/p>\n<p>De este modo, con este PSTD el Ayuntamiento de Benidorm lleva a cabo la certificaci\u00f3n y reconocimiento de la sostenibilidad del destino, dentro del Plan de Recuperaci\u00f3n, Transformaci\u00f3n y Resiliencia, financiado con fondos de la Uni\u00f3n Europea &#8211; Next Generation EU, incluida del Plan Territorial de Sostenibilidad de la Comunitat Valenciana y coordinada por Turisme Comunitat Valenciana.<\/p>\n","protected":false},"excerpt":{"rendered":"El Ayuntamiento de Benidorm ha iniciado los trabajos de rehabilitaci\u00f3n y mejora de las emblem\u00e1ticas columnas lum\u00ednicas del&hellip;\n","protected":false},"author":2,"featured_media":302180,"comment_status":"","ping_status":"","sticky":false,"template":"","format":"standard","meta":{"footnotes":""},"categories":[8],"tags":[71661,17,18,25,2967,24,13,14,71662,11,19,20,9,10,15,16,23,12,21,22,71660],"class_list":{"0":"post-302179","1":"post","2":"type-post","3":"status-publish","4":"format-standard","5":"has-post-thumbnail","7":"category-espana","8":"tag-aida-garcia-mayor","9":"tag-breaking-news","10":"tag-breakingnews","11":"tag-es","12":"tag-espacio-publico","13":"tag-espana","14":"tag-featured-news","15":"tag-featurednews","16":"tag-francis-munoz","17":"tag-headlines","18":"tag-latest-news","19":"tag-latestnews","20":"tag-news","21":"tag-noticias","22":"tag-noticias-destacadas","23":"tag-noticiasdestacadas","24":"tag-spain","25":"tag-titulares","26":"tag-ultimas-noticias","27":"tag-ultimasnoticias","28":"tag-verde-benidorm"},"share_on_mastodon":{"url":"https:\/\/pubeurope.com\/@es\/115765405694625429","error":""},"_links":{"self":[{"href":"https:\/\/www.europesays.com\/es\/wp-json\/wp\/v2\/posts\/302179","targetHints":{"allow":["GET"]}}],"collection":[{"href":"https:\/\/www.europesays.com\/es\/wp-json\/wp\/v2\/posts"}],"about":[{"href":"https:\/\/www.europesays.com\/es\/wp-json\/wp\/v2\/types\/post"}],"author":[{"embeddable":true,"href":"https:\/\/www.europesays.com\/es\/wp-json\/wp\/v2\/users\/2"}],"replies":[{"embeddable":true,"href":"https:\/\/www.europesays.com\/es\/wp-json\/wp\/v2\/comments?post=302179"}],"version-history":[{"count":0,"href":"https:\/\/www.europesays.com\/es\/wp-json\/wp\/v2\/posts\/302179\/revisions"}],"wp:featuredmedia":[{"embeddable":true,"href":"https:\/\/www.europesays.com\/es\/wp-json\/wp\/v2\/media\/302180"}],"wp:attachment":[{"href":"https:\/\/www.europesays.com\/es\/wp-json\/wp\/v2\/media?parent=302179"}],"wp:term":[{"taxonomy":"category","embeddable":true,"href":"https:\/\/www.europesays.com\/es\/wp-json\/wp\/v2\/categories?post=302179"},{"taxonomy":"post_tag","embeddable":true,"href":"https:\/\/www.europesays.com\/es\/wp-json\/wp\/v2\/tags?post=302179"}],"curies":[{"name":"wp","href":"https:\/\/api.w.org\/{rel}","templated":true}]}}