{"id":302213,"date":"2025-12-22T22:11:09","date_gmt":"2025-12-22T22:11:09","guid":{"rendered":"https:\/\/www.europesays.com\/es\/302213\/"},"modified":"2025-12-22T22:11:09","modified_gmt":"2025-12-22T22:11:09","slug":"mito-pereira-pone-punto-y-final-a-su-carrera","status":"publish","type":"post","link":"https:\/\/www.europesays.com\/es\/302213\/","title":{"rendered":"Mito Pereira pone punto y final a su carrera"},"content":{"rendered":"<p>            <a href=\"https:\/\/ten-golf.com\/wp-content\/uploads\/2022\/05\/PGA-Championship-2022-_EC25004-e1653309330346.webp\" data-caption=\"Mito Pereira en el green del 18 durante la ronda final del PGA Championship 2022. \u00a9 Golffile | Eoin Clarke\" rel=\"nofollow noopener\" target=\"_blank\"><img decoding=\"async\" loading=\"lazy\" width=\"666\" height=\"444\" class=\"entry-thumb td-modal-image\" src=\"https:\/\/www.europesays.com\/es\/wp-content\/uploads\/2025\/12\/PGA-Championship-2022-_EC25004-666x444.webp.webp\"   alt=\"Mito Pereira en el green del 18 durante la ronda final del PGA Championship 2022. \u00a9 Golffile | Eoin Clarke\" title=\"Mito Pereira en el green del 18 durante la ronda final del PGA Championship 2022. \u00a9 Golffile | Eoin Clarke\"\/><\/a>Mito Pereira en el green del 18 durante la ronda final del PGA Championship 2022. \u00a9 Golffile | Eoin Clarke<\/p>\n<p class=\"p1\"><b>Mito Pereira<\/b> ha anunciado su retirada como golfista profesional a los treinta a\u00f1os, una decisi\u00f3n que ha comunicado a trav\u00e9s de una emotiva carta publicada en sus redes sociales tras un periodo de reflexi\u00f3n personal.<\/p>\n<p class=\"p1\">\u201cDespu\u00e9s de un tiempo de reflexi\u00f3n he decidido poner t\u00e9rmino a mi carrera como golfista profesional. No es una determinaci\u00f3n que tome de la noche a la ma\u00f1ana\u201d, explica Pereira en el texto, en el que deja claro que se trata de una decisi\u00f3n meditada y ligada a un cambio de prioridades vitales.<\/p>\n<p>La retirada resulta especialmente dolorosa para un jugador que\u00a0en 2022\u00a0estuvo a un solo hoyo de ganar el <strong>PGA Championship<\/strong> en Southern Hills, donde lideraba el torneo hasta un desenlace final que le dej\u00f3 a las puertas de su primer major. A\u00f1o y medio despu\u00e9s hizo las maletas al LIV. Los hipot\u00e9ticos siempre llevan a enga\u00f1o, pero en este caso es uno de esos ejemplos palmarios\u2026 \u00bfqu\u00e9 habr\u00eda sucedido si hubiese conseguido salvar el par en aquel maldito hoyo 18 de <strong>Southern Hills<\/strong> y levantar el <strong>PGA Championship<\/strong>? Nunca lo sabremos, pero para empezar seguir\u00eda teniendo acceso a todos los Majors y no es aventurado decir que no tendr\u00eda este final abrupto.<\/p>\n<p>Desde hace unas semanas la opci\u00f3n de la retirada flotaba en el ambiente, pero no deja de ser una sorpresa para un jugador que acaba de cumplir treinta primaveras. En su entorno tambi\u00e9n se apunta a que, hace unos meses, Pereira sufri\u00f3 un accidente de bicicleta que le ha provocado graves problemas en una mu\u00f1eca, una lesi\u00f3n que ha condicionado su preparaci\u00f3n y le impide\u00a0disputar la Escuela de Clasificaci\u00f3n del LIV Golf, un episodio que ha terminado de acelerar la reflexi\u00f3n sobre su futuro deportivo.<\/p>\n<p class=\"p1\">El chileno, que hasta este final de curso compart\u00eda equipo con su compatriota <b>Joaqu\u00edn Niemann<\/b> en <b>LIV Golf<\/b>, se\u00f1ala que su intenci\u00f3n ahora es reducir los viajes, establecerse definitivamente en Chile y centrarse en proyectos personales, tras muchos a\u00f1os compitiendo lejos de casa.<\/p>\n<p class=\"p1\">\u201cViv\u00ed muchos a\u00f1os fuera de casa, pas\u00e9 innumerables semanas en hoteles y aeropuertos. Lleg\u00f3 el momento de parar\u201d, resume el propio jugador en su mensaje, en el que insiste en que se va \u201cen paz\u201d y orgulloso del camino recorrido.<\/p>\n<p class=\"p1\">Antes de ese episodio, su progresi\u00f3n hab\u00eda sido mete\u00f3rica: tres victorias en el<b> Korn Ferry Tour<\/b>, el salto al PGA Tour y, posteriormente, su incorporaci\u00f3n al circuito saud\u00ed como integrante del <b>Torque GC<\/b>.<\/p>\n<p class=\"p1\">En su balance final, Pereira recuerda tambi\u00e9n sus hitos con la selecci\u00f3n chilena, como el bronce <b>en los Juegos Panamericanos de Lima 2019<\/b> y el <b>diploma ol\u00edmpico en Tokio 2020<\/b>, donde roz\u00f3 el podio.<\/p>\n<p class=\"p1\">El anuncio ha tenido respuesta inmediata por parte del LIV Golf, que a trav\u00e9s de sus redes sociales confirm\u00f3 la noticia y dedic\u00f3 un mensaje de despedida al jugador: \u201cGracias por los recuerdos, Mito. Te deseamos lo mejor en esta nueva etapa\u201d.<\/p>\n<p class=\"p1\">As\u00ed, tres a\u00f1os despu\u00e9s de haber estado a un tris de la gloria en un major, Mito Pereira pone punto final a una carrera breve pero intensa, marcada por un ascenso fulgurante y una despedida tan inesperada como personal. Desde su llegada al LIV no ha vuelto a brillar como auguraba y ha decidido dar un paso a un lado.<\/p>\n","protected":false},"excerpt":{"rendered":"Mito Pereira en el green del 18 durante la ronda final del PGA Championship 2022. \u00a9 Golffile |&hellip;\n","protected":false},"author":2,"featured_media":302214,"comment_status":"","ping_status":"","sticky":false,"template":"","format":"standard","meta":{"footnotes":""},"categories":[275],"tags":[168,25,24,329,4544,968,336,7275,338,339,340,23,167],"class_list":{"0":"post-302213","1":"post","2":"type-post","3":"status-publish","4":"format-standard","5":"has-post-thumbnail","7":"category-golf","8":"tag-deportes","9":"tag-es","10":"tag-espana","11":"tag-golf","12":"tag-joaquin-niemann","13":"tag-liv-golf","14":"tag-notificacion","15":"tag-pga-championship","16":"tag-portada","17":"tag-portada-america","18":"tag-portada-global","19":"tag-spain","20":"tag-sports"},"share_on_mastodon":{"url":"https:\/\/pubeurope.com\/@es\/115765516198036307","error":""},"_links":{"self":[{"href":"https:\/\/www.europesays.com\/es\/wp-json\/wp\/v2\/posts\/302213","targetHints":{"allow":["GET"]}}],"collection":[{"href":"https:\/\/www.europesays.com\/es\/wp-json\/wp\/v2\/posts"}],"about":[{"href":"https:\/\/www.europesays.com\/es\/wp-json\/wp\/v2\/types\/post"}],"author":[{"embeddable":true,"href":"https:\/\/www.europesays.com\/es\/wp-json\/wp\/v2\/users\/2"}],"replies":[{"embeddable":true,"href":"https:\/\/www.europesays.com\/es\/wp-json\/wp\/v2\/comments?post=302213"}],"version-history":[{"count":0,"href":"https:\/\/www.europesays.com\/es\/wp-json\/wp\/v2\/posts\/302213\/revisions"}],"wp:featuredmedia":[{"embeddable":true,"href":"https:\/\/www.europesays.com\/es\/wp-json\/wp\/v2\/media\/302214"}],"wp:attachment":[{"href":"https:\/\/www.europesays.com\/es\/wp-json\/wp\/v2\/media?parent=302213"}],"wp:term":[{"taxonomy":"category","embeddable":true,"href":"https:\/\/www.europesays.com\/es\/wp-json\/wp\/v2\/categories?post=302213"},{"taxonomy":"post_tag","embeddable":true,"href":"https:\/\/www.europesays.com\/es\/wp-json\/wp\/v2\/tags?post=302213"}],"curies":[{"name":"wp","href":"https:\/\/api.w.org\/{rel}","templated":true}]}}