{"id":302218,"date":"2025-12-22T22:16:16","date_gmt":"2025-12-22T22:16:16","guid":{"rendered":"https:\/\/www.europesays.com\/es\/302218\/"},"modified":"2025-12-22T22:16:16","modified_gmt":"2025-12-22T22:16:16","slug":"ramon-martinez-en-la-agenda-del-cadiz-de-cara-al-mercado-invernal","status":"publish","type":"post","link":"https:\/\/www.europesays.com\/es\/302218\/","title":{"rendered":"Ram\u00f3n Mart\u00ednez, en la agenda del C\u00e1diz de cara al mercado invernal"},"content":{"rendered":"<p class=\"voc-p\" style=\"\">El <strong>Sevilla FC<\/strong> tiene intenci\u00f3n de reforzarse en el <strong>mercado de fichajes invernal<\/strong> que se abrir\u00e1 el pr\u00f3ximo 1 de enero. El equipo dirigido por <strong>Mat\u00edas Almeyda<\/strong> ya ha exteriorizado que<strong> le gustar\u00eda sumar a un nuevo delantero<\/strong> a su  &#8230; equipo y hay <strong>otras posiciones del campo<\/strong> en las que estudian la posibilidad de incorporar a jugadores que eleven el nivel del equipo. No obstante, tal y como ya han recordado el entrenador y el presidente de la entidad, <strong>todas las fichas est\u00e1n a d\u00eda de hoy cubiertas y tendr\u00e1 que haber salidas<\/strong> para que se puedan acometer los fichajes deseados. A la dificultad para sacar a futbolistas se suma el hecho de que <strong>Federico Gattoni<\/strong> se incorpora ahora al equipo tras su infructuosa cesi\u00f3n en River Plate. Es por ello por lo que varios futbolistas, adem\u00e1s del central argentino, est\u00e1n en la rampa de salida. <\/p>\n<p class=\"voc-p\" style=\"\"><strong>Ram\u00f3n Mart\u00ednez<\/strong> es uno de ellos. El central murciano de <strong>23 a\u00f1os<\/strong> apenas ha tenido protagonismo durante los primeros meses de competici\u00f3n y en las \u00faltimas horas se ha desvelado que <strong>el C\u00e1diz CF es uno de los equipos en los que podr\u00eda recalar<\/strong> ya que tiene la intenci\u00f3n de reforzar el eje central de su defensa y mantienen al futbolista del Sevilla como una de las opciones para ello. <\/p>\n<p class=\"voc-p\" style=\"\">As\u00ed lo ha se\u00f1alado el periodista Francisco Jim\u00e9nez , referencia en la actualidad cadista. El citado comunicador asegura que Ram\u00f3n Mart\u00ednez es uno de los futbolistas que figuran en la agenda de la direcci\u00f3n deportiva amarilla mientras se complica el fichaje pretendido de <strong>Nabil Aberdin.<\/strong><strong>Ismael Sierra<\/strong>, canterano b\u00e9tico que ahora est\u00e1 en el Villarreal B, es el otro futbolista se\u00f1alado por la direcci\u00f3n deportiva liderada por el exfutbolista del Sevilla <strong>Juan Cala.<\/strong>\u00a0<\/p>\n<p class=\"voc-p\" style=\"\">El C\u00e1diz <strong>ya sonde\u00f3 la posibilidad de incorporar a Ram\u00f3n Mart\u00ednez durante el mercado de fichajes veraniego<\/strong>. Finalmente el futbolista no sali\u00f3 y<strong> se qued\u00f3 en la plantilla con dorsal y ficha del primer equipo<\/strong> tras haber hecho la pasada campa\u00f1a su debut y haber causado buena impresi\u00f3n. Ram\u00f3n Mart\u00ednez tiene <strong>contrato hasta junio de 2027<\/strong> con el Sevilla y <strong>apenas ha jugado tres encuentros<\/strong> (dos de Liga y uno de Copa) en lo que va de temporada. No fue titular en ninguna de sus dos apariciones ligueras. <\/p>\n<p>\nArt\u00edculo solo para suscriptores\n<\/p>\n<p>Reportar un error<\/p>\n","protected":false},"excerpt":{"rendered":"El Sevilla FC tiene intenci\u00f3n de reforzarse en el mercado de fichajes invernal que se abrir\u00e1 el pr\u00f3ximo&hellip;\n","protected":false},"author":2,"featured_media":302219,"comment_status":"","ping_status":"","sticky":false,"template":"","format":"standard","meta":{"footnotes":""},"categories":[268],"tags":[4071,2193,2608,168,25,24,280,282,30139,825,1239,11082,281,23,167],"class_list":{"0":"post-302218","1":"post","2":"type-post","3":"status-publish","4":"format-standard","5":"has-post-thumbnail","7":"category-futbol","8":"tag-agenda","9":"tag-cadiz","10":"tag-cara","11":"tag-deportes","12":"tag-es","13":"tag-espana","14":"tag-football","15":"tag-futbol","16":"tag-invernal","17":"tag-martinez","18":"tag-mercado","19":"tag-ramon","20":"tag-soccer","21":"tag-spain","22":"tag-sports"},"share_on_mastodon":{"url":"https:\/\/pubeurope.com\/@es\/115765535627747044","error":""},"_links":{"self":[{"href":"https:\/\/www.europesays.com\/es\/wp-json\/wp\/v2\/posts\/302218","targetHints":{"allow":["GET"]}}],"collection":[{"href":"https:\/\/www.europesays.com\/es\/wp-json\/wp\/v2\/posts"}],"about":[{"href":"https:\/\/www.europesays.com\/es\/wp-json\/wp\/v2\/types\/post"}],"author":[{"embeddable":true,"href":"https:\/\/www.europesays.com\/es\/wp-json\/wp\/v2\/users\/2"}],"replies":[{"embeddable":true,"href":"https:\/\/www.europesays.com\/es\/wp-json\/wp\/v2\/comments?post=302218"}],"version-history":[{"count":0,"href":"https:\/\/www.europesays.com\/es\/wp-json\/wp\/v2\/posts\/302218\/revisions"}],"wp:featuredmedia":[{"embeddable":true,"href":"https:\/\/www.europesays.com\/es\/wp-json\/wp\/v2\/media\/302219"}],"wp:attachment":[{"href":"https:\/\/www.europesays.com\/es\/wp-json\/wp\/v2\/media?parent=302218"}],"wp:term":[{"taxonomy":"category","embeddable":true,"href":"https:\/\/www.europesays.com\/es\/wp-json\/wp\/v2\/categories?post=302218"},{"taxonomy":"post_tag","embeddable":true,"href":"https:\/\/www.europesays.com\/es\/wp-json\/wp\/v2\/tags?post=302218"}],"curies":[{"name":"wp","href":"https:\/\/api.w.org\/{rel}","templated":true}]}}