{"id":302266,"date":"2025-12-22T22:47:08","date_gmt":"2025-12-22T22:47:08","guid":{"rendered":"https:\/\/www.europesays.com\/es\/302266\/"},"modified":"2025-12-22T22:47:08","modified_gmt":"2025-12-22T22:47:08","slug":"senoterapia-limpiar-el-cerebro-de-celulas-envejecidas-para-tratar-la-epilepsia","status":"publish","type":"post","link":"https:\/\/www.europesays.com\/es\/302266\/","title":{"rendered":"Senoterapia, limpiar el cerebro de c\u00e9lulas envejecidas para tratar la epilepsia"},"content":{"rendered":"<p style=\"\">Eliminar o manipular las c\u00e9lulas envejecidas. As\u00ed es como ha logrado tratar en animales la epilepsia del l\u00f3bulo temporal, una enfermedad provoca convulsiones recurrentes y disfunci\u00f3n cognitiva y que se asocia con el envejecimiento prematuro de las c\u00e9lulas cerebrales un equipo de la <a href=\"https:\/\/www.georgetown.edu\/\" target=\"_self\" data-voc-vtm-id=\"in-text-traffic\" title=\"Universidad de Georgetown\" data-mrf-link=\"www.georgetown.edu\" rel=\"nofollow noopener\">Universidad de Georgetown<\/a> &#8230; .<\/p>\n<p class=\"voc-p\" style=\"\">El estudio, publicado en la revista &#8216;<a href=\"https:\/\/onlinelibrary.wiley.com\/journal\/15318249\" target=\"_self\" data-voc-vtm-id=\"in-text-traffic\" title=\"Annals of Neurology\" data-mrf-link=\"onlinelibrary.wiley.com\" rel=\"nofollow noopener\">Annals of Neurology<\/a>&#8216;, demuestra que este tipo de epilepsia puede tratarse en ratones mediante la erradicaci\u00f3n gen\u00e9tica o farmac\u00e9utica de las c\u00e9lulas envejecidas, lo que <strong>mejora la memoria y reduce las convulsiones<\/strong>, adem\u00e1s de proteger a algunos animales del desarrollo de la epilepsia. La nueva alternativa se llama <strong>senoterapia<\/strong>.<\/p>\n<p class=\"voc-p\" style=\"\">Las convulsiones de este tipo de epilepsia se originan en el l\u00f3bulo temporal, <strong>\u00e1rea del cerebro que maneja emociones, memoria y lenguaje<\/strong>, causando s\u00edntomas como sensaciones extra\u00f1as (d\u00e9j\u00e0 vu, olores), movimientos repetitivos (labios, manos) y p\u00e9rdida de conciencia.<\/p>\n<p class=\"voc-p\" style=\"\">Son diversos factores los que puedan causar este tipo de epilepsia: lesiones cerebrales por traumatismos o accidentes cerebrovasculares, infecciones como la meningitis, tumores cerebrales, malformaciones vasculares y s\u00edndromes gen\u00e9ticos. Se trata el tipo m\u00e1s com\u00fan de epilepsia farmacorresistente y afecta a aproximadamente el 40 % de los pacientes con esta afecci\u00f3n. <\/p>\n<p class=\"voc-p\" style=\"\">\u00abUn<strong> tercio de las personas que viven con epilepsia no logran liberarse de las convulsiones con los medicamentos<\/strong> actuales\u00bb, afirma el autor principal, Patrick A. Forcelli.<\/p>\n<p class=\"voc-p\" style=\"\">\u00abEsperamos que la senoterapia, que consiste en el uso de medicamentos para eliminar las c\u00e9lulas senescentes o envejecidas, pueda minimizar la necesidad de cirug\u00eda o mejorar los resultados tras la misma\u00bb, a\u00f1ade. <\/p>\n<p>\nC\u00e9lulas gliales\n<\/p>\n<p class=\"voc-p\" style=\"\">En una parte de su estudio, se analizaron en el laboratorio tejido cerebral donado, extra\u00eddo quir\u00fargicamente de los l\u00f3bulos temporales de personas. Encontraron un aumento de cinco veces en el n\u00famero de c\u00e9lulas gliales senescentes en casos humanos de epilepsia, en comparaci\u00f3n con el tejido de autopsia de personas sin la enfermedad. Las c\u00e9lulas gliales sostienen y protegen a las neuronas, pero no producen impulsos el\u00e9ctricos neuronales.<\/p>\n<p class=\"voc-p\" style=\"\">En el estudio se ha hallado una <strong>acumulaci\u00f3n de c\u00e9lulas senescentes en un modelo murino de epilepsia del l\u00f3bulo temporal<\/strong> pocas semanas despu\u00e9s de la lesi\u00f3n inicial. Al aplicar un tratamiento para eliminar estas c\u00e9lulas, lograron reducirlas en un 50%, mejorar el desempe\u00f1o cognitivo de los ratones, disminuir las convulsiones y prevenir completamente la epilepsia en un tercio de los animales. <\/p>\n<p class=\"voc-p\" style=\"\">La senescencia de las c\u00e9lulas gliales se ha relacionado recientemente con el envejecimiento y las enfermedades neurodegenerativas como el alzh\u00e9imer<\/p>\n<p class=\"voc-p\" style=\"\">El tratamiento consisti\u00f3 en una combinaci\u00f3n de <strong>dasatinib<\/strong>, un f\u00e1rmaco aprobado para la leucemia, y quercetina, un compuesto vegetal con propiedades antioxidantes y antiinflamatorias, ya utilizada en estudios precl\u00ednicos y en ensayos cl\u00ednicos tempranos para otras enfermedades, lo que abre la posibilidad de una r\u00e1pida traslaci\u00f3n a estudios en humanos.<\/p>\n","protected":false},"excerpt":{"rendered":"Eliminar o manipular las c\u00e9lulas envejecidas. As\u00ed es como ha logrado tratar en animales la epilepsia del l\u00f3bulo&hellip;\n","protected":false},"author":2,"featured_media":302267,"comment_status":"","ping_status":"","sticky":false,"template":"","format":"standard","meta":{"footnotes":""},"categories":[92],"tags":[7447,1021,2670,4234,8827,39557,25,24,165,22099,166,23],"class_list":{"0":"post-302266","1":"post","2":"type-post","3":"status-publish","4":"format-standard","5":"has-post-thumbnail","7":"category-salud","8":"tag-ayudar","9":"tag-celulas","10":"tag-cerebro","11":"tag-combatir","12":"tag-envejecidas","13":"tag-epilepsia","14":"tag-es","15":"tag-espana","16":"tag-health","17":"tag-limpiar","18":"tag-salud","19":"tag-spain"},"share_on_mastodon":{"url":"https:\/\/pubeurope.com\/@es\/115765657259558674","error":""},"_links":{"self":[{"href":"https:\/\/www.europesays.com\/es\/wp-json\/wp\/v2\/posts\/302266","targetHints":{"allow":["GET"]}}],"collection":[{"href":"https:\/\/www.europesays.com\/es\/wp-json\/wp\/v2\/posts"}],"about":[{"href":"https:\/\/www.europesays.com\/es\/wp-json\/wp\/v2\/types\/post"}],"author":[{"embeddable":true,"href":"https:\/\/www.europesays.com\/es\/wp-json\/wp\/v2\/users\/2"}],"replies":[{"embeddable":true,"href":"https:\/\/www.europesays.com\/es\/wp-json\/wp\/v2\/comments?post=302266"}],"version-history":[{"count":0,"href":"https:\/\/www.europesays.com\/es\/wp-json\/wp\/v2\/posts\/302266\/revisions"}],"wp:featuredmedia":[{"embeddable":true,"href":"https:\/\/www.europesays.com\/es\/wp-json\/wp\/v2\/media\/302267"}],"wp:attachment":[{"href":"https:\/\/www.europesays.com\/es\/wp-json\/wp\/v2\/media?parent=302266"}],"wp:term":[{"taxonomy":"category","embeddable":true,"href":"https:\/\/www.europesays.com\/es\/wp-json\/wp\/v2\/categories?post=302266"},{"taxonomy":"post_tag","embeddable":true,"href":"https:\/\/www.europesays.com\/es\/wp-json\/wp\/v2\/tags?post=302266"}],"curies":[{"name":"wp","href":"https:\/\/api.w.org\/{rel}","templated":true}]}}