{"id":302293,"date":"2025-12-22T23:07:13","date_gmt":"2025-12-22T23:07:13","guid":{"rendered":"https:\/\/www.europesays.com\/es\/302293\/"},"modified":"2025-12-22T23:07:13","modified_gmt":"2025-12-22T23:07:13","slug":"el-catalunya-triomfant-desvela-el-cartel-completo-de-su-segunda-edicion","status":"publish","type":"post","link":"https:\/\/www.europesays.com\/es\/302293\/","title":{"rendered":"El Catalunya Triomfant desvela el cartel completo de su segunda edici\u00f3n"},"content":{"rendered":"<p><strong>El pr\u00f3ximo 11 de septiembre de 2026 vuelve el <a href=\"https:\/\/www.rockzonemag.com\/tag\/catalunya-triomfant\/\" rel=\"nofollow noopener\" target=\"_blank\">Catalunya Triomfant<\/a>, convirti\u00e9ndose en la segunda Diada hist\u00f3rica del metal en catal\u00e0<\/strong>. Al igual que el a\u00f1o pasado se celebrar\u00e1 en la sala Paral\u00b7lel 62 de Barcelona y contar\u00e1 con seis bandas participantes.<\/p>\n<p><a href=\"https:\/\/www.ticketmaster.es\/artist\/linkin-park-entradas\/10021?int_cmp_name=LINKIN-PARK&amp;int_cmp_id=ES-Home-501&amp;int_cmp_creative=Home-main-4.0&amp;tm_link=tm_ccp_Home_main_LINKIN-PARK\" target=\"_blank\" rel=\"nofollow noopener\"><img decoding=\"async\" src=\"https:\/\/www.europesays.com\/es\/wp-content\/uploads\/2025\/07\/Banner-Linkin-Park-2-Rock-Zone-1060x200-1.png\"\/><\/a><\/p>\n<p>A la ya conocida confirmaci\u00f3n de <strong>Foscor<\/strong>, grupo legendario que encabezar\u00e1 esta nueva edici\u00f3n celebrando sus 25 a\u00f1os con un repertorio \u00fanico e irrepetible en su lengua materna, ahora se suman hasta cinco grupos m\u00e1s para completar otro gran cartel.<\/p>\n<p>As\u00ed estar\u00e1n<strong> Angoixa<\/strong>, formaci\u00f3n de death metal que desde hace m\u00e1s de una d\u00e9cada defiende su tralla \u00edntegramente en catal\u00e0. Con much\u00edsimos a\u00f1os a sus espaldas, tambi\u00e9n es un placer anunciar a <strong>Vrademargk<\/strong>. Los egarenses dar\u00e1n gran protagonismo a su \u00e1lbum m\u00e1s aplaudido, <strong>Arrelats<\/strong>, y si todo sigue como tienen previsto, tambi\u00e9n estrenar\u00e1n material nuevo.<\/p>\n<p>Con su goregrind y humor negro, tirando a negr\u00edsimo, <strong>Thanatopraxy<\/strong> nos destruir\u00e1n con un setlist especial en el que dejar\u00e1n aparcados todos sus temas en ingl\u00e9s. Adem\u00e1s, presenciaremos dos actuaciones de lujo y absoluto culto\u2026<\/p>\n<p>Presentando nuevo \u00e1lbum, <strong>Fal\u00e7 de Fetillera<\/strong> invocar\u00e1n poderes antiguos con su doom folcl\u00f3rico y danza tribal, convirtiendo como siempre su concierto en un ritual, en una ceremonia m\u00e1gica. Desde la penumbra impenetrable llegar\u00e1 <strong>Amargor<\/strong>, con el incansable M.W. al frente interpretando el raw black metal m\u00e1s funesto. El autor de Tenebres i Fosc\u00faria, uno de los mejores trabajos del g\u00e9nero que hayan surgido jam\u00e1s de la Pen\u00ednsula, nos abrir\u00e1 en canal sin ning\u00fan tipo de piedad.<\/p>\n<p>Con las entradas early bird agotadas en muy pocos d\u00edas, la entrada anticipada sigue disponible en <a href=\"https:\/\/entradium.com\/es\/events\/catalunya-triomfant-2\" rel=\"nofollow noopener\" target=\"_blank\">Entradium.com<\/a> a un precio de 20 euros + gastos de gesti\u00f3n, mientras que en taquilla costar\u00e1 25 euros.<\/p>\n<p><img fetchpriority=\"high\" decoding=\"async\" class=\"wp-image-48430 aligncenter\" src=\"https:\/\/www.europesays.com\/es\/wp-content\/uploads\/2025\/12\/Catalunya-Triomfant-cartel-completo-2026-724x1024.jpeg\" alt=\"\" width=\"526\" height=\"744\"  \/><\/p>\n","protected":false},"excerpt":{"rendered":"El pr\u00f3ximo 11 de septiembre de 2026 vuelve el Catalunya Triomfant, convirti\u00e9ndose en la segunda Diada hist\u00f3rica del&hellip;\n","protected":false},"author":2,"featured_media":302294,"comment_status":"","ping_status":"","sticky":false,"template":"","format":"standard","meta":{"footnotes":""},"categories":[170],"tags":[33804,146,147,25,24,5270,71676,184,185,10,23],"class_list":{"0":"post-302293","1":"post","2":"type-post","3":"status-publish","4":"format-standard","5":"has-post-thumbnail","7":"category-musica","8":"tag-catalunya-triomfant","9":"tag-entertainment","10":"tag-entretenimiento","11":"tag-es","12":"tag-espana","13":"tag-festivales","14":"tag-metal-extemo","15":"tag-music","16":"tag-musica","17":"tag-noticias","18":"tag-spain"},"share_on_mastodon":{"url":"https:\/\/pubeurope.com\/@es\/115765736533368358","error":""},"_links":{"self":[{"href":"https:\/\/www.europesays.com\/es\/wp-json\/wp\/v2\/posts\/302293","targetHints":{"allow":["GET"]}}],"collection":[{"href":"https:\/\/www.europesays.com\/es\/wp-json\/wp\/v2\/posts"}],"about":[{"href":"https:\/\/www.europesays.com\/es\/wp-json\/wp\/v2\/types\/post"}],"author":[{"embeddable":true,"href":"https:\/\/www.europesays.com\/es\/wp-json\/wp\/v2\/users\/2"}],"replies":[{"embeddable":true,"href":"https:\/\/www.europesays.com\/es\/wp-json\/wp\/v2\/comments?post=302293"}],"version-history":[{"count":0,"href":"https:\/\/www.europesays.com\/es\/wp-json\/wp\/v2\/posts\/302293\/revisions"}],"wp:featuredmedia":[{"embeddable":true,"href":"https:\/\/www.europesays.com\/es\/wp-json\/wp\/v2\/media\/302294"}],"wp:attachment":[{"href":"https:\/\/www.europesays.com\/es\/wp-json\/wp\/v2\/media?parent=302293"}],"wp:term":[{"taxonomy":"category","embeddable":true,"href":"https:\/\/www.europesays.com\/es\/wp-json\/wp\/v2\/categories?post=302293"},{"taxonomy":"post_tag","embeddable":true,"href":"https:\/\/www.europesays.com\/es\/wp-json\/wp\/v2\/tags?post=302293"}],"curies":[{"name":"wp","href":"https:\/\/api.w.org\/{rel}","templated":true}]}}