{"id":302311,"date":"2025-12-22T23:16:15","date_gmt":"2025-12-22T23:16:15","guid":{"rendered":"https:\/\/www.europesays.com\/es\/302311\/"},"modified":"2025-12-22T23:16:15","modified_gmt":"2025-12-22T23:16:15","slug":"el-procesado-gallardo-dimite-tras-obtener-el-peor-resultado-del-psoe-en-extremadura","status":"publish","type":"post","link":"https:\/\/www.europesays.com\/es\/302311\/","title":{"rendered":"El procesado Gallardo dimite tras obtener el peor resultado del PSOE en Extremadura"},"content":{"rendered":"<p class=\"paragraph\">El candidato socialista a las elecciones de Extremadura, <b>Miguel \u00c1ngel Gallardo<\/b>, ha presentado su dimisi\u00f3n como secretario general del PSOE regional tras la debacle electoral, seg\u00fan han confirmado fuentes socialistas. La decisi\u00f3n se ha tomado en el marco de la ejecutiva extreme\u00f1a, que ha forzado esta tarde la dimisi\u00f3n de su secretario general, tras los malos resultados obtenidos por los socialistas en las elecciones auton\u00f3micas en las que han cosechado el peor resultado de su historia. La dimisi\u00f3n derivar\u00e1 ahora en la conformaci\u00f3n de una <b>gestora<\/b> que dirigir\u00e1 el partido hasta la celebraci\u00f3n de un congreso extraordinario. La dimisi\u00f3n vino tras una petici\u00f3n desde Ferraz para que dejara el cargo, seg\u00fan fuentes del PSOE de Extremadura. El expresidente socialista <b>Juan Carlos Rodr\u00edguez Ibarra<\/b>, presente en la reuni\u00f3n, ha intervenido para pedir que el PSOE se abstenga y favorecer la investidura de Mar\u00eda Guardiola.<\/p>\n<p class=\"paragraph\">El expresidente y exl\u00edder del partido en la regi\u00f3n se ha referido a la <b>aritm\u00e9tica <\/b>que dejaron las elecciones ayer en la regi\u00f3n y ha propuesto que los votos del PSOE sirvan para que Guardiola no tenga que pactar con la formaci\u00f3n de Santiago Abascal.<\/p>\n<p class=\"paragraph\">Esta opci\u00f3n <b>no convenc\u00eda esta ma\u00f1ana en Ferraz<\/b>, pues los socialistas ya ofrecieron a Guardiola sus votos para aprobar los presupuestos y pese a ello, la presidenta popular decidi\u00f3 convocar elecciones anticipadas.<\/p>\n<p class=\"c-detail__media__subtitle composite_image\">\n<p>        El candidato socialista a la presidencia de la Junta de Extremadura Miguel \u00c1ngel GallardoEfe<\/p>\n<p class=\"paragraph\">Fuentes del partido han explicado que Gallardo ha presentado su renuncia como l\u00edder del PSOE extreme\u00f1o en la reuni\u00f3n de la Ejecutiva regional que \u00e9l mismo convoc\u00f3 anoche, tras conocer los resultados de las elecciones, una reuni\u00f3n que se prev\u00e9 larga y que est\u00e1 siendo \u00abdura\u00bb.<\/p>\n<p class=\"paragraph\">La portavoz de la Ejecutiva Federal del PSOE, <b>Montse M\u00ednguez<\/b>, ha tratado este lunes de imponer un cortafuegos para intentar mantener los efectos de la <b>severa derrota<\/b> circunscritos al \u00e1mbito regional, y que el <b>incendio no se extienda a Ferraz<\/b>. Para ello ha explicado la derrota en Extremadura en la <b>falta de movilizaci\u00f3n<\/b> de sus votantes, agravada por la <b>ausencia de elecciones municipales<\/b> y de una <b>\u00abcampa\u00f1a de ataques\u00bb<\/b> contra su candidato Miguel \u00c1ngel Gallardo.<\/p>\n<p>Justificar el desplome<\/p>\n<p class=\"paragraph\">En una rueda de prensa desde la sede de Ferraz, al d\u00eda siguiente de los comicios auton\u00f3micos en los que el PSOE perdi\u00f3 10 esca\u00f1os y se qued\u00f3 en el peor resultado hist\u00f3rico, los socialistas insisten en la falta de movilizaci\u00f3n de sus votantes como <b>motivo principal del desplome<\/b>.<\/p>\n<p class=\"paragraph\">As\u00ed, ha hecho hincapi\u00e9 en que por primera vez los extreme\u00f1os acudiesen a votar en las elecciones auton\u00f3micas, pero sin las municipales. \u00abHa habido mucha abstenci\u00f3n\u00bb, ha se\u00f1alado la portavoz que espera atraer de nuevo a esa parte del electorado.<\/p>\n","protected":false},"excerpt":{"rendered":"El candidato socialista a las elecciones de Extremadura, Miguel \u00c1ngel Gallardo, ha presentado su dimisi\u00f3n como secretario general&hellip;\n","protected":false},"author":2,"featured_media":302312,"comment_status":"","ping_status":"","sticky":false,"template":"","format":"standard","meta":{"footnotes":""},"categories":[5],"tags":[17,18,25,24,13,14,11,19,20,9,10,15,16,23,12,21,22],"class_list":{"0":"post-302311","1":"post","2":"type-post","3":"status-publish","4":"format-standard","5":"has-post-thumbnail","7":"category-titulares","8":"tag-breaking-news","9":"tag-breakingnews","10":"tag-es","11":"tag-espana","12":"tag-featured-news","13":"tag-featurednews","14":"tag-headlines","15":"tag-latest-news","16":"tag-latestnews","17":"tag-news","18":"tag-noticias","19":"tag-noticias-destacadas","20":"tag-noticiasdestacadas","21":"tag-spain","22":"tag-titulares","23":"tag-ultimas-noticias","24":"tag-ultimasnoticias"},"share_on_mastodon":{"url":"https:\/\/pubeurope.com\/@es\/115765771165345233","error":""},"_links":{"self":[{"href":"https:\/\/www.europesays.com\/es\/wp-json\/wp\/v2\/posts\/302311","targetHints":{"allow":["GET"]}}],"collection":[{"href":"https:\/\/www.europesays.com\/es\/wp-json\/wp\/v2\/posts"}],"about":[{"href":"https:\/\/www.europesays.com\/es\/wp-json\/wp\/v2\/types\/post"}],"author":[{"embeddable":true,"href":"https:\/\/www.europesays.com\/es\/wp-json\/wp\/v2\/users\/2"}],"replies":[{"embeddable":true,"href":"https:\/\/www.europesays.com\/es\/wp-json\/wp\/v2\/comments?post=302311"}],"version-history":[{"count":0,"href":"https:\/\/www.europesays.com\/es\/wp-json\/wp\/v2\/posts\/302311\/revisions"}],"wp:featuredmedia":[{"embeddable":true,"href":"https:\/\/www.europesays.com\/es\/wp-json\/wp\/v2\/media\/302312"}],"wp:attachment":[{"href":"https:\/\/www.europesays.com\/es\/wp-json\/wp\/v2\/media?parent=302311"}],"wp:term":[{"taxonomy":"category","embeddable":true,"href":"https:\/\/www.europesays.com\/es\/wp-json\/wp\/v2\/categories?post=302311"},{"taxonomy":"post_tag","embeddable":true,"href":"https:\/\/www.europesays.com\/es\/wp-json\/wp\/v2\/tags?post=302311"}],"curies":[{"name":"wp","href":"https:\/\/api.w.org\/{rel}","templated":true}]}}