{"id":302315,"date":"2025-12-22T23:22:10","date_gmt":"2025-12-22T23:22:10","guid":{"rendered":"https:\/\/www.europesays.com\/es\/302315\/"},"modified":"2025-12-22T23:22:10","modified_gmt":"2025-12-22T23:22:10","slug":"van-der-poel-vuelve-a-sufrir-otro-episodio-incivico-en-un-ciclocross-belga","status":"publish","type":"post","link":"https:\/\/www.europesays.com\/es\/302315\/","title":{"rendered":"Van der Poel vuelve a sufrir otro episodio inc\u00edvico en un ciclocross belga"},"content":{"rendered":"<blockquote class=\"quote-card lateral\">\n<p>Un nuevo altercado contra Van der Poel en ciclocross<\/p>\n<\/blockquote>\n<p>Mathieu van der Poel volvi\u00f3 a ser protagonista en el X2O Trofee de Hofstade, pero esta vez no solo <a href=\"https:\/\/esmtb.com\/van-der-poel-cumple-y-gana-en-hofstade-mientas-van-aert-da-un-paso-adelante\/\" target=\"_blank\" rel=\"noopener nofollow\">por su victoria deportiva<\/a>. El campe\u00f3n del mundo sufri\u00f3 un nuevo episodio de comportamiento inc\u00edvico por parte de un espectador, que le sopl\u00f3 humo de un vapeador a la cara en los metros finales de la carrera, cuando rodaba en solitario hacia el triunfo.<\/p>\n<p>El incidente se produjo en la \u00faltima vuelta de la prueba \u00e9lite masculina, justo en una de las zonas m\u00e1s concurridas del circuito. El aficionado se inclin\u00f3 sobre las vallas y lanz\u00f3 una nube de humo directamente al rostro del neerland\u00e9s, oblig\u00e1ndole a girar la cabeza para evitarlo.<\/p>\n<p>\t Contin\u00faa tras los patrocinadores<\/p>\n<blockquote class=\"quote-card lateral\">\n<p>El ciclocross belga vive entre el ambiente festivo y los excesos<\/p>\n<\/blockquote>\n<p>Tras cruzar la l\u00ednea de meta, Van der Poel rest\u00f3 importancia al episodio, aunque reconoci\u00f3 haberlo notado claramente. \u00abS\u00ed, lo not\u00e9. Fue justo despu\u00e9s de la llegada, \u00bfno? No s\u00e9 si fue intencionado, porque no lo vi\u00bb, explic\u00f3 en declaraciones a Sporza. No es la primera vez que el corredor de Alpecin-Deceuninck sufre este tipo de situaciones, tanto en ciclocross como en carretera, donde en el pasado ha sido objeto de escupitajos y lanzamiento de objetos.<\/p>\n<p>Este tipo de altercados se ha convertido, desgraciadamente, en algo habitual en el ciclocross belga. A\u00f1o tras a\u00f1o se repiten incidentes similares, hasta el punto de que en temporadas anteriores <a href=\"https:\/\/esmtb.com\/mas-policia-prohibir-el-alcohol-mas-distancia-con-los-corredores-medidas-sobre-la-mesa-para-acabar-con-los-problemas-con-el-publico\/\" target=\"_blank\" rel=\"noopener nofollow\">la polic\u00eda tuvo que intervenir<\/a> y reforzar la presencia en determinadas pruebas para evitar que la situaci\u00f3n fuera a m\u00e1s.<\/p>\n<blockquote class=\"quote-card lateral\">\n<p>En el pasado, corredores se han enfrentado a aficionados durante una carrera<\/p>\n<\/blockquote>\n<p>Para muchos aficionados, acudir a una carrera de ciclocross es tanto un evento social como deportivo. Los circuitos cuentan con numerosas zonas de venta de bebidas y el consumo de alcohol forma parte de los ingresos de los organizadores. En ese contexto, una minor\u00eda de espectadores, a menudo bajo los efectos del alcohol, protagoniza comportamientos que nada tienen que ver con el deporte.<\/p>\n<p>En B\u00e9lgica tambi\u00e9n existe una parte del p\u00fablico que no termina de aceptar el dominio de Van der Poel en una disciplina que muchos consideran propia. Esa mezcla de rivalidad, frustraci\u00f3n y alcohol ha derivado en acciones como la vivida en Hofstade, que recuerdan a otros episodios del pasado.<\/p>\n<blockquote class=\"quote-card lateral\">\n<p>La pol\u00e9mica no empa\u00f1a el pleno de victorias de Van der Poel<\/p>\n<\/blockquote>\n<p>No es un fen\u00f3meno nuevo. En \u00e9pocas anteriores, algunos corredores llegaron incluso a detenerse en plena carrera para recriminar directamente a los espectadores su comportamiento. El caso m\u00e1s recordado es el de Sven Nys, que en una de sus pruebas m\u00e1s emblem\u00e1ticas se encar\u00f3 con un aficionado tras recibir insultos mientras rodaba la carrera.<\/p>\n<p>En lo deportivo, el incidente no tuvo consecuencias. Van der Poel volvi\u00f3 a imponerse con autoridad tras abrir hueco en la tercera vuelta y ampliar la ventaja hasta meta, superando de nuevo a Wout van Aert. El neerland\u00e9s ha ganado todas las carreras de ciclocross que ha disputado esta temporada, con triunfos en Namur, Amberes, Koksijde y ahora Hofstade, reafirmando un dominio que, para bien o para mal, sigue generando reacciones fuera del circuito.<\/p>\n","protected":false},"excerpt":{"rendered":"Un nuevo altercado contra Van der Poel en ciclocross Mathieu van der Poel volvi\u00f3 a ser protagonista en&hellip;\n","protected":false},"author":2,"featured_media":302316,"comment_status":"","ping_status":"","sticky":false,"template":"","format":"standard","meta":{"footnotes":""},"categories":[273],"tags":[313,44324,312,168,25,24,7619,23,167],"class_list":{"0":"post-302315","1":"post","2":"type-post","3":"status-publish","4":"format-standard","5":"has-post-thumbnail","7":"category-ciclismo","8":"tag-ciclismo","9":"tag-ciclocross","10":"tag-cycling","11":"tag-deportes","12":"tag-es","13":"tag-espana","14":"tag-mathieu-van-der-poel","15":"tag-spain","16":"tag-sports"},"share_on_mastodon":{"url":"https:\/\/pubeurope.com\/@es\/115765794776117937","error":""},"_links":{"self":[{"href":"https:\/\/www.europesays.com\/es\/wp-json\/wp\/v2\/posts\/302315","targetHints":{"allow":["GET"]}}],"collection":[{"href":"https:\/\/www.europesays.com\/es\/wp-json\/wp\/v2\/posts"}],"about":[{"href":"https:\/\/www.europesays.com\/es\/wp-json\/wp\/v2\/types\/post"}],"author":[{"embeddable":true,"href":"https:\/\/www.europesays.com\/es\/wp-json\/wp\/v2\/users\/2"}],"replies":[{"embeddable":true,"href":"https:\/\/www.europesays.com\/es\/wp-json\/wp\/v2\/comments?post=302315"}],"version-history":[{"count":0,"href":"https:\/\/www.europesays.com\/es\/wp-json\/wp\/v2\/posts\/302315\/revisions"}],"wp:featuredmedia":[{"embeddable":true,"href":"https:\/\/www.europesays.com\/es\/wp-json\/wp\/v2\/media\/302316"}],"wp:attachment":[{"href":"https:\/\/www.europesays.com\/es\/wp-json\/wp\/v2\/media?parent=302315"}],"wp:term":[{"taxonomy":"category","embeddable":true,"href":"https:\/\/www.europesays.com\/es\/wp-json\/wp\/v2\/categories?post=302315"},{"taxonomy":"post_tag","embeddable":true,"href":"https:\/\/www.europesays.com\/es\/wp-json\/wp\/v2\/tags?post=302315"}],"curies":[{"name":"wp","href":"https:\/\/api.w.org\/{rel}","templated":true}]}}