{"id":302331,"date":"2025-12-22T23:32:08","date_gmt":"2025-12-22T23:32:08","guid":{"rendered":"https:\/\/www.europesays.com\/es\/302331\/"},"modified":"2025-12-22T23:32:08","modified_gmt":"2025-12-22T23:32:08","slug":"rafinha-alcantara-se-retira-del-futbol-a-sus-32-anos-por-culpa-de-una-grave-lesion","status":"publish","type":"post","link":"https:\/\/www.europesays.com\/es\/302331\/","title":{"rendered":"Rafinha Alc\u00e1ntara se retira del f\u00fatbol a sus 32 a\u00f1os por culpa de una grave lesi\u00f3n"},"content":{"rendered":"<p class=\"c-paragraph\"><b>Rafinha Alc\u00e1ntara dice adi\u00f3s al f\u00fatbol<\/b>. El ya exjugador, que pas\u00f3 por <a href=\"https:\/\/www.20minutos.es\/tags\/deportes\/fc-barcelona.html\" title=\"FC Barcelona\" rel=\"nofollow noopener\" target=\"_blank\">FC Barcelona<\/a>, Celta y Real Sociedad, entre otros, anunci\u00f3 este lunes a trav\u00e9s de sus redes sociales que <b>cuelga las botas a los 32 a\u00f1os por culpa de una grave lesi\u00f3n de rodilla <\/b>que sufri\u00f3 el a\u00f1o pasado.\u00a0<\/p>\n<p class=\"c-paragraph\">\u00abHe tomado la decisi\u00f3n de retirarme. Despu\u00e9s de un tiempo alejado de los campos y<b> tras una larga recuperaci\u00f3n<\/b>, ha llegado el momento de hacer p\u00fablico algo importante para m\u00ed\u00bb, anunci\u00f3 Rafinha en el documento.\u00a0El hispano-brasile\u00f1o<b> llevaba m\u00e1s de un a\u00f1o sin poder jugar <\/b>debido a una lesi\u00f3n grave, estaba sin equipo y su \u00faltimo club fue el Al-Arabi SC, de Catar, al que lleg\u00f3 en 2022.<\/p>\n<p class=\"c-paragraph\">\u00abHace algo m\u00e1s de un a\u00f1o, sufr\u00ed una <b>lesi\u00f3n de rodilla que, por desgracia, me impide volver a competir al m\u00e1s alto nivel<\/b>. Fue duro aceptar que no pod\u00eda seguir\u00bb, continu\u00f3 Rafinha, cuya retirada que llega un a\u00f1o y medio despu\u00e9s de que su hermano, Thiago (34 a\u00f1os), colgara las botas.<\/p>\n<p class=\"c-paragraph\">\u00abEl f\u00fatbol ha sido mi vida desde que tengo memoria, y <b>entender que ya no podr\u00eda dedicarme a ello como siempre lo hice fue un proceso duro<\/b>. Pero con el tiempo, tambi\u00e9n he podido ver lo bonito que ha sido el viaje\u00bb, valora.<\/p>\n<p class=\"c-paragraph\">El menor de los Alc\u00e1ntara jug\u00f3 en el <b>FC Barcelona, Celta de Vigo, Inter de Mil\u00e1n, Paris Saint-Germain, Real Sociedad, Al-Arabi S.C<\/b>, y disput\u00f3 2 partidos con la selecci\u00f3n brasile\u00f1a absoluta.<\/p>\n<p class=\"c-paragraph\">\u00abGracias a mi familia por estar ah\u00ed siempre, a todos por el cari\u00f1o y el apoyo. <b>Gracias, f\u00fatbol, por hacerme quien soy. Hasta siempre<\/b>\u00ab, finaliz\u00f3 el emotivo v\u00eddeo de Rafinha, que gan\u00f3 una Liga de Campeones, tres Ligas espa\u00f1olas, una liga francesa, una Supercopa de Europa, dos Supercopas de Espa\u00f1a, cinco Copas del Rey, una Copa de Francia, un oro ol\u00edmpico y una Copa de Catar.<\/p>\n","protected":false},"excerpt":{"rendered":"Rafinha Alc\u00e1ntara dice adi\u00f3s al f\u00fatbol. El ya exjugador, que pas\u00f3 por FC Barcelona, Celta y Real Sociedad,&hellip;\n","protected":false},"author":2,"featured_media":302332,"comment_status":"","ping_status":"","sticky":false,"template":"","format":"standard","meta":{"footnotes":""},"categories":[93],"tags":[168,25,24,881,282,8252,45622,5775,23,167],"class_list":{"0":"post-302331","1":"post","2":"type-post","3":"status-publish","4":"format-standard","5":"has-post-thumbnail","7":"category-deportes","8":"tag-deportes","9":"tag-es","10":"tag-espana","11":"tag-fc-barcelona","12":"tag-futbol","13":"tag-lesion","14":"tag-rafinha-alcantara","15":"tag-retiro","16":"tag-spain","17":"tag-sports"},"share_on_mastodon":{"url":"https:\/\/pubeurope.com\/@es\/115765834248205903","error":""},"_links":{"self":[{"href":"https:\/\/www.europesays.com\/es\/wp-json\/wp\/v2\/posts\/302331","targetHints":{"allow":["GET"]}}],"collection":[{"href":"https:\/\/www.europesays.com\/es\/wp-json\/wp\/v2\/posts"}],"about":[{"href":"https:\/\/www.europesays.com\/es\/wp-json\/wp\/v2\/types\/post"}],"author":[{"embeddable":true,"href":"https:\/\/www.europesays.com\/es\/wp-json\/wp\/v2\/users\/2"}],"replies":[{"embeddable":true,"href":"https:\/\/www.europesays.com\/es\/wp-json\/wp\/v2\/comments?post=302331"}],"version-history":[{"count":0,"href":"https:\/\/www.europesays.com\/es\/wp-json\/wp\/v2\/posts\/302331\/revisions"}],"wp:featuredmedia":[{"embeddable":true,"href":"https:\/\/www.europesays.com\/es\/wp-json\/wp\/v2\/media\/302332"}],"wp:attachment":[{"href":"https:\/\/www.europesays.com\/es\/wp-json\/wp\/v2\/media?parent=302331"}],"wp:term":[{"taxonomy":"category","embeddable":true,"href":"https:\/\/www.europesays.com\/es\/wp-json\/wp\/v2\/categories?post=302331"},{"taxonomy":"post_tag","embeddable":true,"href":"https:\/\/www.europesays.com\/es\/wp-json\/wp\/v2\/tags?post=302331"}],"curies":[{"name":"wp","href":"https:\/\/api.w.org\/{rel}","templated":true}]}}