{"id":302356,"date":"2025-12-22T23:53:13","date_gmt":"2025-12-22T23:53:13","guid":{"rendered":"https:\/\/www.europesays.com\/es\/302356\/"},"modified":"2025-12-22T23:53:13","modified_gmt":"2025-12-22T23:53:13","slug":"brian-wilson-y-la-cancion-de-los-beach-boys-con-un-bajo-perfecto","status":"publish","type":"post","link":"https:\/\/www.europesays.com\/es\/302356\/","title":{"rendered":"Brian Wilson y la canci\u00f3n de los Beach Boys con un bajo \u00abperfecto\u00bb"},"content":{"rendered":"<p><strong>Brian Wilson<\/strong> pas\u00f3 a mejor vida como uno de los compositores m\u00e1s detallistas y obsesivos del pop moderno, algo que se puede apreciar a lo largo y ancho de su amplia discograf\u00eda. M\u00e1s all\u00e1 de las armon\u00edas vocales que definieron gran parte del sonido de <a href=\"https:\/\/indiehoy.com\/historias\/beach-boys-cancion-brian-wilson-llamo-obra-maestra-y-la-banda-rechazo\/\" target=\"_blank\" rel=\"noreferrer noopener nofollow\"><strong>The<\/strong> <strong>Beach<\/strong> <strong>Boys<\/strong><\/a>, el nacido en Inglewood, California, tambi\u00e9n prestaba extrema atenci\u00f3n a los instrumentos que, incluso para muchos mel\u00f3manos, pueden pasar desapercibidos. Para Wilson, cada parte que se sumaba a una pista ten\u00eda que contribuir a la armon\u00eda general de la misma, incluso las que se ubican por detr\u00e1s de otros instrumentos como es el caso del bajo.<\/p>\n<p>Un gran ejemplo de lo comentado anteriormente es \u201c<strong>Good Vibrations<\/strong>\u201d, el single que <a href=\"https:\/\/indiehoy.com\/historias\/la-cancion-que-brian-wilson-llamo-musica-artistica\/\" target=\"_blank\" rel=\"noreferrer noopener nofollow\">Wilson<\/a> y compa\u00f1\u00eda publicaron el 10 de octubre 1966. En este track, <strong>el conjunto californiano prest\u00f3 singular atenci\u00f3n al bajo<\/strong> y el resultado final no solo convenci\u00f3 a Brian, sino que este lleg\u00f3 a mencionar que <strong>el sonido de la canci\u00f3n \u201cera perfecto\u201d<\/strong>. \u201cEso me lo ense\u00f1\u00f3 Phil Spector\u201d, agreg\u00f3 el cantautor norteamericano, d\u00e1ndole cr\u00e9dito a quien en su momento llam\u00f3 \u201cel productor m\u00e1s influyente\u201d y con el que colabor\u00f3 en reiteradas oportunidades.<\/p>\n<p><img loading=\"lazy\" decoding=\"async\" width=\"1200\" height=\"800\" src=\"https:\/\/www.europesays.com\/es\/wp-content\/uploads\/2025\/12\/beach-boys.jpg\" alt=\"La mejor canci\u00f3n de The Beach Boys seg\u00fan Mike Love: &quot;La m\u00e1s vanguardista de su \u00e9poca&quot;\" class=\"wp-image-807719\"  \/><\/p>\n<p>Por su parte, la aclamada y prol\u00edfica bajista, <strong>Carol<\/strong> <strong>Kaye<\/strong>, quien fue parte de la grabaci\u00f3n del tema, tambi\u00e9n opin\u00f3 sobre el sonido de las cuatro cuerdas en \u201cGood Vibrations\u201d y asegur\u00f3 que esos acordes le daban un peso extra. \u201c\u00c9l no pensaba en el bajo como yo lo har\u00eda como bajista: &#8216;Intento encajar algo en la melod\u00eda; voy a ir a la t\u00f3nica&#8217;. As\u00ed que muchas veces no iba a la t\u00f3nica. Iba a la quinta\u201d. \u201cGood Vibrations\u201d se convirti\u00f3 en uno de los mayores \u00e9xitos de los Beach Boys y dio mucho que hablar a lo largo de los a\u00f1os. De hecho, <strong>Mike<\/strong> <strong>Love<\/strong> <a href=\"https:\/\/indiehoy.com\/historias\/la-mejor-cancion-de-the-beach-boys-segun-mike-love-la-mas-vanguardista-de-su-epoca\/\" target=\"_blank\" rel=\"noreferrer noopener nofollow\">la destac\u00f3 como una de sus pistas favoritas<\/a>.<\/p>\n<p>Sobre su origen, Love dijo: \u00abSe me ocurri\u00f3: &#8216;Siento buenas vibraciones\/Ella me da energ\u00eda&#8217;. La escrib\u00ed de camino al estudio, se la di a Brian [Wilson], \u00e9l se la dio a [su hermano] Carl y este hizo un trabajo incre\u00edble cant\u00e1ndola. Probablemente sea la canci\u00f3n m\u00e1s vanguardista de su \u00e9poca desde nuestro punto de vista. Simplemente intentaba escribir una letra que conectara con la \u00e9poca y la mentalidad de lo que suced\u00eda en los a\u00f1os 60. [&#8230;] La considero una de los mejores\u201d.<\/p>\n","protected":false},"excerpt":{"rendered":"Brian Wilson pas\u00f3 a mejor vida como uno de los compositores m\u00e1s detallistas y obsesivos del pop moderno,&hellip;\n","protected":false},"author":2,"featured_media":302357,"comment_status":"","ping_status":"","sticky":false,"template":"","format":"standard","meta":{"footnotes":""},"categories":[170],"tags":[146,147,25,24,184,185,23,23364],"class_list":{"0":"post-302356","1":"post","2":"type-post","3":"status-publish","4":"format-standard","5":"has-post-thumbnail","7":"category-musica","8":"tag-entertainment","9":"tag-entretenimiento","10":"tag-es","11":"tag-espana","12":"tag-music","13":"tag-musica","14":"tag-spain","15":"tag-the-beach-boys"},"share_on_mastodon":{"url":"https:\/\/pubeurope.com\/@es\/115765917319528270","error":""},"_links":{"self":[{"href":"https:\/\/www.europesays.com\/es\/wp-json\/wp\/v2\/posts\/302356","targetHints":{"allow":["GET"]}}],"collection":[{"href":"https:\/\/www.europesays.com\/es\/wp-json\/wp\/v2\/posts"}],"about":[{"href":"https:\/\/www.europesays.com\/es\/wp-json\/wp\/v2\/types\/post"}],"author":[{"embeddable":true,"href":"https:\/\/www.europesays.com\/es\/wp-json\/wp\/v2\/users\/2"}],"replies":[{"embeddable":true,"href":"https:\/\/www.europesays.com\/es\/wp-json\/wp\/v2\/comments?post=302356"}],"version-history":[{"count":0,"href":"https:\/\/www.europesays.com\/es\/wp-json\/wp\/v2\/posts\/302356\/revisions"}],"wp:featuredmedia":[{"embeddable":true,"href":"https:\/\/www.europesays.com\/es\/wp-json\/wp\/v2\/media\/302357"}],"wp:attachment":[{"href":"https:\/\/www.europesays.com\/es\/wp-json\/wp\/v2\/media?parent=302356"}],"wp:term":[{"taxonomy":"category","embeddable":true,"href":"https:\/\/www.europesays.com\/es\/wp-json\/wp\/v2\/categories?post=302356"},{"taxonomy":"post_tag","embeddable":true,"href":"https:\/\/www.europesays.com\/es\/wp-json\/wp\/v2\/tags?post=302356"}],"curies":[{"name":"wp","href":"https:\/\/api.w.org\/{rel}","templated":true}]}}