{"id":302366,"date":"2025-12-22T23:58:13","date_gmt":"2025-12-22T23:58:13","guid":{"rendered":"https:\/\/www.europesays.com\/es\/302366\/"},"modified":"2025-12-22T23:58:13","modified_gmt":"2025-12-22T23:58:13","slug":"este-movil-sorprende-por-costar-tan-poco-y-ofrecer-un-rendimiento-casi-de-gama-alta-no-cuesta-ni-250-euros","status":"publish","type":"post","link":"https:\/\/www.europesays.com\/es\/302366\/","title":{"rendered":"Este m\u00f3vil sorprende por costar tan poco y ofrecer un rendimiento casi de gama alta (no cuesta ni 250 euros)"},"content":{"rendered":"<p>Si un a\u00f1o m\u00e1s te has quedado en blanco con la loter\u00eda y est\u00e1s pensando en cambiar de tel\u00e9fono, no te preocupes: no te hace falta un terminal de gama alta para disfrutar de un buen rendimiento. Existen opciones muy atractivas y m\u00e1s accesibles para cualquier bolsillo, como el <b>POCO F7<\/b>, sobre todo ahora que est\u00e1 <b>a precio de liquidaci\u00f3n<\/b>, pero solo para los m\u00e1s r\u00e1pidos.<\/p>\n<p>A pesar de tener un precio recomendado de 449,99 euros, este m\u00f3vil de la marca <b>POCO<\/b> tiene en estos momentos una gran rebaja que lo deja por apenas unos <a title=\"273,60 euros en AliExpress\" href=\"https:\/\/www.awin1.com\/cread.php?awinmid=11640&amp;awinaffid=544659&amp;clickref=lr-tech-Oferta+POCO+F7-Roberto+M%c3%a9ndez-22-12-2025&amp;clickref2=https:\/\/es.aliexpress.com\/item\/1005009346358642.html&amp;clickref3=Oferta+POCO+F7&amp;clickref4=Roberto+M%c3%a9ndez&amp;p=https:\/\/es.aliexpress.com\/item\/1005009346358642.html\" rel=\"nofollow,sponsored noopener\" target=\"_blank\">273,60 euros en AliExpress<\/a>. De todas formas, si te das prisa y <b>aplicas el cup\u00f3n &#8216;BDES25&#8217; durante el proceso de compra<\/b>, se quedar\u00e1 por un precio final de <a title=\"248,60 euros\" href=\"https:\/\/www.awin1.com\/cread.php?awinmid=11640&amp;awinaffid=544659&amp;clickref=lr-tech-Oferta+POCO+F7-Roberto+M%c3%a9ndez-22-12-2025&amp;clickref2=https:\/\/es.aliexpress.com\/item\/1005009346358642.html&amp;clickref3=Oferta+POCO+F7&amp;clickref4=Roberto+M%c3%a9ndez&amp;p=https:\/\/es.aliexpress.com\/item\/1005009346358642.html\" rel=\"nofollow,sponsored noopener\" target=\"_blank\">248,60 euros<\/a>.<\/p>\n<p>Y no hay dudas de que es la mejor opci\u00f3n ahora mismo, ya que en otros comercios como <a title=\"Amazon\" href=\"https:\/\/www.amazon.es\/dp\/B08NCQXZ8C\/?tag=lr-tecnologia-21\" rel=\"nofollow,sponsored noopener\" target=\"_blank\">Amazon<\/a> o la propia <a title=\"tienda oficial de Xiaomi\" href=\"https:\/\/www.awin1.com\/cread.php?awinmid=23677&amp;awinaffid=544659&amp;clickref=lr-tech-Oferta+POCO+F7-Roberto+M%c3%a9ndez-22-12-2025&amp;clickref2=https:\/\/www.mi.com\/es\/product\/poco-f7\/&amp;clickref3=Oferta+POCO+F7&amp;clickref4=Roberto+M%c3%a9ndez&amp;p=https:\/\/www.mi.com\/es\/product\/poco-f7\/\" rel=\"nofollow,sponsored noopener\" target=\"_blank\">tienda oficial de Xiaomi<\/a> se est\u00e1 vendiendo por unos 329,99 euros.<\/p>\n<p>Compra el POCO F7 tirado de precio por tiempo limitado<img decoding=\"async\" loading=\"lazy\" src=\"https:\/\/www.europesays.com\/es\/wp-content\/uploads\/2025\/12\/poco_58.jpg\" alt=\"POCO F7 5G\" width=\"1000\" height=\"567\"\/><b>POCO F7 5G<\/b>Xiaomi<\/p>\n<p>El <a title=\"POCO F7\" href=\"https:\/\/andro4all.com\/poco\/poco-f7-analisis-opinion-comprar\" rel=\"nofollow,sponsored noopener\" target=\"_blank\">POCO F7<\/a> es de esos m\u00f3viles que nos hace replantearnos si realmente merece la pena pagar el doble o incluso m\u00e1s por algunos modelos de gama alta. Cuenta con un dise\u00f1o que se siente s\u00f3lido en las manos al combinar un<b> marco met\u00e1lico<\/b> con una <b>trasera de vidrio en dos tonos<\/b>, aunque lo realmente llamativo es su m\u00f3dulo de c\u00e1mara en forma de c\u00e1psula, el cual sobresale ligeramente del chasis y a\u00f1ade un efecto que nunca hab\u00edamos visto en otro terminal.<\/p>\n<p>Basta con encenderlo para darse cuenta por qu\u00e9 su pantalla es otro de sus puntos fuertes. Monta un <b>panel AMOLED de 6,83 pulgadas<\/b> que no solo crece en tama\u00f1o con respecto a la anterior generaci\u00f3n, sino que tambi\u00e9n nos ofrece una resoluci\u00f3n de 2.772 x 1.289 p\u00edxeles, una <a title=\"tasa de refresco de 120 Hz\" href=\"https:\/\/www.larazon.es\/compras\/moviles-mayor-tasa-refresco-mercado-3v3r_20250107677ce82caf21750001487857.html\" target=\"_blank\" rel=\"nofollow noopener\">tasa de refresco de 120 Hz<\/a> y un <a title=\"brillo m\u00e1ximo de 3.200 nits\" href=\"https:\/\/www.larazon.es\/compras\/moviles-mas-nivel-brillo-que-existen-actualmente-mercado-3v3r_20250121678f80c747e9a00001e06f88.html\" target=\"_blank\" rel=\"nofollow noopener\">brillo m\u00e1ximo de 3.200 nits<\/a>. Sin dejar de lado que es compatible con Dolby Vision y est\u00e1 protegida con Gorilla Glass 7i.<\/p>\n<p>Otro de los apartados que en lo personal m\u00e1s me gusta es su autonom\u00eda. Viene con una <b>bater\u00eda de 6.500 mAh que es capaz de aguantar m\u00e1s de dos d\u00edas de uso<\/b>, evitando as\u00ed la man\u00eda que tenemos la mayor\u00eda de estar mirando constantemente el porcentaje de bater\u00eda que nos queda, y admite una <b>carga r\u00e1pida de 90 W<\/b> para volverlo a tener de nuevo al 100% en bastante menos de una hora.<\/p>\n<p>Si hablamos de potencia, este m\u00f3vil nos garantiza un rendimiento muy superior a lo esperado al traer instalado un <b>procesador Snapdragon 8s Gen 4<\/b> que para la gran mayor\u00eda es suficiente, ya que responde y mueve cualquier aplicaci\u00f3n con una gran soltura. Y en esta versi\u00f3n se acompa\u00f1a de una memoria <b>RAM de 12 GB<\/b> y un<b> almacenamiento de 256 GB<\/b>.<\/p>\n<p>Es cierto que en el apartado de fotograf\u00eda es quiz\u00e1s donde nos deja con ganas de un poco m\u00e1s. Pero seamos sinceros, por el precio que tiene, cumple las expectativas. Su doble c\u00e1mara trasera est\u00e1 compuesta por un<b> sensor principal de 50 MP<\/b> y un <b>gran angular de 8 MP<\/b>, siendo el primero el m\u00e1s completo de todos para hacer fotos muy detalladas y hasta grabar v\u00eddeos en 4K, al igual que con su <b>c\u00e1mara frontal de 20 MP<\/b>. Sin lugar a dudas, un m\u00f3vil muy equilibrado y casi imposible de superar por menos de 300 euros.<\/p>\n<p>Este art\u00edculo est\u00e1 pensado para ayudarte a descubrir productos de tu inter\u00e9s o para que tomes una mejor decisi\u00f3n de compra. Algunos de los enlaces que incluye son de afiliados, por lo que si realizas una compra a trav\u00e9s de ellos La Raz\u00f3n podr\u00eda recibir una peque\u00f1a comisi\u00f3n. Este hecho no influye en nuestras recomendaciones ni en el precio que pagas por el producto.<\/p>\n","protected":false},"excerpt":{"rendered":"Si un a\u00f1o m\u00e1s te has quedado en blanco con la loter\u00eda y est\u00e1s pensando en cambiar de&hellip;\n","protected":false},"author":2,"featured_media":302367,"comment_status":"","ping_status":"","sticky":false,"template":"","format":"standard","meta":{"footnotes":""},"categories":[81],"tags":[119,123,124,25,24,117,121,122,23,118,120],"class_list":{"0":"post-302366","1":"post","2":"type-post","3":"status-publish","4":"format-standard","5":"has-post-thumbnail","7":"category-ciencia-y-tecnologia","8":"tag-ciencia","9":"tag-ciencia-y-tecnologia","10":"tag-cienciaytecnologia","11":"tag-es","12":"tag-espana","13":"tag-science","14":"tag-science-and-technology","15":"tag-scienceandtechnology","16":"tag-spain","17":"tag-technology","18":"tag-tecnologia"},"share_on_mastodon":{"url":"https:\/\/pubeurope.com\/@es\/115765936397855350","error":""},"_links":{"self":[{"href":"https:\/\/www.europesays.com\/es\/wp-json\/wp\/v2\/posts\/302366","targetHints":{"allow":["GET"]}}],"collection":[{"href":"https:\/\/www.europesays.com\/es\/wp-json\/wp\/v2\/posts"}],"about":[{"href":"https:\/\/www.europesays.com\/es\/wp-json\/wp\/v2\/types\/post"}],"author":[{"embeddable":true,"href":"https:\/\/www.europesays.com\/es\/wp-json\/wp\/v2\/users\/2"}],"replies":[{"embeddable":true,"href":"https:\/\/www.europesays.com\/es\/wp-json\/wp\/v2\/comments?post=302366"}],"version-history":[{"count":0,"href":"https:\/\/www.europesays.com\/es\/wp-json\/wp\/v2\/posts\/302366\/revisions"}],"wp:featuredmedia":[{"embeddable":true,"href":"https:\/\/www.europesays.com\/es\/wp-json\/wp\/v2\/media\/302367"}],"wp:attachment":[{"href":"https:\/\/www.europesays.com\/es\/wp-json\/wp\/v2\/media?parent=302366"}],"wp:term":[{"taxonomy":"category","embeddable":true,"href":"https:\/\/www.europesays.com\/es\/wp-json\/wp\/v2\/categories?post=302366"},{"taxonomy":"post_tag","embeddable":true,"href":"https:\/\/www.europesays.com\/es\/wp-json\/wp\/v2\/tags?post=302366"}],"curies":[{"name":"wp","href":"https:\/\/api.w.org\/{rel}","templated":true}]}}